{"id":194684,"date":"2019-08-22T14:16:33","date_gmt":"2019-08-22T11:16:33","guid":{"rendered":"http:\/\/www.tvturk.com\/index.php\/nobel-odullu-sancardan-abddeki-turk-evine-bursa-imzasi\/"},"modified":"2019-08-22T14:16:33","modified_gmt":"2019-08-22T11:16:33","slug":"nobel-odullu-sancardan-abddeki-turk-evine-bursa-imzasi","status":"publish","type":"post","link":"http:\/\/www.tvturk.com\/index.php\/nobel-odullu-sancardan-abddeki-turk-evine-bursa-imzasi\/","title":{"rendered":"Nobel \u00f6d\u00fcll\u00fc Sancar\u2019dan ABD\u2019deki T\u00fcrk Evi\u2019ne Bursa imzas\u0131"},"content":{"rendered":"<p>Nobel \u00f6d\u00fcll\u00fc Prof. Dr. Aziz Sancar\u2019\u0131n ABD\u2019ye giden T\u00fcrkler i\u00e7in hayata ge\u00e7irmeyi planlad\u0131\u011f\u0131 T\u00fcrk Evi\u2019ne Bursa Ticaret ve Sanayi Odas\u0131 (BTSO) da katk\u0131 sa\u011flayacak. Bursal\u0131 firmalar, 9 d\u00f6n\u00fcm arazi i\u00e7erisinde yakla\u015f\u0131k bin 400 metrekarelik kapal\u0131 alanA in\u015fa edilen T\u00fcrk Evi\u2019nin mobilya, dekorasyon ve ev tekstil malzemelerini temin edecek.<\/p>\n<p>2015 y\u0131l\u0131nda kimya dal\u0131nda ald\u0131\u011f\u0131 nobel \u00f6d\u00fcl\u00fcyle T\u00fcrkiye\u2019ye b\u00fcy\u00fck sevin\u00e7 ya\u015fatan Prof. Dr. Aziz Sancar, T\u00fcrkiye\u2019nin ABD\u2019de daha g\u00fc\u00e7l\u00fc bir \u015fekilde tan\u0131t\u0131lmas\u0131na katk\u0131 sa\u011flamak ve \u00fclkeye giden T\u00fcrk \u00f6\u011frencilere destek vermek maksad\u0131yla T\u00fcrk Evi in\u015f\u00e2 ediyor. Kuzey Carolina\u2019da hayata ge\u00e7irilen T\u00fcrk Evi, 9 d\u00f6n\u00fcml\u00fck arazi i\u00e7inde master ve doktora \u00f6\u011frencileri i\u00e7in misafirh\u00e2ne, T\u00fcrk derneklerinin kullan\u0131m\u0131na sunulacak ofisler ve Aziz&amp;Gwen Sancar Vakf\u0131\u2019na katk\u0131 sa\u011flamak maksad\u0131yla sosyal alanlardan olu\u015facak.<\/p>\n<p>Prof. Dr. Aziz Sancar\u2019\u0131n e\u015fi ve ayn\u0131 zamanda Aziz&amp;Gwen Sancar Vakf\u0131\u2019n\u0131n kurucusu Gwen Sancar, proje hakk\u0131nda bilgi vermek i\u00e7in BTSO\u2019yu ziyaret etti. 2008 y\u0131l\u0131nda kendi birikimleriyle a\u00e7t\u0131klar\u0131 260 metrekarelik T\u00fcrk Evi\u2019nde s\u0131n\u0131rl\u0131 imkanlarla faydal\u0131 i\u015fler yapmaya \u00e7al\u0131\u015ft\u0131klar\u0131n\u0131 belirten Gwen Sancar, i\u015f d\u00fcnyas\u0131n\u0131n destekleriyle i\u00e7erisinde misafirh\u00e2ne, k\u00fct\u00fcphane, konferans ve sinema salonlar\u0131n\u0131n bulundu\u011fu yeni ve daha geni\u015f bir T\u00fcrk Evi in\u015f\u00e2 ettiklerini s\u00f6yledi. Sancar, \u201cBizim i\u00e7in \u00f6nemli ve zorlu bir s\u00fcre\u00e7te \u0130brahim Burkay\u2019\u0131n devreye girerek Bursa i\u015f d\u00fcnyas\u0131n\u0131 harekete ge\u00e7irmesi ve T\u00fcrk Evi Projesi\u2019ne destek sunmas\u0131n\u0131 anlaml\u0131 buluyorum. T\u00fcrk k\u00fclt\u00fcr\u00fcn\u00fcn tan\u0131t\u0131m\u0131na da katk\u0131 sa\u011flayan projeye destek veren b\u00fct\u00fcn i\u015f d\u00fcnyas\u0131 temsilcilerine te\u015fekk\u00fcr ediyorum\u201d dedi.<\/p>\n<p>BTSO Y\u00f6netim Kurulu Ba\u015fkan\u0131 \u0130brahim Burkay, Prof. Dr. Aziz Sancar\u2019\u0131n Anadolu topraklar\u0131n\u0131n yeti\u015ftirdi\u011fi bir de\u011fer olarak T\u00fcrk insan\u0131na b\u00fcy\u00fck gurur ya\u015fatt\u0131\u011f\u0131n\u0131 s\u00f6yledi. Ba\u015far\u0131s\u0131n\u0131 nobel \u00f6d\u00fcl\u00fc ile ta\u00e7land\u0131ran Sancar\u2019\u0131n bilim insanlar\u0131 i\u00e7in de ilham kayna\u011f\u0131 oldu\u011funu belirten \u0130brahim Burkay, \u201c\u00dclkemizin d\u00fcnyan\u0131n en \u00f6nemli ekonomilerinden biri olan ABD\u2019de de etkin ve g\u00fc\u00e7l\u00fc bir tan\u0131t\u0131ma ihtiyac\u0131 var. Bununla birlikte yeni ufuklara yelken a\u00e7an master ve doktora \u00f6\u011frencilerimize rehberlik edecek bir yap\u0131 haz\u0131rlan\u0131yor. Ta\u015f\u0131d\u0131\u011f\u0131 hassasiyet i\u00e7in Say\u0131n Sancar\u2019\u0131 tebrik ediyorum\u201d diye konu\u015ftu.<\/p>\n<p>T\u00fcrk Evi\u2019nde tekstil sekt\u00f6r\u00fcn\u00fcn ba\u015fkenti Bursa\u2019n\u0131n \u00fcr\u00fcn kalitesi, moda ve zerafetini yans\u0131tan en g\u00fczel \u00f6rnekleri kullan\u0131ma sunacaklar\u0131n\u0131 belirten Ba\u015fkan Burkay, \u201cBa\u015fta tekstil ve \u0130neg\u00f6l mobilyam\u0131z olmak \u00fczere Bursa\u2019m\u0131z\u0131n d\u00fcnyaya ihra\u00e7 etti\u011fi \u00fcr\u00fcnler T\u00fcrk Evi\u2019ne farkl\u0131 bir de\u011fer katacak. Bursa i\u015f d\u00fcnyas\u0131, odam\u0131z\u0131n koordinat\u00f6rl\u00fc\u011f\u00fcnde T\u00fcrk Evi Projesi\u2019ne gereken katk\u0131y\u0131 sa\u011flayacak\u201d ifadelerini kulland\u0131.<\/p>\n","protected":false},"excerpt":{"rendered":"<p>NOBEL \u00d6D\u00dcLL\u00dc PROF. DR. AZ\u0130Z SANCAR\u2019IN ABD\u2019YE G\u0130DEN T\u00dcRKLER \u0130\u00c7\u0130N HAYATA GE\u00c7\u0130RMEY\u0130 PLANLADI\u011eI T\u00dcRK EV\u0130\u2019NE BURSA T\u0130CARET VE SANAY\u0130 ODASI (BTSO) DA KATKI SA\u011eLAYACAK.<\/p>\n","protected":false},"author":1,"featured_media":194685,"comment_status":"closed","ping_status":"open","sticky":false,"template":"","format":"standard","meta":{"jetpack_post_was_ever_published":false,"_jetpack_newsletter_access":"","_jetpack_dont_email_post_to_subs":false,"_jetpack_newsletter_tier_id":0,"_jetpack_memberships_contains_paywalled_content":false,"_jetpack_memberships_contains_paid_content":false,"footnotes":"","jetpack_publicize_message":"","jetpack_publicize_feature_enabled":true,"jetpack_social_post_already_shared":true,"jetpack_social_options":{"image_generator_settings":{"template":"highway","default_image_id":0,"font":"","enabled":false},"version":2}},"categories":[1],"tags":[29753,4479,2558,2231,48854,5777,48855,957],"class_list":["post-194684","post","type-post","status-publish","format-standard","has-post-thumbnail","hentry","category-genel","tag-abddeki","tag-bursa","tag-evine","tag-imzasi","tag-nobel","tag-odullu","tag-sancardan","tag-turk"],"jetpack_publicize_connections":[],"jetpack_featured_media_url":"https:\/\/i0.wp.com\/www.tvturk.com\/wp-content\/uploads\/2019\/08\/nobel-odullu-sancardan-abddeki-turk-evine-bursa-imzasi_e393c77.jpg?fit=1000%2C496","jetpack_sharing_enabled":true,"jetpack_shortlink":"https:\/\/wp.me\/paKIfm-OE4","_links":{"self":[{"href":"http:\/\/www.tvturk.com\/index.php\/wp-json\/wp\/v2\/posts\/194684","targetHints":{"allow":["GET"]}}],"collection":[{"href":"http:\/\/www.tvturk.com\/index.php\/wp-json\/wp\/v2\/posts"}],"about":[{"href":"http:\/\/www.tvturk.com\/index.php\/wp-json\/wp\/v2\/types\/post"}],"author":[{"embeddable":true,"href":"http:\/\/www.tvturk.com\/index.php\/wp-json\/wp\/v2\/users\/1"}],"replies":[{"embeddable":true,"href":"http:\/\/www.tvturk.com\/index.php\/wp-json\/wp\/v2\/comments?post=194684"}],"version-history":[{"count":0,"href":"http:\/\/www.tvturk.com\/index.php\/wp-json\/wp\/v2\/posts\/194684\/revisions"}],"wp:featuredmedia":[{"embeddable":true,"href":"http:\/\/www.tvturk.com\/index.php\/wp-json\/wp\/v2\/media\/194685"}],"wp:attachment":[{"href":"http:\/\/www.tvturk.com\/index.php\/wp-json\/wp\/v2\/media?parent=194684"}],"wp:term":[{"taxonomy":"category","embeddable":true,"href":"http:\/\/www.tvturk.com\/index.php\/wp-json\/wp\/v2\/categories?post=194684"},{"taxonomy":"post_tag","embeddable":true,"href":"http:\/\/www.tvturk.com\/index.php\/wp-json\/wp\/v2\/tags?post=194684"}],"curies":[{"name":"wp","href":"https:\/\/api.w.org\/{rel}","templated":true}]}}