{"id":194694,"date":"2019-08-22T14:31:53","date_gmt":"2019-08-22T11:31:53","guid":{"rendered":"http:\/\/www.tvturk.com\/index.php\/vali-kaymak-toplumda-afet-ve-deprem-bilinci-olusmali\/"},"modified":"2019-08-22T14:31:53","modified_gmt":"2019-08-22T11:31:53","slug":"vali-kaymak-toplumda-afet-ve-deprem-bilinci-olusmali","status":"publish","type":"post","link":"http:\/\/www.tvturk.com\/index.php\/vali-kaymak-toplumda-afet-ve-deprem-bilinci-olusmali\/","title":{"rendered":"Vali Kaymak: \u201cToplumda afet ve deprem bilinci olu\u015fmal\u0131\u201d"},"content":{"rendered":"<p>Samsun Valisi Osman Kaymak, \u2018deprem \u00f6ld\u00fcrmez, bina \u00f6ld\u00fcr\u00fcr\u2019 ger\u00e7e\u011finden hareketle afet ve deprem bilincinin toplumun her kesimine yay\u0131lmas\u0131 gerekti\u011fini s\u00f6yledi.<\/p>\n<p>Afetlere diren\u00e7li bir T\u00fcrkiye i\u00e7in toplumda \u00f6nlem alma k\u00fclt\u00fcr\u00fcn\u00fc \u00f6nceleyen, zihinsel d\u00f6n\u00fc\u015f\u00fcm\u00fc ger\u00e7ekle\u015ftirmek amac\u0131yla \u0130\u00e7i\u015fleri Bakanl\u0131\u011f\u0131nca ba\u015flat\u0131lan ve her ay bir teman\u0131n i\u015flenece\u011fi \u2018Afetlere Haz\u0131rl\u0131k Y\u0131l\u0131\u2019 tan\u0131t\u0131m toplant\u0131s\u0131 ger\u00e7ekle\u015ftirildi. AFAD Samsun \u0130l M\u00fcd\u00fcrl\u00fc\u011f\u00fcnde yap\u0131lan \u201cRiskleri Anlamak\u201d temal\u0131 toplant\u0131n\u0131n a\u00e7\u0131l\u0131\u015f\u0131nda AFAD Samsun \u0130l M\u00fcd\u00fcrl\u00fc\u011f\u00fcnde g\u00f6revli \u0130n\u015faat M\u00fchendisi Erkin Tekin, AFAD\u2019\u0131n do\u011fal afetlere y\u00f6nelik ald\u0131\u011f\u0131 tedbirler hakk\u0131nda bir sunum yapt\u0131. Sunumda, 26 Kas\u0131m 1943 y\u0131l\u0131nda Samsun\u2019un Ladik il\u00e7esinde 7,2 b\u00fcy\u00fckl\u00fc\u011f\u00fcnde meydana gelen depremde 2 bin 800 ki\u015finin hayat\u0131n\u0131 kaybetti\u011fi ve Samsun\u2019un da bir deprem b\u00f6lgesi oldu\u011fu belirtildi. Sunumda ayr\u0131ca, Samsun\u2019un bir\u00e7ok il\u00e7esinde farkl\u0131 tarihlerde sel felaketlerinin meydana geldi\u011fi ve \u00e7ok say\u0131da ki\u015finin hayat\u0131n\u0131 kaybetti\u011fi bilgisi verildi.<\/p>\n<p>\u201cT\u00fcrkiye bir deprem \u00fclkesi\u201d<\/p>\n<p>Daha sonra a\u00e7\u0131klamalarda bulunan Samsun Valisi Kaymak, b\u00fct\u00fcn T\u00fcrkiye\u2019de oldu\u011fu gibi Samsun\u2019da da afet bilincini topluma yayg\u0131nla\u015ft\u0131rmak istediklerini s\u00f6yledi. Bu \u00e7er\u00e7evede \u0130\u00e7i\u015fleri Bakanl\u0131\u011f\u0131n\u0131n ba\u015flatt\u0131\u011f\u0131 kampanyay\u0131 \u00f6nemsediklerini ifade eden Vali Kaymak, \u201cT\u00fcrkiye bir deprem \u00fclkesi. \u00c7ok ciddi fay hatlar\u0131m\u0131z var. \u00c7ok ciddi depremler ya\u015fad\u0131k. O anlamda \u2018deprem \u00f6ld\u00fcrmez, bina \u00f6ld\u00fcr\u00fcr\u2019 ger\u00e7e\u011finden hareketle afet ve deprem bilincinin toplumun her kesimine yay\u0131lmas\u0131 laz\u0131m. Biz y\u00f6neticiler olarak bu bilinci herkese yayg\u0131nla\u015ft\u0131rabilirsek daha iyi olacak\u201d dedi.<\/p>\n<p>\u201c\u0130ftihar duyuyoruz\u201d<\/p>\n<p>AFAD Samsun M\u00fcd\u00fcrl\u00fc\u011f\u00fcn\u00fcn b\u00f6lgedeki en te\u015fkilatl\u0131, en kurumsal, AFAD Ba\u015fkanl\u0131\u011f\u0131n\u0131n imkan ve kabiliyetlerine sahip bir m\u00fcd\u00fcrl\u00fck oldu\u011funu kaydeden Vali Kaymak, \u201cBu y\u00f6n\u00fcyle AFAD Samsun M\u00fcd\u00fcrl\u00fc\u011f\u00fc ile iftihar edebiliriz. Gerek afetlere m\u00fcdahale gerek e\u011fitimler yo\u011fun bir \u015fekilde devam ediyor. Di\u011fer konularla da \u00e7al\u0131\u015fmalar\u0131m\u0131z\u0131 devam ettiriyoruz\u201d diye konu\u015ftu.<\/p>\n<p>\u201cBinan\u0131n depreme dayan\u0131kl\u0131l\u0131\u011f\u0131na bakmam\u0131z gerekiyor\u201d<\/p>\n<p>Depreme duyarl\u0131 bir vatanda\u015f\u0131n oturdu\u011fu evin sa\u011flam olup olmad\u0131\u011f\u0131na bakmas\u0131 gerekti\u011fine vurgu yapan Vali Kaymak, \u201cAma biz binan\u0131n al\u00e7\u0131pan\u0131na bak\u0131yoruz. D\u0131\u015f ve i\u00e7 g\u00f6r\u00fcnt\u00fcs\u00fcne bak\u0131yoruz. Binan\u0131n stati\u011fi, jeolojik yap\u0131s\u0131, bulundu\u011fu yer, heyelan durumu var m\u0131 yok mu. Bu konular \u00e7ok \u00f6nemli. Bu konuda b\u00fct\u00fcn vatanda\u015flar\u0131m\u0131z bilin\u00e7li olursa bu bilin\u00e7 m\u00fcteahhitleri, belediyeyi, di\u011fer kurumlar\u0131 zorlayacakt\u0131r. Deprem duyarl\u0131l\u0131k bilincini b\u00fct\u00fcn vatanda\u015flar\u0131n deprem uzman\u0131 kadar bilmesi gerekir. Buradaki bir ihmal insanlar\u0131n hayat\u0131na mal oluyor. Bu bilinci birlikte olu\u015fturaca\u011f\u0131z\u201d \u015feklinde konu\u015ftu.<\/p>\n<p>\u201c\u0130nsan hayat\u0131 her \u015feyden \u00f6nemlidir\u201d<\/p>\n<p>\u00c7evre ve \u015eehircilik Bakanl\u0131\u011f\u0131\u2019n\u0131n ba\u015flatt\u0131\u011f\u0131 proje ile dere yataklar\u0131ndaki binalar\u0131n tespitinin yap\u0131ld\u0131\u011f\u0131n\u0131 aktaran Vali Kaymak, \u201cBinalar\u0131n y\u0131k\u0131l\u0131p kamula\u015ft\u0131rma konusu ileriki a\u015fama. \u015eu an hangi bina riskli b\u00f6lgede bulunuyor bunlar\u0131n tespiti olacak. Asl\u0131nda bu projenin uygulanmas\u0131 biraz da kayna\u011fa ba\u011fl\u0131. Ben ba\u015flat\u0131lan projeyi \u00e7ok anlaml\u0131 buluyorum. \u0130nsan hayat\u0131 her \u015feyden \u00f6nemlidir. Pek \u00e7ok konuda eksi\u011fimiz olur ama giden canlar\u0131 geri getiremiyoruz. Afetler konusunda kesinlikle tasarruf tedbiri olmamas\u0131 laz\u0131m. Bu bina dere yata\u011f\u0131na yap\u0131lm\u0131\u015fsa, kim yapm\u0131\u015fsa onun hakk\u0131nda soru\u015fturma ba\u015flatal\u0131m ama soru\u015fturma ba\u015flatmak \u00f6l\u00fcy\u00fc geri getirmiyor. Dere yata\u011f\u0131na yap\u0131lan binalar\u0131n kesinlikle y\u0131k\u0131lmas\u0131 laz\u0131m. H\u00fck\u00fcmetimiz de b\u00f6yle bir bilinci ortaya koydu. B\u00f6yle bir \u00e7al\u0131\u015fma yap\u0131l\u0131yor. Samsun\u2019da da bunun tespitleri yap\u0131l\u0131yor. Daha sonra bu \u00e7al\u0131\u015fman\u0131n hangi boyutlarda olaca\u011f\u0131n\u0131 h\u00fck\u00fcmetimiz a\u00e7\u0131klayacak. Samsun\u2019un da bu projeye dahil edilmesinden dolay\u0131 m\u00fcte\u015fekkiriz. Biz de ekiplerimizi kurduk. Dere yataklar\u0131ndaki riskli binalar\u0131n tespiti yap\u0131l\u0131yor. Tespit a\u015famas\u0131nday\u0131z \u015fuan\u201d ifadelerini kulland\u0131.<\/p>\n<p>\u201cSamsun afet m\u00fcdahale plan\u0131nda 26 hizmet grubu var\u201d<\/p>\n<p>AFAD Samsun \u0130l M\u00fcd\u00fcr\u00fc Levent U\u00e7arl\u0131 ise afet an\u0131nda vatanda\u015flar\u0131n e-devlet \u00fczerinden kendilerine en yak\u0131n toplanma alanlar\u0131n\u0131 g\u00f6rebildi\u011fini belirterek, \u201cBunlar\u0131n hepsi tabelalarla toplanma alanlar\u0131na koordineli olarak yerle\u015ftirilmi\u015f durumda. Depreme haz\u0131rl\u0131k s\u00fcrekli aktif olan bir organizma. Bu anlamda da afet m\u00fcdahale plan\u0131 Samsun\u2019da uygulan\u0131yor. Haz\u0131rl\u0131k anlam\u0131nda \u00e7al\u0131\u015fmalar iyi bir \u015fekilde devam ediyor. Afet m\u00fcdahale plan\u0131 \u015fuanda y\u00fcr\u00fcrl\u00fckte. Samsun afet m\u00fcdahale plan\u0131nda 26 hizmet grubu var. Bu hizmet gruplar\u0131nda sorumlu m\u00fcd\u00fcrl\u00fckler var. Her m\u00fcd\u00fcrl\u00fck ne yapaca\u011f\u0131n\u0131 biliyor. \u0130lgili hizmet gruplar\u0131 y\u00f6netim merkezinde toplan\u0131yor. \u0130kinci derecede birim amirleri di\u011fer odada toplan\u0131yor. Afet bu \u015fekilde koordine ediliyor\u201d a\u00e7\u0131klamas\u0131nda bulundu.<\/p>\n<p>AFAD\u2019\u0131n arama kurtarma k\u00f6pekleri h\u00fcnerlerini sergiledi<\/p>\n<p>Konu\u015fmalar\u0131n ard\u0131ndan Vali Kaymak, AFAD\u2019\u0131n acil m\u00fcdahale ara\u00e7lar\u0131 hakk\u0131nda ilgililerden bilgi ald\u0131. Daha sonra ise AFAD\u2019\u0131n arama kurtarma k\u00f6pekleri h\u00fcnerlerini sergiledi. Toplant\u0131ya ayr\u0131ca, Vali Yard\u0131mc\u0131s\u0131 Hasan \u00d6zt\u00fcrk, AFAD \u015eube M\u00fcd\u00fcrleri kat\u0131ld\u0131.<\/p>\n","protected":false},"excerpt":{"rendered":"<p>SAMSUN VAL\u0130S\u0130 OSMAN KAYMAK, \u0130\u00c7 \u0130\u015eLER\u0130 BAKANLI\u011eINCA BA\u015eLATILAN PROJE KAPSAMINDA SAMSUN\u2019DA DA DERE YATAKLARINA KURULAN B\u0130NALARIN TESP\u0130T \u00c7ALI\u015eMALARININ DEVAM ETT\u0130\u011e\u0130N\u0130 S\u00d6YLED\u0130.<\/p>\n","protected":false},"author":1,"featured_media":194695,"comment_status":"closed","ping_status":"open","sticky":false,"template":"","format":"standard","meta":{"jetpack_post_was_ever_published":false,"_jetpack_newsletter_access":"","_jetpack_dont_email_post_to_subs":false,"_jetpack_newsletter_tier_id":0,"_jetpack_memberships_contains_paywalled_content":false,"_jetpack_memberships_contains_paid_content":false,"footnotes":"","jetpack_publicize_message":"","jetpack_publicize_feature_enabled":true,"jetpack_social_post_already_shared":true,"jetpack_social_options":{"image_generator_settings":{"template":"highway","default_image_id":0,"font":"","enabled":false},"version":2}},"categories":[1],"tags":[13993,2236,221,16392,48860,17630,148],"class_list":["post-194694","post","type-post","status-publish","format-standard","has-post-thumbnail","hentry","category-genel","tag-afet","tag-bilinci","tag-deprem","tag-kaymak","tag-olusmali","tag-toplumda","tag-vali"],"jetpack_publicize_connections":[],"jetpack_featured_media_url":"https:\/\/i0.wp.com\/www.tvturk.com\/wp-content\/uploads\/2019\/08\/vali-kaymak-toplumda-afet-ve-deprem-bilinci-olusmali_4567e1b.jpg?fit=1000%2C562","jetpack_sharing_enabled":true,"jetpack_shortlink":"https:\/\/wp.me\/paKIfm-OEe","_links":{"self":[{"href":"http:\/\/www.tvturk.com\/index.php\/wp-json\/wp\/v2\/posts\/194694","targetHints":{"allow":["GET"]}}],"collection":[{"href":"http:\/\/www.tvturk.com\/index.php\/wp-json\/wp\/v2\/posts"}],"about":[{"href":"http:\/\/www.tvturk.com\/index.php\/wp-json\/wp\/v2\/types\/post"}],"author":[{"embeddable":true,"href":"http:\/\/www.tvturk.com\/index.php\/wp-json\/wp\/v2\/users\/1"}],"replies":[{"embeddable":true,"href":"http:\/\/www.tvturk.com\/index.php\/wp-json\/wp\/v2\/comments?post=194694"}],"version-history":[{"count":0,"href":"http:\/\/www.tvturk.com\/index.php\/wp-json\/wp\/v2\/posts\/194694\/revisions"}],"wp:featuredmedia":[{"embeddable":true,"href":"http:\/\/www.tvturk.com\/index.php\/wp-json\/wp\/v2\/media\/194695"}],"wp:attachment":[{"href":"http:\/\/www.tvturk.com\/index.php\/wp-json\/wp\/v2\/media?parent=194694"}],"wp:term":[{"taxonomy":"category","embeddable":true,"href":"http:\/\/www.tvturk.com\/index.php\/wp-json\/wp\/v2\/categories?post=194694"},{"taxonomy":"post_tag","embeddable":true,"href":"http:\/\/www.tvturk.com\/index.php\/wp-json\/wp\/v2\/tags?post=194694"}],"curies":[{"name":"wp","href":"https:\/\/api.w.org\/{rel}","templated":true}]}}