{"id":194704,"date":"2019-08-22T14:32:37","date_gmt":"2019-08-22T11:32:37","guid":{"rendered":"http:\/\/www.tvturk.com\/index.php\/yeni-malatyasporun-golcusu-jahovicten-iddiali-sozler\/"},"modified":"2019-08-22T14:32:37","modified_gmt":"2019-08-22T11:32:37","slug":"yeni-malatyasporun-golcusu-jahovicten-iddiali-sozler","status":"publish","type":"post","link":"http:\/\/www.tvturk.com\/index.php\/yeni-malatyasporun-golcusu-jahovicten-iddiali-sozler\/","title":{"rendered":"Yeni Malatyaspor\u2019un golc\u00fcs\u00fc Jahovic\u2019ten iddial\u0131 s\u00f6zler"},"content":{"rendered":"<p>Yeni Malatyaspor\u2019un golc\u00fc futbolcusu Adis Jahovic, performans\u0131yla ilgili yapt\u0131\u011f\u0131 a\u00e7\u0131klamada, \u201cHocam\u0131n ve tak\u0131m arkada\u015flar\u0131m\u0131n yard\u0131m\u0131yla oldu. Kendimizi y\u00fckseltmemiz gerekiyordu. Bunu da \u00e7abuk ba\u015fard\u0131\u011f\u0131ma inan\u0131yorum\u201d dedi.<\/p>\n<p>S\u00fcper Lig\u2019in ikinci haftas\u0131nda deplasmanda oynayaca\u011f\u0131 Trabzonspor m\u00fcsabakas\u0131na haz\u0131rlanan Yeni Malatyaspor\u2019da antrenman \u00f6ncesi bas\u0131n mensuplar\u0131n\u0131n sorular\u0131n\u0131 yan\u0131tlayan Jahovic, Trabzon\u2019dan en az 1 puanla d\u00f6nmek istediklerini s\u00f6yledi.<\/p>\n<p>Adis Jahovic, kendi performans\u0131mdan memnun oldu\u011funu da kaydederek, &#8220;Bu hocam\u0131n ve tak\u0131m arkada\u015flar\u0131m\u0131n yard\u0131m\u0131yla oldu. Kendimizi y\u00fckseltmemiz gerekiyordu. Bunu da \u00e7abuk ba\u015fard\u0131\u011f\u0131ma inan\u0131yorum. Ayr\u0131ca taraftarlar\u0131m\u0131za te\u015fekk\u00fcr ediyorum, onlar\u0131n da deste\u011fi arkamda. B\u00f6yle devam etmek istiyorum&#8221; diye konu\u015ftu.<\/p>\n<p>&#8220;Lige iyi ba\u015flamak \u00f6nemliydi\u201d<\/p>\n<p>Lige iyi ba\u015flaman\u0131n \u00f6nemine de dikkat \u00e7eken Jahovic, &#8220;Lige iyi ba\u015flamak \u00f6nemliydi, iyi de ba\u015flad\u0131k. \u00d6zellikle Ba\u015fak\u015fehir kar\u015f\u0131s\u0131nda. \u015eimdi tak\u0131m arkada\u015flar\u0131m\u0131zla daha \u00e7ok \u00e7al\u0131\u015f\u0131yoruz, daha iyi \u015feyler yapmak istiyoruz. B\u00fct\u00fcn hedefimiz ma\u00e7 ma\u00e7 gidip iyi sonu\u00e7lar almak&#8221; ifadelerini kulland\u0131.<\/p>\n<p>\u201c1 puan al\u0131p geri d\u00f6nmek istiyoruz\u201d<\/p>\n<p>Trabzon deplasman\u0131n\u0131n kendileri i\u00e7in zor olaca\u011f\u0131n\u0131 dile getiren ba\u015far\u0131l\u0131 futbolcu, &#8220;Biz de yeni hocam\u0131z, yeni sistemimizle iyi \u015feyler yapmak istiyoruz. En k\u00f6t\u00fc minimum 1 puan al\u0131p geri d\u00f6nmek istiyoruz&#8221; \u015feklinde konu\u015ftu.<\/p>\n","protected":false},"excerpt":{"rendered":"<p>YEN\u0130 MALATYASPOR\u2019UN GOLC\u00dc FUTBOLCUSU AD\u0130S JAHOV\u0130C, PERFORMANSIYLA \u0130LG\u0130L\u0130 YAPTI\u011eI A\u00c7IKLAMADA, \u201cHOCAMIN VE TAKIM ARKADA\u015eLARIMIN YARDIMIYLA OLDU. KEND\u0130M\u0130Z\u0130 Y\u00dcKSELTMEM\u0130Z GEREK\u0130YORDU. BUNA DA \u00c7ABUK BA\u015eARDI\u011eIMA \u0130NANIYORUM\u201d DED\u0130.<\/p>\n","protected":false},"author":1,"featured_media":194705,"comment_status":"closed","ping_status":"open","sticky":false,"template":"","format":"standard","meta":{"jetpack_post_was_ever_published":false,"_jetpack_newsletter_access":"","_jetpack_dont_email_post_to_subs":false,"_jetpack_newsletter_tier_id":0,"_jetpack_memberships_contains_paywalled_content":false,"_jetpack_memberships_contains_paid_content":false,"footnotes":"","jetpack_publicize_message":"","jetpack_publicize_feature_enabled":true,"jetpack_social_post_already_shared":true,"jetpack_social_options":{"image_generator_settings":{"template":"highway","default_image_id":0,"font":"","enabled":false},"version":2}},"categories":[657],"tags":[5078,783,48862,5077,1434,87],"class_list":["post-194704","post","type-post","status-publish","format-standard","has-post-thumbnail","hentry","category-spor","tag-golcusu","tag-iddiali","tag-jahovicten","tag-malatyasporun","tag-sozler","tag-yeni"],"jetpack_publicize_connections":[],"jetpack_featured_media_url":"https:\/\/i0.wp.com\/www.tvturk.com\/wp-content\/uploads\/2019\/08\/yeni-malatyasporun-golcusu-jahovicten-iddiali-sozler_38f8dc0.jpg?fit=1000%2C666","jetpack_sharing_enabled":true,"jetpack_shortlink":"https:\/\/wp.me\/paKIfm-OEo","_links":{"self":[{"href":"http:\/\/www.tvturk.com\/index.php\/wp-json\/wp\/v2\/posts\/194704","targetHints":{"allow":["GET"]}}],"collection":[{"href":"http:\/\/www.tvturk.com\/index.php\/wp-json\/wp\/v2\/posts"}],"about":[{"href":"http:\/\/www.tvturk.com\/index.php\/wp-json\/wp\/v2\/types\/post"}],"author":[{"embeddable":true,"href":"http:\/\/www.tvturk.com\/index.php\/wp-json\/wp\/v2\/users\/1"}],"replies":[{"embeddable":true,"href":"http:\/\/www.tvturk.com\/index.php\/wp-json\/wp\/v2\/comments?post=194704"}],"version-history":[{"count":0,"href":"http:\/\/www.tvturk.com\/index.php\/wp-json\/wp\/v2\/posts\/194704\/revisions"}],"wp:featuredmedia":[{"embeddable":true,"href":"http:\/\/www.tvturk.com\/index.php\/wp-json\/wp\/v2\/media\/194705"}],"wp:attachment":[{"href":"http:\/\/www.tvturk.com\/index.php\/wp-json\/wp\/v2\/media?parent=194704"}],"wp:term":[{"taxonomy":"category","embeddable":true,"href":"http:\/\/www.tvturk.com\/index.php\/wp-json\/wp\/v2\/categories?post=194704"},{"taxonomy":"post_tag","embeddable":true,"href":"http:\/\/www.tvturk.com\/index.php\/wp-json\/wp\/v2\/tags?post=194704"}],"curies":[{"name":"wp","href":"https:\/\/api.w.org\/{rel}","templated":true}]}}