{"id":194712,"date":"2019-08-22T15:01:55","date_gmt":"2019-08-22T12:01:55","guid":{"rendered":"http:\/\/www.tvturk.com\/index.php\/kozluda-kuvvetli-yagis-sonrasi-heyelan\/"},"modified":"2019-08-22T15:01:55","modified_gmt":"2019-08-22T12:01:55","slug":"kozluda-kuvvetli-yagis-sonrasi-heyelan","status":"publish","type":"post","link":"http:\/\/www.tvturk.com\/index.php\/kozluda-kuvvetli-yagis-sonrasi-heyelan\/","title":{"rendered":"Kozlu\u2019da kuvvetli ya\u011f\u0131\u015f sonras\u0131 heyelan"},"content":{"rendered":"<p>Zonguldak\u2019\u0131n Kozlu il\u00e7esinde d\u00fcn ya\u015fanan kuvvetli ya\u011f\u0131\u015f sonras\u0131 heyelan meydana geldi. Heyelanla birlikte kopan devasa istinat duvar\u0131 20 ki\u015finin ya\u015fad\u0131\u011f\u0131 6 evin \u00fczerine \u00e7\u00f6kt\u00fc. Sokakta kalan vatanda\u015flar geceyi kom\u015fular\u0131nda ge\u00e7irdi.<\/p>\n<p>Meteoroloji Genel M\u00fcd\u00fcrl\u00fc\u011f\u00fc\u2019n\u00fcn Bat\u0131 Karadeniz B\u00f6lgesi\u2019nde kuvvetli ya\u011f\u0131\u015f uyar\u0131s\u0131n\u0131n ard\u0131ndan etkili olan ya\u011f\u0131\u015f yollar\u0131 g\u00f6le \u00e7evirdi. Ara\u00e7lar yollarda ar\u0131zaland\u0131. Su seviyesi 70 santimetreye y\u00fckseldi. Metrekareye 120 kg ya\u011f\u0131\u015f d\u00fc\u015ft\u00fc\u011f\u00fc tespit edildi.   \u00d6te yandan kuvvetli ya\u011f\u0131\u015fla birlikte \u00e7e\u015fitli b\u00f6lgelerde heyelanlar meydana geldi.<\/p>\n<p>\u0130hsaniye Mahallesi\u2019nde yol \u00e7\u00f6kt\u00fc<\/p>\n<p>Kozlu il\u00e7esine ba\u011fl\u0131 \u0130hsaniye Mahallesi\u2019nin giri\u015finde bulunan yolda \u00e7\u00f6kme meydana geldi. Dere kenar\u0131nda olmas\u0131 sebebiyle DS\u0130 taraf\u0131ndan yapt\u0131r\u0131lan korkuluk demirleriyle birlikte istinat duvar\u0131 da \u00e7\u00f6kt\u00fc. Ekipler b\u00f6lgede \u00e7al\u0131\u015fma ba\u015flatt\u0131. Derenin kar\u015f\u0131s\u0131ndaki seran\u0131n bulundu\u011fu b\u00f6lgede de heyelan meydana geldi. Derenin yak\u0131n\u0131ndaki bir \u00e7ay oca\u011f\u0131 binas\u0131n\u0131n alt\u0131ndaki dolgu bo\u015fald\u0131. Meydana gelen hasar sebebiyle binalar bo\u015falt\u0131ld\u0131. Baz\u0131 evleri su ve \u00e7amur bast\u0131.<\/p>\n<p>Ya\u015fad\u0131klar\u0131n\u0131 \u0130HA\u2019ya anlatan Nuri Ta\u015fk\u0131ran, &#8220;D\u00fcn saat 17.00 s\u0131ralar\u0131yd\u0131. Ondan buyana u\u011fra\u015f\u0131yoruz. Burada yol \u00e7\u00f6kt\u00fc. Mahallede kanalizasyonlar t\u0131kand\u0131. Bir evin alt\u0131 bo\u015fanm\u0131\u015f. Burada bir \u00e7ay oca\u011f\u0131n\u0131n alt\u0131ndaki dolgu bo\u015falm\u0131\u015f. K\u00f6pr\u00fcy\u00fc de ula\u015f\u0131ma kapatt\u0131lar, yolu arkadan verdiler&#8221; dedi. Ekiplerin \u00e7al\u0131\u015fmas\u0131 s\u00fcr\u00fcyor.<\/p>\n<p>Heyelan nedeniyle 20 ki\u015fi sokakta kald\u0131<\/p>\n<p>\u0130l\u00e7eye ba\u011fl\u0131 G\u00fcney Mahallesi\u2019nde de 6 evin bulundu\u011fu b\u00f6lgede kuvvetli ya\u011f\u0131\u015f\u0131n ard\u0131ndan heyelan ya\u015fand\u0131. Kopan istinat duvar\u0131n\u0131n par\u00e7alar\u0131 evin \u00fczerine \u00e7\u00f6kt\u00fc. G\u00fcr\u00fclt\u00fcye ko\u015fan ev sakinleri kendilerine d\u0131\u015far\u0131ya zor att\u0131klar\u0131n\u0131 belirtti. Ta\u015fbaca Mahallesi Muhtar\u0131 Kibar Ar\u0131kan da ya\u015fanan heyelan\u0131 gazetecilere \u015f\u00f6yle anlatt\u0131:<\/p>\n<p>&#8220;D\u00fcn ak\u015fam 17.00 s\u0131ralar\u0131nda ya\u011fmur ya\u011fd\u0131. Ard\u0131ndan burada heyelan ya\u015fand\u0131. Hafriyat a\u015fa\u011f\u0131ya do\u011fru indi. \u015eu anda vatanda\u015flar\u0131n evi kullan\u0131lamaz halde. Yetkililerden yard\u0131m bekliyoruz. 3 aile a\u015fa\u011f\u0131da, evler kullan\u0131lamaz halde. Belediye ile g\u00f6r\u00fc\u015ft\u00fck. \u0130l\u00e7e genelinde \u00e7al\u0131\u015fmas\u0131 var. Ba\u015fkan\u0131m\u0131z da sa\u011folsun. AFAD\u2019dan bu konuda yard\u0131m bekliyoruz. Arazi konum itibariyle s\u0131k\u0131nt\u0131l\u0131, ya\u011fmur ya\u011fd\u0131\u011f\u0131nda buran\u0131n tekrar kayma pozisyonu var.&#8221;<\/p>\n<p>&#8220;Deprem oldu sand\u0131k, balkondan atlad\u0131k&#8221;<\/p>\n<p>Mahalle sakinlerinden satiye Kurak, ya\u015fanan heyelan\u0131 deprem sand\u0131\u011f\u0131n\u0131 anlatt\u0131. Kurak, heyelan nedeniyle balkondan atlayarak soka\u011f a\u00e7\u0131kt\u0131klar\u0131n\u0131 s\u00f6yleyerek \u015f\u00f6yle devam etti:<\/p>\n<p>&#8220;D\u00fcn Allah bizi kurtard\u0131. Belimize kadar \u00e7amurun i\u00e7ine kald\u0131k. Soka\u011fa indik. Oradan dere ta\u015ft\u0131. Allah\u2019\u0131n bir kulu bizi \u00e7ar\u015f\u0131 merkeze getirmedi. \u00c7ar\u015f\u0131 merkezinde de sel ald\u0131. Biz olay an\u0131nda evin \u00e7\u0131k\u0131\u015f\u0131ndan \u00e7\u0131kamad\u0131k. Balkondan atlad\u0131k. Elektri\u011fin i\u00e7inde, suyun i\u00e7inde balkondan nas\u0131l atlad\u0131k bilemedim. Bir anda olay oldu. Bir bakt\u0131k ki bu taraf \u00e7\u00f6km\u00fc\u015f. Evden g\u00fcr\u00fclt\u00fcler geldi. Buray\u0131 b\u00f6yle g\u00f6r\u00fcnce \u015fok olduk. D\u00fc\u015fe kalka a\u015fa\u011f\u0131ya kadar gittik&#8221; dedi.<\/p>\n<p>Mahalle sakinlerinden Hacer Kurak da trafik kazas\u0131nda hayat\u0131n\u0131 kaybeden e\u015finden kalan parayla sat\u0131n ald\u0131\u011f\u0131 evin heyelan alt\u0131nda kald\u0131\u011f\u0131n\u0131 s\u00f6yledi. G\u00f6zya\u015f\u0131 d\u00f6ken Kurak, uzanacak yard\u0131m elini bekliyor.<\/p>\n","protected":false},"excerpt":{"rendered":"<p>ZONGULDAK&#8217;IN KOZLU \u0130L\u00c7ES\u0130NDE D\u00dcN YA\u015eANAN KUVVETL\u0130 YA\u011eI\u015e SONRASI HEYELAN MEYDANA GELD\u0130. HEYELANLA B\u0130RL\u0130KTE KOPAN DEVASA \u0130ST\u0130NAT DUVARI 20 K\u0130\u015e\u0130N\u0130N YA\u015eADI\u011eI 6 EV\u0130N \u00dcZER\u0130NE \u00c7\u00d6KT\u00dc. SOKAKTA KALAN VATANDA\u015eLAR GECEY\u0130 KOM\u015eULARINDA GE\u00c7\u0130RD\u0130.<\/p>\n","protected":false},"author":1,"featured_media":194713,"comment_status":"closed","ping_status":"open","sticky":false,"template":"","format":"standard","meta":{"jetpack_post_was_ever_published":false,"_jetpack_newsletter_access":"","_jetpack_dont_email_post_to_subs":false,"_jetpack_newsletter_tier_id":0,"_jetpack_memberships_contains_paywalled_content":false,"_jetpack_memberships_contains_paid_content":false,"footnotes":"","jetpack_publicize_message":"","jetpack_publicize_feature_enabled":true,"jetpack_social_post_already_shared":true,"jetpack_social_options":{"image_generator_settings":{"template":"highway","default_image_id":0,"font":"","enabled":false},"version":2}},"categories":[1],"tags":[8768,7714,913,36,1577],"class_list":["post-194712","post","type-post","status-publish","format-standard","has-post-thumbnail","hentry","category-genel","tag-heyelan","tag-kozluda","tag-kuvvetli","tag-sonrasi","tag-yagis"],"jetpack_publicize_connections":[],"jetpack_featured_media_url":"https:\/\/i0.wp.com\/www.tvturk.com\/wp-content\/uploads\/2019\/08\/kozluda-kuvvetli-yagis-sonrasi-heyelan_8fde58a.jpg?fit=1000%2C562","jetpack_sharing_enabled":true,"jetpack_shortlink":"https:\/\/wp.me\/paKIfm-OEw","_links":{"self":[{"href":"http:\/\/www.tvturk.com\/index.php\/wp-json\/wp\/v2\/posts\/194712","targetHints":{"allow":["GET"]}}],"collection":[{"href":"http:\/\/www.tvturk.com\/index.php\/wp-json\/wp\/v2\/posts"}],"about":[{"href":"http:\/\/www.tvturk.com\/index.php\/wp-json\/wp\/v2\/types\/post"}],"author":[{"embeddable":true,"href":"http:\/\/www.tvturk.com\/index.php\/wp-json\/wp\/v2\/users\/1"}],"replies":[{"embeddable":true,"href":"http:\/\/www.tvturk.com\/index.php\/wp-json\/wp\/v2\/comments?post=194712"}],"version-history":[{"count":0,"href":"http:\/\/www.tvturk.com\/index.php\/wp-json\/wp\/v2\/posts\/194712\/revisions"}],"wp:featuredmedia":[{"embeddable":true,"href":"http:\/\/www.tvturk.com\/index.php\/wp-json\/wp\/v2\/media\/194713"}],"wp:attachment":[{"href":"http:\/\/www.tvturk.com\/index.php\/wp-json\/wp\/v2\/media?parent=194712"}],"wp:term":[{"taxonomy":"category","embeddable":true,"href":"http:\/\/www.tvturk.com\/index.php\/wp-json\/wp\/v2\/categories?post=194712"},{"taxonomy":"post_tag","embeddable":true,"href":"http:\/\/www.tvturk.com\/index.php\/wp-json\/wp\/v2\/tags?post=194712"}],"curies":[{"name":"wp","href":"https:\/\/api.w.org\/{rel}","templated":true}]}}