{"id":194720,"date":"2019-08-22T15:16:04","date_gmt":"2019-08-22T12:16:04","guid":{"rendered":"http:\/\/www.tvturk.com\/index.php\/esad-rejim-gucleri-han-seyhuna-girmeye-basladi\/"},"modified":"2019-08-22T15:16:04","modified_gmt":"2019-08-22T12:16:04","slug":"esad-rejim-gucleri-han-seyhuna-girmeye-basladi","status":"publish","type":"post","link":"http:\/\/www.tvturk.com\/index.php\/esad-rejim-gucleri-han-seyhuna-girmeye-basladi\/","title":{"rendered":"Esad rejim g\u00fc\u00e7leri Han \u015eeyhun\u2019a girmeye ba\u015flad\u0131"},"content":{"rendered":"<p>Esad rejimine ba\u011fl\u0131 g\u00fc\u00e7ler, \u0130dlib\u2019in Han \u015eeyhun il\u00e7esinin tamam\u0131n\u0131 kontrol alt\u0131na ald\u0131ktan sonra il\u00e7eye girmeye ba\u015flad\u0131.<\/p>\n<p>\u0130dlib\u2019e ba\u011fl\u0131 Han \u015eeyhun il\u00e7esi ve \u00e7evresinde rejimi destekleyen g\u00fc\u00e7ler ile muhalif gruplar aras\u0131nda \u015fiddetli \u00e7at\u0131\u015fmalar ya\u015fanm\u0131\u015f, rejim g\u00fc\u00e7leri d\u00fcn il\u00e7eyi ele ge\u00e7irmi\u015fti. Esad rejiminin d\u00fcn \u0130dlib\u2019e d\u00fczenledi\u011fi son hava sald\u0131r\u0131s\u0131nda 5 ki\u015fi ya\u015fam\u0131n\u0131 yitirmi\u015f, 10 ki\u015fi de yaralanm\u0131\u015ft\u0131. Yerel kaynaklardan edinilen bilgiye g\u00f6re, Esad rejimi ve Rusya askeri birlikleri g\u00fcnlerdir ablukaya ald\u0131klar\u0131 ve yo\u011fun bombard\u0131man ger\u00e7ekle\u015ftirdikleri Han \u015eeyhun il\u00e7esine girmeye ba\u015flad\u0131.<\/p>\n<p>Rejim g\u00fc\u00e7lerinin g\u00fcnlerdir \u0130dlib\u2019in g\u00fcneyindeki sivil yerle\u015fim yerlerini bombalad\u0131\u011f\u0131 ve sald\u0131r\u0131lar sonucu binlerce sivilin evlerini ve topraklar\u0131n\u0131 terk etti\u011fi biliniyor. 17 Eyl\u00fcl 2018 tarihinden bu yana 945 bin 992 sivil b\u00f6lgeyi terk etmek zorunda kald\u0131.<\/p>\n","protected":false},"excerpt":{"rendered":"<p>ESAD REJ\u0130M\u0130NE BA\u011eLI G\u00dc\u00c7LER, \u0130DL\u0130B\u2019\u0130N HAN \u015eEYHUN \u0130L\u00c7ES\u0130N\u0130N TAMAMINI KONTROL ALTINA ALDIKTAN SONRA \u0130L\u00c7EYE G\u0130RMEYE BA\u015eLADI.<\/p>\n","protected":false},"author":1,"featured_media":194721,"comment_status":"closed","ping_status":"open","sticky":false,"template":"","format":"standard","meta":{"jetpack_post_was_ever_published":false,"_jetpack_newsletter_access":"","_jetpack_dont_email_post_to_subs":false,"_jetpack_newsletter_tier_id":0,"_jetpack_memberships_contains_paywalled_content":false,"_jetpack_memberships_contains_paid_content":false,"footnotes":"","jetpack_publicize_message":"","jetpack_publicize_feature_enabled":true,"jetpack_social_post_already_shared":true,"jetpack_social_options":{"image_generator_settings":{"template":"highway","default_image_id":0,"font":"","enabled":false},"version":2}},"categories":[10],"tags":[55,2104,15592,14621,3234,22531,48865],"class_list":["post-194720","post","type-post","status-publish","format-standard","has-post-thumbnail","hentry","category-dunya","tag-basladi","tag-esad","tag-girmeye","tag-gucleri","tag-han","tag-rejim","tag-seyhuna"],"jetpack_publicize_connections":[],"jetpack_featured_media_url":"https:\/\/i0.wp.com\/www.tvturk.com\/wp-content\/uploads\/2019\/08\/esad-rejim-gucleri-han-seyhuna-girmeye-basladi_f479710.jpg?fit=720%2C540","jetpack_sharing_enabled":true,"jetpack_shortlink":"https:\/\/wp.me\/paKIfm-OEE","_links":{"self":[{"href":"http:\/\/www.tvturk.com\/index.php\/wp-json\/wp\/v2\/posts\/194720","targetHints":{"allow":["GET"]}}],"collection":[{"href":"http:\/\/www.tvturk.com\/index.php\/wp-json\/wp\/v2\/posts"}],"about":[{"href":"http:\/\/www.tvturk.com\/index.php\/wp-json\/wp\/v2\/types\/post"}],"author":[{"embeddable":true,"href":"http:\/\/www.tvturk.com\/index.php\/wp-json\/wp\/v2\/users\/1"}],"replies":[{"embeddable":true,"href":"http:\/\/www.tvturk.com\/index.php\/wp-json\/wp\/v2\/comments?post=194720"}],"version-history":[{"count":0,"href":"http:\/\/www.tvturk.com\/index.php\/wp-json\/wp\/v2\/posts\/194720\/revisions"}],"wp:featuredmedia":[{"embeddable":true,"href":"http:\/\/www.tvturk.com\/index.php\/wp-json\/wp\/v2\/media\/194721"}],"wp:attachment":[{"href":"http:\/\/www.tvturk.com\/index.php\/wp-json\/wp\/v2\/media?parent=194720"}],"wp:term":[{"taxonomy":"category","embeddable":true,"href":"http:\/\/www.tvturk.com\/index.php\/wp-json\/wp\/v2\/categories?post=194720"},{"taxonomy":"post_tag","embeddable":true,"href":"http:\/\/www.tvturk.com\/index.php\/wp-json\/wp\/v2\/tags?post=194720"}],"curies":[{"name":"wp","href":"https:\/\/api.w.org\/{rel}","templated":true}]}}