{"id":194754,"date":"2019-08-22T16:01:57","date_gmt":"2019-08-22T13:01:57","guid":{"rendered":"http:\/\/www.tvturk.com\/index.php\/solo-turkun-gosterisi-nefes-kesti\/"},"modified":"2019-08-22T16:01:57","modified_gmt":"2019-08-22T13:01:57","slug":"solo-turkun-gosterisi-nefes-kesti","status":"publish","type":"post","link":"http:\/\/www.tvturk.com\/index.php\/solo-turkun-gosterisi-nefes-kesti\/","title":{"rendered":"Solo T\u00fcrk\u2019\u00fcn g\u00f6sterisi nefes kesti"},"content":{"rendered":"<p>T\u00fcrk Silahl\u0131 Kuvvetlerinin g\u00f6steri ekibi Solo T\u00fcrk, Trabzon\u2019un Of il\u00e7esinde g\u00f6steri u\u00e7u\u015fu d\u00fczenledi.<\/p>\n<p>Solo T\u00fcrk\u2019\u00fc izlemeye gelen vatanda\u015flar nefes kesen g\u00f6steriyi heyecan i\u00e7inde izlerken bir an olsun g\u00f6zlerini g\u00f6ky\u00fcz\u00fcnden ay\u0131rmad\u0131lar. Of sahilinde bulunan kayal\u0131klara oturarak Solo T\u00fcrk g\u00f6sterisini heyecan i\u00e7inde izleyen vatanda\u015flar bir yandan da o anlar\u0131 cep telefonlar\u0131na kaydetmeyi ihmal etmedi.<\/p>\n<p>Renkli g\u00f6r\u00fcnt\u00fclerin olu\u015ftu\u011fu g\u00f6steride akrobasi hareketleri nefes keserken vatanda\u015flar g\u00f6steriden son derece memnun olduklar\u0131n\u0131 s\u00f6ylediler.<\/p>\n<p>\u00d6te yandan, Hava Kuvvetleri Komutan\u0131 Orgeneral Hasan K\u00fc\u00e7\u00fckaky\u00fcz\u2019\u00fcn memleketi olan Of il\u00e7esinde 4 Temmuz tarihinde T\u00fcrk Y\u0131ld\u0131zlar\u0131 da g\u00f6steri u\u00e7u\u015fu d\u00fczenlemi\u015fti.<\/p>\n","protected":false},"excerpt":{"rendered":"<p>T\u00dcRK S\u0130LAHLI KUVVETLER\u0130N\u0130N G\u00d6STER\u0130 EK\u0130B\u0130 SOLO T\u00dcRK, TRABZON\u2019UN OF \u0130L\u00c7ES\u0130NDE G\u00d6STER\u0130 U\u00c7U\u015eU D\u00dcZENLED\u0130.<\/p>\n","protected":false},"author":1,"featured_media":194755,"comment_status":"closed","ping_status":"open","sticky":false,"template":"","format":"standard","meta":{"jetpack_post_was_ever_published":false,"_jetpack_newsletter_access":"","_jetpack_dont_email_post_to_subs":false,"_jetpack_newsletter_tier_id":0,"_jetpack_memberships_contains_paywalled_content":false,"_jetpack_memberships_contains_paid_content":false,"footnotes":"","jetpack_publicize_message":"","jetpack_publicize_feature_enabled":true,"jetpack_social_post_already_shared":true,"jetpack_social_options":{"image_generator_settings":{"template":"highway","default_image_id":0,"font":"","enabled":false},"version":2}},"categories":[1],"tags":[7604,224,223,34934,32722],"class_list":["post-194754","post","type-post","status-publish","format-standard","has-post-thumbnail","hentry","category-genel","tag-gosterisi","tag-kesti","tag-nefes","tag-solo","tag-turkun"],"jetpack_publicize_connections":[],"jetpack_featured_media_url":"https:\/\/i0.wp.com\/www.tvturk.com\/wp-content\/uploads\/2019\/08\/solo-turkun-gosterisi-nefes-kesti_0968094.jpg?fit=1000%2C667","jetpack_sharing_enabled":true,"jetpack_shortlink":"https:\/\/wp.me\/paKIfm-OFc","_links":{"self":[{"href":"http:\/\/www.tvturk.com\/index.php\/wp-json\/wp\/v2\/posts\/194754","targetHints":{"allow":["GET"]}}],"collection":[{"href":"http:\/\/www.tvturk.com\/index.php\/wp-json\/wp\/v2\/posts"}],"about":[{"href":"http:\/\/www.tvturk.com\/index.php\/wp-json\/wp\/v2\/types\/post"}],"author":[{"embeddable":true,"href":"http:\/\/www.tvturk.com\/index.php\/wp-json\/wp\/v2\/users\/1"}],"replies":[{"embeddable":true,"href":"http:\/\/www.tvturk.com\/index.php\/wp-json\/wp\/v2\/comments?post=194754"}],"version-history":[{"count":0,"href":"http:\/\/www.tvturk.com\/index.php\/wp-json\/wp\/v2\/posts\/194754\/revisions"}],"wp:featuredmedia":[{"embeddable":true,"href":"http:\/\/www.tvturk.com\/index.php\/wp-json\/wp\/v2\/media\/194755"}],"wp:attachment":[{"href":"http:\/\/www.tvturk.com\/index.php\/wp-json\/wp\/v2\/media?parent=194754"}],"wp:term":[{"taxonomy":"category","embeddable":true,"href":"http:\/\/www.tvturk.com\/index.php\/wp-json\/wp\/v2\/categories?post=194754"},{"taxonomy":"post_tag","embeddable":true,"href":"http:\/\/www.tvturk.com\/index.php\/wp-json\/wp\/v2\/tags?post=194754"}],"curies":[{"name":"wp","href":"https:\/\/api.w.org\/{rel}","templated":true}]}}