{"id":194756,"date":"2019-08-22T16:02:01","date_gmt":"2019-08-22T13:02:01","guid":{"rendered":"http:\/\/www.tvturk.com\/index.php\/turkiyede-hizmet-veren-sac-ekim-merkezi-sinirlari-asiyor\/"},"modified":"2019-08-22T16:02:01","modified_gmt":"2019-08-22T13:02:01","slug":"turkiyede-hizmet-veren-sac-ekim-merkezi-sinirlari-asiyor","status":"publish","type":"post","link":"http:\/\/www.tvturk.com\/index.php\/turkiyede-hizmet-veren-sac-ekim-merkezi-sinirlari-asiyor\/","title":{"rendered":"T\u00fcrkiye\u2019de hizmet veren sa\u00e7 ekim merkezi s\u0131n\u0131rlar\u0131 a\u015f\u0131yor"},"content":{"rendered":"<p>Son y\u0131llarda d\u00fcnyan\u0131n bir\u00e7ok yerinden insan sa\u00e7 ekimi, di\u015f implant\u0131 ve estetik ameliyatlar\u0131 olmak i\u00e7in T\u00fcrkiye\u2019yi tercih ediyor. Geli\u015fen teknolojiye ayak uyduran T\u00fcrk sa\u011fl\u0131k sekt\u00f6r\u00fc, yetenekli doktorlar\u0131n da maharetiyle t\u00fcm d\u00fcnyadan ra\u011fbet g\u00f6r\u00fcyor. Bu kapsamda sa\u00e7 ekiminde T\u00fcrkiye\u2019de \u00f6nde gelen kurulu\u015flardan Hair of Istanbul, Birle\u015fik Krall\u0131k\u2019ta \u015fube a\u00e7mak i\u00e7in giri\u015fimlere ba\u015flad\u0131.<\/p>\n<p>Sa\u00e7 ekiminde T\u00fcrkiye\u2019de \u00f6nde gelen kurulu\u015flardan Hair of Istanbul, Birle\u015fik Krall\u0131k\u2019ta \u015fube a\u00e7mak i\u00e7in giri\u015fimlere ba\u015flad\u0131. Daha \u00f6nce sakal ekimi yapt\u0131ran Jeremy McConnell\u2019\u0131 \u0130ngiltere Direkt\u00f6r\u00fc olarak atayan Hair of Istanbul Y\u00f6netim Kurulu \u00dcyesi Adem K\u00f6se, konuyla alakal\u0131 T\u00fcrkiye\u2019deki di\u011fer sa\u011fl\u0131k kurulu\u015flar\u0131na ilham kayna\u011f\u0131 olmaktan mutluluk duyduklar\u0131n\u0131 ve var olan potansiyeli daha ileriye ta\u015f\u0131mak i\u00e7in b\u00f6yle bir giri\u015fimde bulunduklar\u0131n\u0131 belirtti.<\/p>\n<p>\u0130rlandal\u0131 model Jeremy McConnell\u2019in, bir \u0130ngiliz gazetesine verdi\u011fi deme\u00e7te, bu pozisyon i\u00e7in modellik kariyerini bir kenara b\u0131rakt\u0131\u011f\u0131n\u0131, hizmetlerinden memnun kald\u0131\u011f\u0131 bu \u015firketten \u0130ngiltere\u2019de daha \u00e7ok insan\u0131n ihtiyac\u0131na cevap vermesi i\u00e7in bu g\u00f6revi kabul etmekten memnuniyet duydu\u011funu belirtti.<\/p>\n<p>Ge\u00e7ti\u011fimiz g\u00fcnlerde konuyla ilgili s\u00f6z konusu sa\u011fl\u0131k kurulu\u015funun merkezinde bir mutabakat imzalayan Jeremy McConnell ve merkezin CEO\u2019su Mehmet Fatih Akdemir, ilerleyen g\u00fcnlerde \u0130ngiltere pazar\u0131nda adlar\u0131ndan s\u0131k\u00e7a s\u00f6z ettirmek i\u00e7in var g\u00fc\u00e7leriyle \u00e7al\u0131\u015facaklar\u0131n\u0131 kaydetti.<\/p>\n","protected":false},"excerpt":{"rendered":"<p>MEHMET FAT\u0130H AKDEM\u0130R<\/p>\n","protected":false},"author":1,"featured_media":194757,"comment_status":"closed","ping_status":"open","sticky":false,"template":"","format":"standard","meta":{"jetpack_post_was_ever_published":false,"_jetpack_newsletter_access":"","_jetpack_dont_email_post_to_subs":false,"_jetpack_newsletter_tier_id":0,"_jetpack_memberships_contains_paywalled_content":false,"_jetpack_memberships_contains_paid_content":false,"footnotes":"","jetpack_publicize_message":"","jetpack_publicize_feature_enabled":true,"jetpack_social_post_already_shared":true,"jetpack_social_options":{"image_generator_settings":{"template":"highway","default_image_id":0,"font":"","enabled":false},"version":2}},"categories":[1],"tags":[2904,11826,122,295,7250,2903,2383,5726],"class_list":["post-194756","post","type-post","status-publish","format-standard","has-post-thumbnail","hentry","category-genel","tag-asiyor","tag-ekim","tag-hizmet","tag-merkezi","tag-sac","tag-sinirlari","tag-turkiyede","tag-veren"],"jetpack_publicize_connections":[],"jetpack_featured_media_url":"https:\/\/i0.wp.com\/www.tvturk.com\/wp-content\/uploads\/2019\/08\/turkiyede-hizmet-veren-sac-ekim-merkezi-sinirlari-asiyor_0cee5b0.jpg?fit=1000%2C969","jetpack_sharing_enabled":true,"jetpack_shortlink":"https:\/\/wp.me\/paKIfm-OFe","_links":{"self":[{"href":"http:\/\/www.tvturk.com\/index.php\/wp-json\/wp\/v2\/posts\/194756","targetHints":{"allow":["GET"]}}],"collection":[{"href":"http:\/\/www.tvturk.com\/index.php\/wp-json\/wp\/v2\/posts"}],"about":[{"href":"http:\/\/www.tvturk.com\/index.php\/wp-json\/wp\/v2\/types\/post"}],"author":[{"embeddable":true,"href":"http:\/\/www.tvturk.com\/index.php\/wp-json\/wp\/v2\/users\/1"}],"replies":[{"embeddable":true,"href":"http:\/\/www.tvturk.com\/index.php\/wp-json\/wp\/v2\/comments?post=194756"}],"version-history":[{"count":0,"href":"http:\/\/www.tvturk.com\/index.php\/wp-json\/wp\/v2\/posts\/194756\/revisions"}],"wp:featuredmedia":[{"embeddable":true,"href":"http:\/\/www.tvturk.com\/index.php\/wp-json\/wp\/v2\/media\/194757"}],"wp:attachment":[{"href":"http:\/\/www.tvturk.com\/index.php\/wp-json\/wp\/v2\/media?parent=194756"}],"wp:term":[{"taxonomy":"category","embeddable":true,"href":"http:\/\/www.tvturk.com\/index.php\/wp-json\/wp\/v2\/categories?post=194756"},{"taxonomy":"post_tag","embeddable":true,"href":"http:\/\/www.tvturk.com\/index.php\/wp-json\/wp\/v2\/tags?post=194756"}],"curies":[{"name":"wp","href":"https:\/\/api.w.org\/{rel}","templated":true}]}}