{"id":194762,"date":"2019-08-22T16:16:05","date_gmt":"2019-08-22T13:16:05","guid":{"rendered":"http:\/\/www.tvturk.com\/index.php\/turizm-bakani-ersoy-turkesin-dogdugu-evi-ziyaret-etti\/"},"modified":"2019-08-22T16:16:05","modified_gmt":"2019-08-22T13:16:05","slug":"turizm-bakani-ersoy-turkesin-dogdugu-evi-ziyaret-etti","status":"publish","type":"post","link":"http:\/\/www.tvturk.com\/index.php\/turizm-bakani-ersoy-turkesin-dogdugu-evi-ziyaret-etti\/","title":{"rendered":"Turizm Bakan\u0131 Ersoy, T\u00fcrke\u015f\u2019in do\u011fdu\u011fu evi ziyaret etti"},"content":{"rendered":"<p>K\u00fclt\u00fcr ve Turizm Bakan\u0131 Mehmet Nuri Ersoy, KKTC\u2019de MHP\u2019nin kurucusu Alparslan T\u00fcrke\u015f\u2019in k\u0131sa bir s\u00fcre \u00f6nce m\u00fczeye \u00e7evrilen do\u011fdu\u011fu evi ziyaret etti. Bakan Ersoy, Selimiye Camii\u2019nin restorasyonunu T\u00fcrkiye Vak\u0131flar Genel M\u00fcd\u00fcrl\u00fc\u011f\u00fcn\u00fcn \u00fcstlendi\u011fini, ilk etapta 5 milyon euroluk bir \u00e7al\u0131\u015fma yap\u0131laca\u011f\u0131n\u0131 s\u00f6yledi.<\/p>\n<p>K\u00fclt\u00fcr ve Turizm Bakan\u0131 Mehmet Nuri Ersoy, Lefko\u015fa Surlar\u0131 i\u00e7erisinde Kirlizade Sokak\u2019ta bulunan Milliyet\u00e7i Hareket Partisi\u2019nin kurucu lideri Alparslan T\u00fcrke\u015f\u2019in k\u0131sa bir s\u00fcre \u00f6nce m\u00fczeye \u00e7evrilen do\u011fdu\u011fu evi ziyaret etti. Ziyarette Ersoy\u2019a KKTC Turizm ve \u00c7evre Bakan\u0131 \u00dcnal \u00dcstel de e\u015flik etti. Ersoy, ziyarette yapt\u0131\u011f\u0131 konu\u015fmada T\u00fcrkiye Vak\u0131flar Genel M\u00fcd\u00fcrl\u00fc\u011f\u00fc ile K\u0131br\u0131s Vak\u0131flar \u0130daresi aras\u0131nda yap\u0131lan protokolle Selimiye Camii\u2019nin restorasyonunu T\u00fcrkiye Vak\u0131flar Genel M\u00fcd\u00fcrl\u00fc\u011f\u00fcn\u00fcn \u00fcstlendi\u011fini, ilk etapta 5 milyon euroluk bir \u00e7al\u0131\u015fma yap\u0131laca\u011f\u0131n\u0131 s\u00f6yledi. \u00c7al\u0131\u015fman\u0131n 3 y\u0131l s\u00fcrmesini beklediklerini kaydeden Ersoy, \u201c(Cami) K\u0131br\u0131s\u2019ta uzun y\u0131llar hizmet verecek hale getirece\u011fiz\u201d dedi.<\/p>\n<p>T\u0130KA ofisi a\u00e7\u0131l\u0131yor<\/p>\n<p>\u0130\u015f birli\u011finde bulunulmas\u0131 hedeflenen \u00fclke ve topluluklarla ili\u015fkileri kar\u015f\u0131l\u0131kl\u0131 kalk\u0131nmaya da katk\u0131da bulunacak \u015fekilde d\u00fczenleme g\u00f6revi olan T\u0130KA\u2019n\u0131n bir ofisini de Kuzey K\u0131br\u0131s\u2019ta a\u00e7ma karar\u0131 verdiklerini ifade eden Ersoy, \u00e7al\u0131\u015fmalar\u0131n yak\u0131nda tamamlanmas\u0131n\u0131 beklediklerini ifade etti. Bu ad\u0131m\u0131n T\u0130KA\u2019n\u0131n KKTC\u2019deki yat\u0131r\u0131m ve faaliyetleri i\u00e7in gerekli bir ad\u0131m oldu\u011funu kaydeden Ersoy, bu ad\u0131mla birlikte T\u0130KA\u2019n\u0131n bir\u00e7ok sosyal sorumluluk projesini bakanl\u0131k ad\u0131na \u00fcstlenebilece\u011fini kaydetti. Kuzey K\u0131br\u0131s\u2019a turist ak\u0131\u015f\u0131n\u0131 artt\u0131rma y\u00f6n\u00fcnde sorulan bir soru \u00fczerine Ersoy, Kuzey K\u0131br\u0131s\u2019a gelen yerli ve yabanc\u0131 turist say\u0131s\u0131n\u0131 artt\u0131rmak i\u00e7in yurt d\u0131\u015f\u0131 tan\u0131t\u0131m faaliyetleri i\u00e7in \u00e7ok ciddi destek vereceklerini, reklam tan\u0131t\u0131m deste\u011fi de vereceklerini ifade etti.<\/p>\n<p>\u201cAktarmas\u0131z u\u00e7u\u015f i\u00e7in \u00e7al\u0131\u015fma y\u00fcr\u00fct\u00fcl\u00fcyor\u201d<\/p>\n<p>U\u00e7ak biletleri fiyatlar\u0131yla ilgili ise hem u\u00e7u\u015f say\u0131lar\u0131n\u0131n artt\u0131r\u0131lmas\u0131 hem de aktarmas\u0131z u\u00e7u\u015flar i\u00e7in \u00e7al\u0131\u015fma y\u00fcr\u00fctt\u00fcklerini kaydeden Ersoy, hi\u00e7 u\u00e7ak de\u011fi\u015ftirmeden Kuzey K\u0131br\u0131s\u2019a yolculuk i\u00e7in bir \u00e7al\u0131\u015fma yap\u0131p hayata ge\u00e7irmeleri gerekti\u011fini belirtti. Kuzey K\u0131br\u0131s\u2019\u0131n turizm potansiyelinin yeterli ve de\u011ferli oldu\u011funu kaydeden Bakan Ersoy, \u201cBurada fiyatlara tak\u0131lmamak laz\u0131m, fiyat s\u00fcbvansiyesine kap\u0131lmamak laz\u0131m. Do\u011fru bir tan\u0131t\u0131mla, do\u011fru ula\u015f\u0131m politikalar\u0131yla gelebilecek turisti buraya getirmek laz\u0131m. Do\u011fru bir \u015fekilde tan\u0131t\u0131m\u0131n\u0131 yapabilirsek fazlas\u0131yla turist alaca\u011f\u0131z\u201d dedi.<\/p>\n<p>Ersoy, hedeflerinin 2020 itibar\u0131yla planl\u0131 ve istikrarl\u0131 bir \u015fekilde s\u00fcrd\u00fcr\u00fclebilir bir tan\u0131t\u0131mla yabanc\u0131 turist say\u0131s\u0131n\u0131 Kuzey K\u0131br\u0131s\u2019ta artt\u0131rmak oldu\u011funu belirtti.<\/p>\n","protected":false},"excerpt":{"rendered":"<p>K\u00dcLT\u00dcR VE TUR\u0130ZM BAKANI MEHMET NUR\u0130 ERSOY, KKTC&#8217;DE MHP\u2019N\u0130N KURUCUSU ALPARSLAN T\u00dcRKE\u015e\u2019\u0130N KISA B\u0130R S\u00dcRE \u00d6NCE M\u00dcZEYE \u00c7EVR\u0130LEN DO\u011eDU\u011eU EV\u0130 Z\u0130YARET ETT\u0130. BAKAN ERSOY, SEL\u0130M\u0130YE CAM\u0130\u0130\u2019N\u0130N RESTORASYONUNU T\u00dcRK\u0130YE VAKIFLAR GENEL M\u00dcD\u00dcRL\u00dc\u011e\u00dcN\u00dcN \u00dcSTLEND\u0130\u011e\u0130N\u0130, \u0130LK ETAPTA 5 M\u0130LYON EUROLUK B\u0130R \u00c7ALI\u015eMA YAPILACA\u011eINI S\u00d6YLED\u0130.<\/p>\n","protected":false},"author":1,"featured_media":194763,"comment_status":"closed","ping_status":"open","sticky":false,"template":"","format":"standard","meta":{"jetpack_post_was_ever_published":false,"_jetpack_newsletter_access":"","_jetpack_dont_email_post_to_subs":false,"_jetpack_newsletter_tier_id":0,"_jetpack_memberships_contains_paywalled_content":false,"_jetpack_memberships_contains_paid_content":false,"footnotes":"","jetpack_publicize_message":"","jetpack_publicize_feature_enabled":true,"jetpack_social_post_already_shared":true,"jetpack_social_options":{"image_generator_settings":{"template":"highway","default_image_id":0,"font":"","enabled":false},"version":2}},"categories":[10],"tags":[933,18769,2868,207,2019,2184,48264,150],"class_list":["post-194762","post","type-post","status-publish","format-standard","has-post-thumbnail","hentry","category-dunya","tag-bakani","tag-dogdugu","tag-ersoy","tag-etti","tag-evi","tag-turizm","tag-turkesin","tag-ziyaret"],"jetpack_publicize_connections":[],"jetpack_featured_media_url":"https:\/\/i0.wp.com\/www.tvturk.com\/wp-content\/uploads\/2019\/08\/turizm-bakani-ersoy-turkesin-dogdugu-evi-ziyaret-etti_4e127b9.jpg?fit=1000%2C666","jetpack_sharing_enabled":true,"jetpack_shortlink":"https:\/\/wp.me\/paKIfm-OFk","_links":{"self":[{"href":"http:\/\/www.tvturk.com\/index.php\/wp-json\/wp\/v2\/posts\/194762","targetHints":{"allow":["GET"]}}],"collection":[{"href":"http:\/\/www.tvturk.com\/index.php\/wp-json\/wp\/v2\/posts"}],"about":[{"href":"http:\/\/www.tvturk.com\/index.php\/wp-json\/wp\/v2\/types\/post"}],"author":[{"embeddable":true,"href":"http:\/\/www.tvturk.com\/index.php\/wp-json\/wp\/v2\/users\/1"}],"replies":[{"embeddable":true,"href":"http:\/\/www.tvturk.com\/index.php\/wp-json\/wp\/v2\/comments?post=194762"}],"version-history":[{"count":0,"href":"http:\/\/www.tvturk.com\/index.php\/wp-json\/wp\/v2\/posts\/194762\/revisions"}],"wp:featuredmedia":[{"embeddable":true,"href":"http:\/\/www.tvturk.com\/index.php\/wp-json\/wp\/v2\/media\/194763"}],"wp:attachment":[{"href":"http:\/\/www.tvturk.com\/index.php\/wp-json\/wp\/v2\/media?parent=194762"}],"wp:term":[{"taxonomy":"category","embeddable":true,"href":"http:\/\/www.tvturk.com\/index.php\/wp-json\/wp\/v2\/categories?post=194762"},{"taxonomy":"post_tag","embeddable":true,"href":"http:\/\/www.tvturk.com\/index.php\/wp-json\/wp\/v2\/tags?post=194762"}],"curies":[{"name":"wp","href":"https:\/\/api.w.org\/{rel}","templated":true}]}}