{"id":194766,"date":"2019-08-22T16:16:30","date_gmt":"2019-08-22T13:16:30","guid":{"rendered":"http:\/\/www.tvturk.com\/index.php\/aksaraydaki-dolu-afetinde-zarar-goren-arazi-20-bin-dekara-yukseldi\/"},"modified":"2019-08-22T16:16:30","modified_gmt":"2019-08-22T13:16:30","slug":"aksaraydaki-dolu-afetinde-zarar-goren-arazi-20-bin-dekara-yukseldi","status":"publish","type":"post","link":"http:\/\/www.tvturk.com\/index.php\/aksaraydaki-dolu-afetinde-zarar-goren-arazi-20-bin-dekara-yukseldi\/","title":{"rendered":"Aksaray\u2019daki dolu afetinde zarar g\u00f6ren arazi 20 bin dekara y\u00fckseldi"},"content":{"rendered":"<p>Aksaray\u2019da 2 g\u00fcn \u00f6nce ak\u015fam saatlerinde 1 saat etkili olan dolu ve sa\u011fanak ya\u011fmur ya\u011f\u0131\u015f\u0131 20 bin dekar arazide ekili tar\u0131m \u00fcr\u00fcnlerini sildi, s\u00fcp\u00fcrd\u00fc.<\/p>\n<p>Aksaray\u2019da 2 g\u00fcn \u00f6nce ak\u015fam saatlerinde etkili olan sa\u011fanak ya\u011fmur ya\u011f\u0131\u015f\u0131 ve ard\u0131ndan dolu ya\u011f\u0131\u015f\u0131 1 saat i\u00e7erisinde 20 bin dekar ekili tar\u0131m arazisini vurdu. \u015eiddetli dolu ya\u011f\u0131\u015f\u0131 ay\u00e7i\u00e7e\u011fi ba\u015flar\u0131n\u0131 adeta delik de\u015fik ederken, m\u0131s\u0131r ve bah\u00e7elerde ekili sebzeleri yerle bir etti. Tar\u0131m arazileri adeta g\u00f6le d\u00f6n\u00fc\u015f\u00fcrken, ekili mahsuller tamamen telef oldu. \u00c7imeli ve Baym\u0131\u015f k\u00f6yleri ile Topakkaya, Ye\u015filova ve Ye\u015filtepe beldelerindeki tar\u0131m arazilerinde ay\u00e7i\u00e7e\u011fi, m\u0131s\u0131r tarlalar\u0131 ile ba\u011f ve bah\u00e7elerde b\u00fcy\u00fck zarar meydana geldi. Afetin ard\u0131ndan 2 g\u00fcn ge\u00e7erken, Tar\u0131m ve Orman M\u00fcd\u00fcrl\u00fc\u011f\u00fc ekiplerinin yapt\u0131\u011f\u0131 incelemelerde 20 bin dekar arazide y\u00fczde 100\u2019l\u00fck zarar olu\u015ftu\u011fu tespit edildi.<\/p>\n<p>Afet alanlar\u0131nda inceleme yapan AK Parti Milletvekili \u0130lknur \u0130nce\u00f6z, \u00e7ift\u00e7ilerle g\u00f6r\u00fc\u015ferek \u00e7al\u0131\u015fmalar\u0131n s\u00fcrd\u00fc\u011f\u00fcn\u00fc ve kimsenin ma\u011fdur edilmeyece\u011fini s\u00f6yledi. Milletvekili \u0130lknur \u0130nce\u00f6z, \u201cGe\u00e7ti\u011fimiz g\u00fcnlerde \u00e7ok yo\u011fun bir dolu ya\u011f\u0131\u015f\u0131 oldu. Hasar\u0131n b\u00fcy\u00fckl\u00fc\u011f\u00fcn\u00fc g\u00f6r\u00fcyoruz. \u015eu anda hasar tespit \u00e7al\u0131\u015fmalar\u0131 devam ediyor. Sigortal\u0131 sigortas\u0131z ayr\u0131m\u0131 yap\u0131lmaks\u0131z\u0131n b\u00fct\u00fcn alanlarda 6 ekip olu\u015fturuldu ve b\u00fct\u00fcn b\u00f6lgelerde s\u00fcreci i\u015fletiyorlar. Alanda tespit \u00e7al\u0131\u015fmalar\u0131 devam ediyor. Az evvel de k\u00f6yl\u00fclerimize, \u00e7ift\u00e7ilerimize s\u00fcreci anlatt\u0131k. Hi\u00e7bir k\u00f6yl\u00fc, \u00e7ift\u00e7ilerimizin ma\u011fdur edilmesini istemiyoruz. \u0130n\u015fallah burada da bu \u00e7al\u0131\u015fmalar tamamland\u0131ktan sonra Cumhurba\u015fkanl\u0131\u011f\u0131na g\u00f6nderilecek. O b\u00fct\u00e7eden biz de orada s\u00fcreci takip edece\u011fiz. \u00d6denekler geldi\u011finde sigortal\u0131 ve sigortas\u0131z ayr\u0131m\u0131 yap\u0131lmadan biz burada vatanda\u015flar\u0131m\u0131z\u0131n ma\u011fduriyetini azami \u00f6l\u00e7\u00fcde giderme gayreti i\u00e7erisinde olaca\u011f\u0131z\u201d dedi.<\/p>\n<p>Tar\u0131m ve Orman M\u00fcd\u00fcr\u00fc B\u00fclent Saklav ise hasar tespit \u00e7al\u0131\u015fmalar\u0131n\u0131 devam etti\u011fini belirterek, \u201cDolu afeti ile birlikte k\u00f6ylerimizde incelemeleri ba\u015flatt\u0131k. \u0130lk \u00f6n tespitimizde 10 bin dekar arazide zarar olu\u015fmu\u015ftu ama detayl\u0131 tespitlerimiz sonucu zarar g\u00f6ren ekili tar\u0131m arazisi 20 bin dekara ula\u015ft\u0131\u011f\u0131n\u0131 g\u00f6rd\u00fck. Ay\u00e7i\u00e7e\u011fi ve m\u0131s\u0131ra pancar\u0131n da eklendi\u011fini g\u00f6rd\u00fck. \u0130n\u015fallah bir hafta i\u00e7erisinde b\u00fct\u00fcn tespitlerimizi bitirip \u00e7ift\u00e7ilerimizi ma\u011fdur etmeyece\u011fiz\u201d \u015feklinde konu\u015ftu.<\/p>\n<p>Ziraat Odas\u0131 Ba\u015fkan\u0131 Emin Ko\u00e7ak, devletin her zaman oldu\u011fu gibi yine \u00fcreticisine sahip \u00e7\u0131kaca\u011f\u0131n\u0131 belirterek, \u201c\u015eu anda bu b\u00f6lgedeki \u00fcreticilerimiz ciddi \u015fekilde s\u0131k\u0131nt\u0131 i\u00e7erisinde. Kiminin tar\u0131m krediye, kiminin bankaya ciddi bor\u00e7lar\u0131 var. Bu d\u00f6nemde \u00fcreticilerimize para deste\u011fi yap\u0131l\u0131p faizsiz krediler ertelenirse bu b\u00f6lgedeki \u00fcreticilerimiz rahatlar. Tabii gelen Allah\u2019tan. Yapabilecek bir \u015fey yok ama h\u00fckumetimizin bize ge\u00e7mi\u015fte oldu\u011fu gibi sahip \u00e7\u0131kaca\u011f\u0131na inan\u0131yorum\u201d diye konu\u015ftu.<\/p>\n","protected":false},"excerpt":{"rendered":"<p>AKSARAY\u2019DA 2 G\u00dcN \u00d6NCE AK\u015eAM SAATLER\u0130NDE 1 SAAT ETK\u0130L\u0130 OLAN DOLU VE SA\u011eANAK YA\u011eMUR YA\u011eI\u015eI 20 B\u0130N DEKAR ARAZ\u0130DE EK\u0130L\u0130 TARIM \u00dcR\u00dcNLER\u0130N\u0130 S\u0130LD\u0130 S\u00dcP\u00dcRD\u00dc.<\/p>\n","protected":false},"author":1,"featured_media":194767,"comment_status":"closed","ping_status":"open","sticky":false,"template":"","format":"standard","meta":{"jetpack_post_was_ever_published":false,"_jetpack_newsletter_access":"","_jetpack_dont_email_post_to_subs":false,"_jetpack_newsletter_tier_id":0,"_jetpack_memberships_contains_paywalled_content":false,"_jetpack_memberships_contains_paid_content":false,"footnotes":"","jetpack_publicize_message":"","jetpack_publicize_feature_enabled":true,"jetpack_social_post_already_shared":true,"jetpack_social_options":{"image_generator_settings":{"template":"highway","default_image_id":0,"font":"","enabled":false},"version":2}},"categories":[1],"tags":[48876,24605,14166,213,48877,6667,5493,1681,900],"class_list":["post-194766","post","type-post","status-publish","format-standard","has-post-thumbnail","hentry","category-genel","tag-afetinde","tag-aksaraydaki","tag-arazi","tag-bin","tag-dekara","tag-dolu","tag-goren","tag-yukseldi","tag-zarar"],"jetpack_publicize_connections":[],"jetpack_featured_media_url":"https:\/\/i0.wp.com\/www.tvturk.com\/wp-content\/uploads\/2019\/08\/aksaraydaki-dolu-afetinde-zarar-goren-arazi-20-bin-dekara-yukseldi_112c610.jpg?fit=1000%2C666","jetpack_sharing_enabled":true,"jetpack_shortlink":"https:\/\/wp.me\/paKIfm-OFo","_links":{"self":[{"href":"http:\/\/www.tvturk.com\/index.php\/wp-json\/wp\/v2\/posts\/194766","targetHints":{"allow":["GET"]}}],"collection":[{"href":"http:\/\/www.tvturk.com\/index.php\/wp-json\/wp\/v2\/posts"}],"about":[{"href":"http:\/\/www.tvturk.com\/index.php\/wp-json\/wp\/v2\/types\/post"}],"author":[{"embeddable":true,"href":"http:\/\/www.tvturk.com\/index.php\/wp-json\/wp\/v2\/users\/1"}],"replies":[{"embeddable":true,"href":"http:\/\/www.tvturk.com\/index.php\/wp-json\/wp\/v2\/comments?post=194766"}],"version-history":[{"count":0,"href":"http:\/\/www.tvturk.com\/index.php\/wp-json\/wp\/v2\/posts\/194766\/revisions"}],"wp:featuredmedia":[{"embeddable":true,"href":"http:\/\/www.tvturk.com\/index.php\/wp-json\/wp\/v2\/media\/194767"}],"wp:attachment":[{"href":"http:\/\/www.tvturk.com\/index.php\/wp-json\/wp\/v2\/media?parent=194766"}],"wp:term":[{"taxonomy":"category","embeddable":true,"href":"http:\/\/www.tvturk.com\/index.php\/wp-json\/wp\/v2\/categories?post=194766"},{"taxonomy":"post_tag","embeddable":true,"href":"http:\/\/www.tvturk.com\/index.php\/wp-json\/wp\/v2\/tags?post=194766"}],"curies":[{"name":"wp","href":"https:\/\/api.w.org\/{rel}","templated":true}]}}