{"id":194788,"date":"2019-08-22T17:31:20","date_gmt":"2019-08-22T14:31:20","guid":{"rendered":"http:\/\/www.tvturk.com\/index.php\/kktcde-oto-hirsizi-mahkemede-firar-etti\/"},"modified":"2019-08-22T17:31:20","modified_gmt":"2019-08-22T14:31:20","slug":"kktcde-oto-hirsizi-mahkemede-firar-etti","status":"publish","type":"post","link":"http:\/\/www.tvturk.com\/index.php\/kktcde-oto-hirsizi-mahkemede-firar-etti\/","title":{"rendered":"KKTC\u2019de oto h\u0131rs\u0131z\u0131 mahkemede firar etti"},"content":{"rendered":"<p>Kuzey K\u0131br\u0131s T\u00fcrk Cumhuriyeti\u2019nde (KKTC), G\u00fcney K\u0131br\u0131s Rum Kesimi\u2019nden ara\u00e7 h\u0131rs\u0131zl\u0131\u011f\u0131 yapt\u0131\u011f\u0131 belirlen oto h\u0131rs\u0131z\u0131 mahkemede firar etti.<\/p>\n<p>G\u00fcney K\u0131br\u0131s Rum taraf\u0131ndan otomobilleri \u00e7al\u0131p KKTC\u2019ye ge\u00e7iren ve ard\u0131ndan da polis taraf\u0131ndan su\u00e7\u00fcst\u00fc tutuklanan G\u00f6khan Do\u011fan isimli bir \u015fah\u0131s, ara\u00e7 \u00e7almak ve yasak askeri b\u00f6lgeyi ihlal nedeniyle \u00e7\u0131kar\u0131ld\u0131\u011f\u0131 mahkemeden firar etti. Polis ka\u00e7an oto h\u0131rs\u0131z\u0131n foto\u011fraf\u0131n\u0131 bas\u0131na servis ederek vatanda\u015flar\u0131 uyard\u0131.<\/p>\n<p>A\u00e7\u0131klamada, &#8220;H\u0131rs\u0131zl\u0131k ve birinci derecede askeri yasak b\u00f6lgeyi ihlal su\u00e7lar\u0131ndan poliste tutuklu olarak bulunan G\u00f6khan Do\u011fan, bug\u00fcn Lefko\u015fa\u2019da askeri mahkemeye \u00e7\u0131kar\u0131ld\u0131\u011f\u0131 s\u0131rada firar etmi\u015ftir. Bahse konu \u015fahs\u0131 g\u00f6renlerin en yak\u0131n polis merkezine haber vermeleri \u00f6nemle rica olunur&#8221; denildi.<\/p>\n","protected":false},"excerpt":{"rendered":"<p>KUZEY KIBRIS T\u00dcRK CUMHUR\u0130YET\u0130&#8217;NDE (KKTC), G\u00dcNEY KIBRIS RUM KES\u0130M\u0130&#8217;NDEN ARA\u00c7 HIRSIZLI\u011eI YAPTI\u011eI BEL\u0130RLEN OTO HIRSIZI MAHKEMEDE F\u0130RAR ETT\u0130.<\/p>\n","protected":false},"author":1,"featured_media":194789,"comment_status":"closed","ping_status":"open","sticky":false,"template":"","format":"standard","meta":{"jetpack_post_was_ever_published":false,"_jetpack_newsletter_access":"","_jetpack_dont_email_post_to_subs":false,"_jetpack_newsletter_tier_id":0,"_jetpack_memberships_contains_paywalled_content":false,"_jetpack_memberships_contains_paid_content":false,"footnotes":"","jetpack_publicize_message":"","jetpack_publicize_feature_enabled":true,"jetpack_social_post_already_shared":true,"jetpack_social_options":{"image_generator_settings":{"template":"highway","default_image_id":0,"font":"","enabled":false},"version":2}},"categories":[10],"tags":[207,10993,2920,4716,3834,10158],"class_list":["post-194788","post","type-post","status-publish","format-standard","has-post-thumbnail","hentry","category-dunya","tag-etti","tag-firar","tag-hirsizi","tag-kktcde","tag-mahkemede","tag-oto"],"jetpack_publicize_connections":[],"jetpack_featured_media_url":"https:\/\/i0.wp.com\/www.tvturk.com\/wp-content\/uploads\/2019\/08\/kktcde-oto-hirsizi-mahkemede-firar-etti_ab1baa0.jpg?fit=788%2C1000","jetpack_sharing_enabled":true,"jetpack_shortlink":"https:\/\/wp.me\/paKIfm-OFK","_links":{"self":[{"href":"http:\/\/www.tvturk.com\/index.php\/wp-json\/wp\/v2\/posts\/194788","targetHints":{"allow":["GET"]}}],"collection":[{"href":"http:\/\/www.tvturk.com\/index.php\/wp-json\/wp\/v2\/posts"}],"about":[{"href":"http:\/\/www.tvturk.com\/index.php\/wp-json\/wp\/v2\/types\/post"}],"author":[{"embeddable":true,"href":"http:\/\/www.tvturk.com\/index.php\/wp-json\/wp\/v2\/users\/1"}],"replies":[{"embeddable":true,"href":"http:\/\/www.tvturk.com\/index.php\/wp-json\/wp\/v2\/comments?post=194788"}],"version-history":[{"count":0,"href":"http:\/\/www.tvturk.com\/index.php\/wp-json\/wp\/v2\/posts\/194788\/revisions"}],"wp:featuredmedia":[{"embeddable":true,"href":"http:\/\/www.tvturk.com\/index.php\/wp-json\/wp\/v2\/media\/194789"}],"wp:attachment":[{"href":"http:\/\/www.tvturk.com\/index.php\/wp-json\/wp\/v2\/media?parent=194788"}],"wp:term":[{"taxonomy":"category","embeddable":true,"href":"http:\/\/www.tvturk.com\/index.php\/wp-json\/wp\/v2\/categories?post=194788"},{"taxonomy":"post_tag","embeddable":true,"href":"http:\/\/www.tvturk.com\/index.php\/wp-json\/wp\/v2\/tags?post=194788"}],"curies":[{"name":"wp","href":"https:\/\/api.w.org\/{rel}","templated":true}]}}