{"id":194808,"date":"2019-08-22T18:31:55","date_gmt":"2019-08-22T15:31:55","guid":{"rendered":"http:\/\/www.tvturk.com\/index.php\/is-bankasi-genel-muduru-balinin-annesi-son-yolculuguna-ugurlandi\/"},"modified":"2019-08-22T18:31:55","modified_gmt":"2019-08-22T15:31:55","slug":"is-bankasi-genel-muduru-balinin-annesi-son-yolculuguna-ugurlandi","status":"publish","type":"post","link":"http:\/\/www.tvturk.com\/index.php\/is-bankasi-genel-muduru-balinin-annesi-son-yolculuguna-ugurlandi\/","title":{"rendered":"\u0130\u015f Bankas\u0131 Genel M\u00fcd\u00fcr\u00fc Bali\u2019nin annesi son yolculu\u011funa u\u011furland\u0131"},"content":{"rendered":"<p>\u0130\u015f Bankas\u0131 Genel M\u00fcd\u00fcr\u00fc Adnan Bali\u2019nin annesi Sabiha Bali, Gaziantep\u2019in \u0130slahiye il\u00e7esinde son yolculu\u011funa u\u011furland\u0131.<\/p>\n<p>\u0130\u015f Bankas\u0131 Genel M\u00fcd\u00fcr\u00fc Adnan Bali\u2019nin annesi Sabiha Bali (84) Kurban Bayram\u0131\u2019nda beyin kanamas\u0131 te\u015fhisiyle hastanede tedavi g\u00f6r\u00fcyordu. 10 g\u00fcnd\u00fcr tedavi g\u00f6rd\u00fc\u011f\u00fc hastanede ya\u015fam\u0131n\u0131 d\u00fcn yitiren Bali i\u00e7in \u0130slahiye il\u00e7esinde cenaze t\u00f6reni d\u00fczenlendi. Cenaze t\u00f6renine Gaziantep Valisi Davut G\u00fcl, CHP Gaziantep milletvekilleri \u0130rfan Kaplan ve Bayram Y\u0131lmazkaya, Gaziantep \u0130l Jandarma Komutan\u0131 Jandarma Albay Halil Uysal, \u0130l Emniyet M\u00fcd\u00fcr\u00fc Faruk Karaduman, Gaziantep Sanayi Odas\u0131 ve Gazi\u015fehir Gaziantep Kul\u00fcb\u00fc Ba\u015fkan\u0131 Adil Konuko\u011flu ve SANKO Holding Onursal Ba\u015fkan\u0131 Abd\u00fclkadir Konuko\u011flu\u2019nun yan\u0131 s\u0131ra i\u015f ve siyaset d\u00fcnyas\u0131n\u0131n temsilcileri kat\u0131ld\u0131.<\/p>\n<p>\u0130\u015f Bankas\u0131 Genel M\u00fcd\u00fcr\u00fc Adnan Bali\u2019nin babas\u0131 e\u015fi Sabiha Bali\u2019nin tabutuna sar\u0131larak uzun s\u00fcre g\u00f6zya\u015f\u0131 d\u00f6kt\u00fc.<\/p>\n<p>Sabiha Bali\u2019nin cenazesi, S\u0131d\u0131ka Tayyar Camii\u2019nde ikindi namaz\u0131n\u0131 m\u00fcteakip k\u0131l\u0131nan cenaze namaz\u0131n\u0131n ard\u0131ndan \u0130slahiye Mezarl\u0131\u011f\u0131\u2019nda topra\u011fa verildi.<\/p>\n","protected":false},"excerpt":{"rendered":"<p>\u0130\u015e BANKASI GENEL M\u00dcD\u00dcR\u00dc  ADNAN BAL\u0130&#8217;N\u0130N ANNES\u0130 SAB\u0130HA BAL\u0130  SON YOLCULU\u011eUNA U\u011eURLANDI<\/p>\n","protected":false},"author":1,"featured_media":194809,"comment_status":"closed","ping_status":"open","sticky":false,"template":"","format":"standard","meta":{"jetpack_post_was_ever_published":false,"_jetpack_newsletter_access":"","_jetpack_dont_email_post_to_subs":false,"_jetpack_newsletter_tier_id":0,"_jetpack_memberships_contains_paywalled_content":false,"_jetpack_memberships_contains_paid_content":false,"footnotes":"","jetpack_publicize_message":"","jetpack_publicize_feature_enabled":true,"jetpack_social_post_already_shared":true,"jetpack_social_options":{"image_generator_settings":{"template":"highway","default_image_id":0,"font":"","enabled":false},"version":2}},"categories":[1],"tags":[5282,48893,3473,869,432,254,1240,2516,2515],"class_list":["post-194808","post","type-post","status-publish","format-standard","has-post-thumbnail","hentry","category-genel","tag-annesi","tag-balinin","tag-bankasi","tag-genel","tag-is","tag-muduru","tag-son","tag-ugurlandi","tag-yolculuguna"],"jetpack_publicize_connections":[],"jetpack_featured_media_url":"https:\/\/i0.wp.com\/www.tvturk.com\/wp-content\/uploads\/2019\/08\/is-bankasi-genel-muduru-balinin-annesi-son-yolculuguna-ugurlandi_e83da57.jpg?fit=1000%2C664","jetpack_sharing_enabled":true,"jetpack_shortlink":"https:\/\/wp.me\/paKIfm-OG4","_links":{"self":[{"href":"http:\/\/www.tvturk.com\/index.php\/wp-json\/wp\/v2\/posts\/194808","targetHints":{"allow":["GET"]}}],"collection":[{"href":"http:\/\/www.tvturk.com\/index.php\/wp-json\/wp\/v2\/posts"}],"about":[{"href":"http:\/\/www.tvturk.com\/index.php\/wp-json\/wp\/v2\/types\/post"}],"author":[{"embeddable":true,"href":"http:\/\/www.tvturk.com\/index.php\/wp-json\/wp\/v2\/users\/1"}],"replies":[{"embeddable":true,"href":"http:\/\/www.tvturk.com\/index.php\/wp-json\/wp\/v2\/comments?post=194808"}],"version-history":[{"count":0,"href":"http:\/\/www.tvturk.com\/index.php\/wp-json\/wp\/v2\/posts\/194808\/revisions"}],"wp:featuredmedia":[{"embeddable":true,"href":"http:\/\/www.tvturk.com\/index.php\/wp-json\/wp\/v2\/media\/194809"}],"wp:attachment":[{"href":"http:\/\/www.tvturk.com\/index.php\/wp-json\/wp\/v2\/media?parent=194808"}],"wp:term":[{"taxonomy":"category","embeddable":true,"href":"http:\/\/www.tvturk.com\/index.php\/wp-json\/wp\/v2\/categories?post=194808"},{"taxonomy":"post_tag","embeddable":true,"href":"http:\/\/www.tvturk.com\/index.php\/wp-json\/wp\/v2\/tags?post=194808"}],"curies":[{"name":"wp","href":"https:\/\/api.w.org\/{rel}","templated":true}]}}