{"id":194810,"date":"2019-08-22T18:32:00","date_gmt":"2019-08-22T15:32:00","guid":{"rendered":"http:\/\/www.tvturk.com\/index.php\/evlerini-ve-agaclari-saran-tirtillarla-mucadele-ediyorlar\/"},"modified":"2019-08-22T18:32:00","modified_gmt":"2019-08-22T15:32:00","slug":"evlerini-ve-agaclari-saran-tirtillarla-mucadele-ediyorlar","status":"publish","type":"post","link":"http:\/\/www.tvturk.com\/index.php\/evlerini-ve-agaclari-saran-tirtillarla-mucadele-ediyorlar\/","title":{"rendered":"Evlerini ve a\u011fa\u00e7lar\u0131 saran t\u0131rt\u0131llarla m\u00fccadele ediyorlar"},"content":{"rendered":"<p>Kocaeli\u2019nin K\u00f6rfez il\u00e7esinde vatanda\u015flar evlerini ve a\u011fa\u00e7lar\u0131 saran t\u0131rt\u0131llarla m\u00fccadele ediyor.<\/p>\n<p>Son 3 y\u0131ld\u0131r say\u0131lar\u0131 giderek artan t\u0131rt\u0131llar, ev ve bah\u00e7elerde b\u00fcy\u00fck problemlerin ya\u015fanmas\u0131na neden oluyor. Bah\u00e7elerdeki meyve a\u011fa\u00e7lar\u0131na dadanan t\u0131rt\u0131llar bir\u00e7ok a\u011fac\u0131n kurumas\u0131na neden oldu. Evlerin d\u0131\u015f cephe duvarlar\u0131n\u0131 da kaplayan t\u0131rt\u0131llarla m\u00fccadele eden vatanda\u015flar, evlerinin i\u00e7ine kadar giren bu s\u00fcr\u00fcngenleri s\u00fcp\u00fcrge ile temizliyor.<\/p>\n<p>T\u0131rt\u0131l y\u00fcz\u00fcnden evini ta\u015f\u0131d\u0131<\/p>\n<p>\u0130la\u00e7lama yap\u0131lmas\u0131na ra\u011fmen bir s\u00fcre sonra tekrar problem olu\u015fturan t\u0131rt\u0131llarla ilk defa kar\u015f\u0131la\u015fan vatanda\u015flar ise \u015fa\u015fk\u0131nl\u0131k ya\u015f\u0131yor. T\u0131rt\u0131llar\u0131n sa\u011fl\u0131k problemlerine neden olabilece\u011fini bilmediklerini s\u00f6yleyen Tayfun Bal\u0131k\u00e7\u0131 isimli vatanda\u015f, son 3 y\u0131ld\u0131r bu problemi ya\u015fad\u0131klar\u0131n\u0131 dile getirdi. Evlerine kadar giren t\u0131rt\u0131llar i\u00e7in bir \u00e7\u00f6z\u00fcm bulunmas\u0131 gerekti\u011fini kaydeden Bal\u0131k\u00e7\u0131, bir arkada\u015f\u0131n\u0131n t\u0131rt\u0131llarla m\u00fccadele edemedi\u011fi i\u00e7in evini b\u0131rakarak Bal\u0131kesir Ayval\u0131k\u2019ta bulunan yazl\u0131\u011f\u0131na gitti\u011fini s\u00f6yledi.<\/p>\n<p>\u201cT\u0131rt\u0131llarla s\u00fcp\u00fcrgelerle m\u00fccadele eder hale geldik\u201d<\/p>\n<p>Evlerin neredeyse ya\u015fan\u0131lmaz hale geldi\u011fini kaydeden Tayfun Bal\u0131k\u00e7\u0131, \u201cBu t\u0131rt\u0131llar 3 senedir yay\u0131lmaya ba\u015flad\u0131 ve her sene de art\u0131yorlar. 36 mahallemiz var. Bu mahallemizde her bah\u00e7ede, her a\u011fa\u00e7ta t\u0131rt\u0131llara rastlamaktay\u0131z. Bu t\u0131rt\u0131llar \u00f6nce dut a\u011fa\u00e7lar\u0131na dadanmaya ba\u015flad\u0131. Bunlar daha sonra yay\u0131ld\u0131klar\u0131 kiraz ve benzeri a\u011fa\u00e7lar\u0131 da kurumu\u015f hale getirdiler. Daha sonra da evleri sard\u0131lar. Evler neredeyse ya\u015fanamaz hale geldi. G\u00f6rd\u00fc\u011f\u00fcn\u00fcz gibi s\u00fcp\u00fcrgelerle m\u00fccadele eder hale geldik. Bununla ilgili bilimsel bir kurulun ara\u015ft\u0131rma yapmas\u0131, insan sa\u011fl\u0131\u011f\u0131na zararlar\u0131n\u0131n olup olmad\u0131\u011f\u0131n\u0131 ara\u015ft\u0131rmas\u0131 gerekiyor. Bu t\u0131rt\u0131llar \u00e7o\u011falmaya ba\u015flad\u0131lar ve \u00f6n\u00fcm\u00fczdeki y\u0131l da ne olaca\u011f\u0131 belli de\u011fil\u201d dedi.<\/p>\n<p>\u201cHemen hemen her evde bu t\u0131rt\u0131l sorunu var\u201d<\/p>\n<p>Bu konuda yetkililerin harekete ge\u00e7mesi gerekti\u011finin alt\u0131n\u0131 \u00e7izen Bal\u0131k\u00e7\u0131, \u201cBununla ilgili \u00e7al\u0131\u015fmalar\u0131n yap\u0131lmas\u0131 gerekmektedir. Son 3 y\u0131ld\u0131r bu t\u0131rt\u0131l vakas\u0131 ile kar\u015f\u0131la\u015f\u0131yoruz. Hemen hemen her evde bu t\u0131rt\u0131l sorunu var. A\u011fa\u00e7larda hi\u00e7 yaprak kalmad\u0131 diyebiliriz. Bug\u00fcn arad\u0131\u011f\u0131m bir arkada\u015f\u0131m t\u0131rt\u0131llar\u0131n evini sard\u0131\u011f\u0131n\u0131, art\u0131k m\u00fccadele edemedi\u011fi i\u00e7in Ayval\u0131k\u2019taki yazl\u0131\u011f\u0131na ka\u00e7t\u0131\u011f\u0131n\u0131 s\u00f6yledi. Biz bu hayvanlar\u0131 ilk defa g\u00f6rd\u00fck. Uzun t\u00fcyleri var. Ne gibi sa\u011fl\u0131\u011fa zararlar\u0131 var, kimyasal bir \u015fey yay\u0131yor mu konusunda bilgimiz yok. Biz bilim adam\u0131 de\u011filiz. Bununla ilgili bir kurul kurulmas\u0131n\u0131 talep ediyoruz. \u0130l Sa\u011fl\u0131k M\u00fcd\u00fcrl\u00fc\u011f\u00fc, belediyeler var. Bu insan sa\u011fl\u0131\u011f\u0131n\u0131 tehdit edebilir\u201d diye konu\u015ftu.<\/p>\n","protected":false},"excerpt":{"rendered":"<p>TAYFUN BALIK\u00c7I, \u201cBU TIRTILLAR 3 SENED\u0130R YAYILMAYA BA\u015eLADI VE HER SENE DE ARTIYORLAR. 36 MAHALLEM\u0130Z VAR. BU MAHALLEM\u0130ZDE HER BAH\u00c7EDE, HER A\u011eA\u00c7TA TIRTILLARA RASTLAMAKTAYIZ. BU TIRTILLAR \u00d6NCE DUT A\u011eA\u00c7LARINA DADANMAYA BA\u015eLADI. BUNLAR DAHA SONRA YAYILDIKLARI K\u0130RAZ VE BENZER\u0130 A\u011eA\u00c7LARI DA KURUMU\u015e HALE GET\u0130RD\u0130LER. DAHA SONRA DA EVLER\u0130 SARDILAR. EVLER NEREDEYSE YA\u015eANAMAZ HALE GELD\u0130. G\u00d6RD\u00dc\u011e\u00dcN\u00dcZ G\u0130B\u0130 S\u00dcP\u00dcRGELERLE M\u00dcCADELE EDER HALE GELD\u0130K. BUNUNLA \u0130LG\u0130L\u0130 B\u0130L\u0130MSEL B\u0130R KURULUN ARA\u015eTIRMA YAPMASI, \u0130NSAN SA\u011eLI\u011eINA ZARARLARININ OLUP OLMADI\u011eINI ARA\u015eTIRMASI GEREK\u0130YOR. BU TIRTILLAR \u00c7O\u011eALMAYA BA\u015eLADILAR VE \u00d6N\u00dcM\u00dcZDEK\u0130 YIL DA NE OLACA\u011eI BELL\u0130 DE\u011e\u0130L\u201d DED\u0130.<\/p>\n","protected":false},"author":1,"featured_media":194811,"comment_status":"closed","ping_status":"open","sticky":false,"template":"","format":"standard","meta":{"jetpack_post_was_ever_published":false,"_jetpack_newsletter_access":"","_jetpack_dont_email_post_to_subs":false,"_jetpack_newsletter_tier_id":0,"_jetpack_memberships_contains_paywalled_content":false,"_jetpack_memberships_contains_paid_content":false,"footnotes":"","jetpack_publicize_message":"","jetpack_publicize_feature_enabled":true,"jetpack_social_post_already_shared":true,"jetpack_social_options":{"image_generator_settings":{"template":"highway","default_image_id":0,"font":"","enabled":false},"version":2}},"categories":[1],"tags":[973,12696,11530,888,32311,48894],"class_list":["post-194810","post","type-post","status-publish","format-standard","has-post-thumbnail","hentry","category-genel","tag-agaclari","tag-ediyorlar","tag-evlerini","tag-mucadele","tag-saran","tag-tirtillarla"],"jetpack_publicize_connections":[],"jetpack_featured_media_url":"https:\/\/i0.wp.com\/www.tvturk.com\/wp-content\/uploads\/2019\/08\/evlerini-ve-agaclari-saran-tirtillarla-mucadele-ediyorlar_398643c.jpg?fit=1000%2C666","jetpack_sharing_enabled":true,"jetpack_shortlink":"https:\/\/wp.me\/paKIfm-OG6","_links":{"self":[{"href":"http:\/\/www.tvturk.com\/index.php\/wp-json\/wp\/v2\/posts\/194810","targetHints":{"allow":["GET"]}}],"collection":[{"href":"http:\/\/www.tvturk.com\/index.php\/wp-json\/wp\/v2\/posts"}],"about":[{"href":"http:\/\/www.tvturk.com\/index.php\/wp-json\/wp\/v2\/types\/post"}],"author":[{"embeddable":true,"href":"http:\/\/www.tvturk.com\/index.php\/wp-json\/wp\/v2\/users\/1"}],"replies":[{"embeddable":true,"href":"http:\/\/www.tvturk.com\/index.php\/wp-json\/wp\/v2\/comments?post=194810"}],"version-history":[{"count":0,"href":"http:\/\/www.tvturk.com\/index.php\/wp-json\/wp\/v2\/posts\/194810\/revisions"}],"wp:featuredmedia":[{"embeddable":true,"href":"http:\/\/www.tvturk.com\/index.php\/wp-json\/wp\/v2\/media\/194811"}],"wp:attachment":[{"href":"http:\/\/www.tvturk.com\/index.php\/wp-json\/wp\/v2\/media?parent=194810"}],"wp:term":[{"taxonomy":"category","embeddable":true,"href":"http:\/\/www.tvturk.com\/index.php\/wp-json\/wp\/v2\/categories?post=194810"},{"taxonomy":"post_tag","embeddable":true,"href":"http:\/\/www.tvturk.com\/index.php\/wp-json\/wp\/v2\/tags?post=194810"}],"curies":[{"name":"wp","href":"https:\/\/api.w.org\/{rel}","templated":true}]}}