{"id":194830,"date":"2019-08-22T20:31:43","date_gmt":"2019-08-22T17:31:43","guid":{"rendered":"http:\/\/www.tvturk.com\/index.php\/kahramanmarasli-siyam-ikizleri-cumhurbaskanligi-kulliyesinde\/"},"modified":"2019-08-22T20:31:43","modified_gmt":"2019-08-22T17:31:43","slug":"kahramanmarasli-siyam-ikizleri-cumhurbaskanligi-kulliyesinde","status":"publish","type":"post","link":"http:\/\/www.tvturk.com\/index.php\/kahramanmarasli-siyam-ikizleri-cumhurbaskanligi-kulliyesinde\/","title":{"rendered":"Kahramanmara\u015fl\u0131 siyam ikizleri Cumhurba\u015fkanl\u0131\u011f\u0131 K\u00fclliyesi\u2019nde"},"content":{"rendered":"<p>Cumhurba\u015fkan\u0131 Recep Tayyip Erdo\u011fan\u2019\u0131n e\u015fi Emine Erdo\u011fan, \u00f6zel konuklar\u0131 Kahramanmara\u015fl\u0131 siyam ikizleri Ay\u015fe ve Sema\u2019y\u0131 K\u00fclliye\u2019de konuk etti.<\/p>\n<p>Cumhurba\u015fkan\u0131 Erdo\u011fan\u2019\u0131n e\u015fi Emine Erdo\u011fan, \u00f6zel konuklar\u0131 olarak Kahramanmara\u015f\u2019\u0131n K\u0131rmankaya K\u00f6y\u00fc\u2019nden siyam ikizleri Ay\u015fe ve Sema k\u0131z karde\u015fler K\u00fclliye\u2019ye misafir oldu. Emine Erdo\u011fan yapt\u0131\u011f\u0131 payla\u015f\u0131mda, \u201cPozitif enerjileri ve azimleriyle bize ilham veren Ay\u015fe ve Sema karde\u015flere e\u011fitim hayatlar\u0131nda ba\u015far\u0131lar diliyorum\u201d dedi.<\/p>\n<p>Cumhurba\u015fkan\u0131 Erdo\u011fan ve e\u015fi Emine Erdo\u011fan, siyam ikizleri Ay\u015fe ve Sema k\u0131z karde\u015flerle bol bol resim \u00e7ektirdi.<\/p>\n","protected":false},"excerpt":{"rendered":"<p>CUMHURBA\u015eKANI RECEP TAYY\u0130P ERDO\u011eAN\u2019IN E\u015e\u0130 EM\u0130NE ERDO\u011eAN, \u00d6ZEL KONUKLARI KAHRAMANMARA\u015eLI S\u0130YAM \u0130K\u0130ZLER\u0130 AY\u015eE VE SEMA\u2019YI K\u00dcLL\u0130YE&#8217;DE KONUK ETT\u0130.<\/p>\n","protected":false},"author":1,"featured_media":194831,"comment_status":"closed","ping_status":"open","sticky":false,"template":"","format":"standard","meta":{"jetpack_post_was_ever_published":false,"_jetpack_newsletter_access":"","_jetpack_dont_email_post_to_subs":false,"_jetpack_newsletter_tier_id":0,"_jetpack_memberships_contains_paywalled_content":false,"_jetpack_memberships_contains_paid_content":false,"footnotes":"","jetpack_publicize_message":"","jetpack_publicize_feature_enabled":true,"jetpack_social_post_already_shared":true,"jetpack_social_options":{"image_generator_settings":{"template":"highway","default_image_id":0,"font":"","enabled":false},"version":2}},"categories":[1],"tags":[5204,40998,33325,19566,40875],"class_list":["post-194830","post","type-post","status-publish","format-standard","has-post-thumbnail","hentry","category-genel","tag-cumhurbaskanligi","tag-ikizleri","tag-kahramanmarasli","tag-kulliyesinde","tag-siyam"],"jetpack_publicize_connections":[],"jetpack_featured_media_url":"https:\/\/i0.wp.com\/www.tvturk.com\/wp-content\/uploads\/2019\/08\/kahramanmarasli-siyam-ikizleri-cumhurbaskanligi-kulliyesinde_9e90fa4.jpg?fit=1000%2C814","jetpack_sharing_enabled":true,"jetpack_shortlink":"https:\/\/wp.me\/paKIfm-OGq","_links":{"self":[{"href":"http:\/\/www.tvturk.com\/index.php\/wp-json\/wp\/v2\/posts\/194830","targetHints":{"allow":["GET"]}}],"collection":[{"href":"http:\/\/www.tvturk.com\/index.php\/wp-json\/wp\/v2\/posts"}],"about":[{"href":"http:\/\/www.tvturk.com\/index.php\/wp-json\/wp\/v2\/types\/post"}],"author":[{"embeddable":true,"href":"http:\/\/www.tvturk.com\/index.php\/wp-json\/wp\/v2\/users\/1"}],"replies":[{"embeddable":true,"href":"http:\/\/www.tvturk.com\/index.php\/wp-json\/wp\/v2\/comments?post=194830"}],"version-history":[{"count":0,"href":"http:\/\/www.tvturk.com\/index.php\/wp-json\/wp\/v2\/posts\/194830\/revisions"}],"wp:featuredmedia":[{"embeddable":true,"href":"http:\/\/www.tvturk.com\/index.php\/wp-json\/wp\/v2\/media\/194831"}],"wp:attachment":[{"href":"http:\/\/www.tvturk.com\/index.php\/wp-json\/wp\/v2\/media?parent=194830"}],"wp:term":[{"taxonomy":"category","embeddable":true,"href":"http:\/\/www.tvturk.com\/index.php\/wp-json\/wp\/v2\/categories?post=194830"},{"taxonomy":"post_tag","embeddable":true,"href":"http:\/\/www.tvturk.com\/index.php\/wp-json\/wp\/v2\/tags?post=194830"}],"curies":[{"name":"wp","href":"https:\/\/api.w.org\/{rel}","templated":true}]}}