{"id":194832,"date":"2019-08-22T22:02:21","date_gmt":"2019-08-22T19:02:21","guid":{"rendered":"http:\/\/www.tvturk.com\/index.php\/uefa-avrupa-ligi-aek-1-trabzonspor-2-ilk-yari\/"},"modified":"2019-08-22T22:02:21","modified_gmt":"2019-08-22T19:02:21","slug":"uefa-avrupa-ligi-aek-1-trabzonspor-2-ilk-yari","status":"publish","type":"post","link":"http:\/\/www.tvturk.com\/index.php\/uefa-avrupa-ligi-aek-1-trabzonspor-2-ilk-yari\/","title":{"rendered":"UEFA Avrupa Ligi: AEK: 1 &#8211; Trabzonspor: 2 (\u0130lk yar\u0131)"},"content":{"rendered":"<p>UEFA Avrupa Ligi Play-Off Turu ilk ma\u00e7\u0131nda Trabzonspor, Yunanistan deplasman\u0131nda AEK ile kar\u015f\u0131la\u015f\u0131yor. Seyircisiz oynanan m\u00fccadelenin ilk yar\u0131s\u0131n\u0131 bordo-mavili ekip 2-1 \u00f6nde tamamlad\u0131.<\/p>\n<p>Ma\u00e7tan dakikalar (\u0130lk yar\u0131)<\/p>\n<p>4. dakikada sol kanattan Lopes\u2019in ceza sahas\u0131na pas\u0131nda Livaja\u2019n\u0131n geli\u015fine yerden vuru\u015funda top a\u011flarla bulu\u015ftu.  1-0<\/p>\n<p>7. dakikada ceza yay\u0131n\u0131n biraz gerisinden Abdulkadir \u00d6m\u00fcr\u2019\u00fcn yerden d\u00fczg\u00fcn vuru\u015funda kaleci Barkas me\u015fin yuvarla\u011f\u0131 kornere \u00e7eldi.<\/p>\n<p>11. dakikada Livaja\u2019n\u0131n pas\u0131nda ceza sahas\u0131 i\u00e7i sa\u011f \u00e7apraz\u0131nda topla bulu\u015fan Oliveira\u2019n\u0131n \u015futunu kaleci U\u011furcan iki hamlede kontrol etti.<\/p>\n<p>17. dakikada Nwakaeme\u2019nin \u015f\u0131k pas\u0131nda sol kanatta topla bulu\u015fan Ekuban\u2019\u0131n ceza sahas\u0131na girer girmez vuru\u015funda top yandan auta \u00e7\u0131kt\u0131.<\/p>\n<p>22. dakikada Vranjes, ceza sahas\u0131 i\u00e7inde Novak\u2019\u0131 yere d\u00fc\u015f\u00fcr\u00fcnce hakem Siebert beyaz noktay\u0131 g\u00f6sterdi.<\/p>\n<p>23. dakikada Penalt\u0131 at\u0131\u015f\u0131 i\u00e7in topun ba\u015f\u0131na ge\u00e7en Sosa\u2019n\u0131n \u015futu \u00fcst dire\u011fe \u00e7arparak oyun alan\u0131na geri d\u00f6nd\u00fc.<\/p>\n<p>28. dakikada sa\u011f kanattan Sosa\u2019n\u0131n kulland\u0131\u011f\u0131 k\u00f6\u015fe at\u0131\u015f\u0131nda ceza sahas\u0131 i\u00e7inde Nwakaeme\u2019nin kafa vuru\u015funda arka direkte Novak\u2019\u0131n aya\u011f\u0131na \u00e7arpan topu takip eden Ekuban kale \u00f6n\u00fcnde me\u015fin yuvarla\u011f\u0131 a\u011flara yollad\u0131. 1-1<\/p>\n<p>44. dakikada sol kanattan Sosa\u2019n\u0131n kulland\u0131\u011f\u0131 k\u00f6\u015fe at\u0131\u015f\u0131nda kale \u00f6n\u00fcnde Ekuban\u2019\u0131n kafa vuru\u015funda top filelerle bulu\u015ftu. 1-2<\/p>\n<p>Stat: OAKA Spyros Louis<\/p>\n<p>Hakemler: Daniel Siebert xx, Rafael Foltyn xx Jan Seidel xx<\/p>\n<p>AEK: Barkas x, Paulinho x, Vranjes x, Svarnas x, Lopes xx, Simao x, Simoes x, Verde xx, Livaja xxx, Mantalos x, Oliviera x<\/p>\n<p>Yedekler: Athanasiadis, Oikonomou, Bakakis, Geraldes, Galanopoulos, Krsticic, Giakoumakis<\/p>\n<p>Teknik Direkt\u00f6r: Miguel Cardoso<\/p>\n<p>Trabzonspor: U\u011furcan Xxx, Pereira xxx, H\u00fcseyin xx, Hosseini xx, Novak Xxx, Abdulkadir Parmak xx, Sosa xxx, Abd\u00fclkadir \u00d6m\u00fcr xxx, Ekuban xxxx, Nwakaeme xxx, S\u00f6rloth xx<\/p>\n<p>Yedekler: Erce Karde\u015fler, Fernandes, Campi, Do\u011fan Erdo\u011fan, Yusuf Sar\u0131, Obi Mikel, Avdijaj<\/p>\n<p>Teknik Direkt\u00f6r: \u00dcnal Karaman<\/p>\n<p>Goller: Livaja (dk. 4) (AEK), Ekuban (dk. 28 ve 44) (Trabzonspor)<\/p>\n<p>Sar\u0131 kartlar: Livaja, Vranjes (AEK)<\/p>\n","protected":false},"excerpt":{"rendered":"<p>UEFA AVRUPA L\u0130G\u0130 PLAY-OFF TURU \u0130LK MA\u00c7INDA TRABZONSPOR, YUNAN\u0130STAN DEPLASMANINDA AEK \u0130LE KAR\u015eILA\u015eIYOR. SEY\u0130RC\u0130S\u0130Z OYNANAN M\u00dcCADELEN\u0130N \u0130LK YARISINI BORDO-MAV\u0130L\u0130 EK\u0130P 2-1 \u00d6NDE TAMAMLADI.<\/p>\n","protected":false},"author":1,"featured_media":194833,"comment_status":"closed","ping_status":"open","sticky":false,"template":"","format":"standard","meta":{"jetpack_post_was_ever_published":false,"_jetpack_newsletter_access":"","_jetpack_dont_email_post_to_subs":false,"_jetpack_newsletter_tier_id":0,"_jetpack_memberships_contains_paywalled_content":false,"_jetpack_memberships_contains_paid_content":false,"footnotes":"","jetpack_publicize_message":"","jetpack_publicize_feature_enabled":true,"jetpack_social_post_already_shared":true,"jetpack_social_options":{"image_generator_settings":{"template":"highway","default_image_id":0,"font":"","enabled":false},"version":2}},"categories":[657],"tags":[48563,392,37,1717,916,1716,918],"class_list":["post-194832","post","type-post","status-publish","format-standard","has-post-thumbnail","hentry","category-spor","tag-aek","tag-avrupa","tag-ilk","tag-ligi","tag-trabzonspor","tag-uefa","tag-yari"],"jetpack_publicize_connections":[],"jetpack_featured_media_url":"https:\/\/i0.wp.com\/www.tvturk.com\/wp-content\/uploads\/2019\/08\/uefa-avrupa-ligi-aek-1-trabzonspor-2-ilk-yari_284b743.jpg?fit=1000%2C665","jetpack_sharing_enabled":true,"jetpack_shortlink":"https:\/\/wp.me\/paKIfm-OGs","_links":{"self":[{"href":"http:\/\/www.tvturk.com\/index.php\/wp-json\/wp\/v2\/posts\/194832","targetHints":{"allow":["GET"]}}],"collection":[{"href":"http:\/\/www.tvturk.com\/index.php\/wp-json\/wp\/v2\/posts"}],"about":[{"href":"http:\/\/www.tvturk.com\/index.php\/wp-json\/wp\/v2\/types\/post"}],"author":[{"embeddable":true,"href":"http:\/\/www.tvturk.com\/index.php\/wp-json\/wp\/v2\/users\/1"}],"replies":[{"embeddable":true,"href":"http:\/\/www.tvturk.com\/index.php\/wp-json\/wp\/v2\/comments?post=194832"}],"version-history":[{"count":0,"href":"http:\/\/www.tvturk.com\/index.php\/wp-json\/wp\/v2\/posts\/194832\/revisions"}],"wp:featuredmedia":[{"embeddable":true,"href":"http:\/\/www.tvturk.com\/index.php\/wp-json\/wp\/v2\/media\/194833"}],"wp:attachment":[{"href":"http:\/\/www.tvturk.com\/index.php\/wp-json\/wp\/v2\/media?parent=194832"}],"wp:term":[{"taxonomy":"category","embeddable":true,"href":"http:\/\/www.tvturk.com\/index.php\/wp-json\/wp\/v2\/categories?post=194832"},{"taxonomy":"post_tag","embeddable":true,"href":"http:\/\/www.tvturk.com\/index.php\/wp-json\/wp\/v2\/tags?post=194832"}],"curies":[{"name":"wp","href":"https:\/\/api.w.org\/{rel}","templated":true}]}}