{"id":194838,"date":"2019-08-22T23:16:09","date_gmt":"2019-08-22T20:16:09","guid":{"rendered":"http:\/\/www.tvturk.com\/index.php\/ingilterenin-yeni-basbakani-johnsondan-dikkat-ceken-rahatlik\/"},"modified":"2019-08-22T23:16:09","modified_gmt":"2019-08-22T20:16:09","slug":"ingilterenin-yeni-basbakani-johnsondan-dikkat-ceken-rahatlik","status":"publish","type":"post","link":"http:\/\/www.tvturk.com\/index.php\/ingilterenin-yeni-basbakani-johnsondan-dikkat-ceken-rahatlik\/","title":{"rendered":"\u0130ngiltere\u2019nin yeni Ba\u015fbakan\u0131 Johnson\u2019dan dikkat \u00e7eken rahatl\u0131k"},"content":{"rendered":"<p>\u0130ngiltere\u2019nin yeni Ba\u015fbakan\u0131 Boris Johnson resmi temaslar\u0131ndaki rahatl\u0131\u011f\u0131 ile dikkat \u00e7ekti. Almanya\u2019da resmi t\u00f6rende elleri arkada dola\u015fan Jonhson, Fransa\u2019da Elysee Saray\u0131\u2019nda aya\u011f\u0131n\u0131 sehpaya koydu.<\/p>\n<p>\u0130ngiltere\u2019nin yeni Ba\u015fbakan\u0131 Boris Johnson Almanya ve Fransa temaslar\u0131ndaki rahat hareketleri ile dikkat \u00e7ekti. Ba\u015fbakan se\u00e7ildikten sonraki ilk resmi yurt d\u0131\u015f\u0131 temaslar\u0131 i\u00e7in \u00f6nce Almanya\u2019ya giden Johnson burada Almanya Ba\u015fbakan\u0131 Merkel ile kat\u0131ld\u0131\u011f\u0131 resmi t\u00f6rende elleri arkada y\u00fcr\u00fcd\u00fc. Bug\u00fcn ise Fransa temaslar\u0131 i\u00e7in ba\u015fkent Paris\u2019teki Elysee Saray\u0131\u2019nda Fransa Cumhurba\u015fkan\u0131 Emmanuel Macron ile bir araya gelen Johnson ayaklar\u0131n\u0131 bir anl\u0131\u011f\u0131na sehpaya uzat\u0131p geri \u00e7ekti. O anlar ise kameralar taraf\u0131ndan kaydedildi.<\/p>\n","protected":false},"excerpt":{"rendered":"<p>\u0130NG\u0130LTERE\u2019N\u0130N YEN\u0130 BA\u015eBAKANI BOR\u0130S JOHNSON RESM\u0130 TEMASLARINDAK\u0130 RAHATLI\u011eI \u0130LE D\u0130KKAT \u00c7EKT\u0130. ALMANYA\u2019DA RESM\u0130 T\u00d6RENDE ELLER\u0130 ARKADA DOLA\u015eAN JONHSON, FRANSA\u2019DA ELYSEE SARAYI&#8217;NDA AYA\u011eINI SEHPAYA KOYDU.<\/p>\n","protected":false},"author":1,"featured_media":194839,"comment_status":"closed","ping_status":"open","sticky":false,"template":"","format":"standard","meta":{"jetpack_post_was_ever_published":false,"_jetpack_newsletter_access":"","_jetpack_dont_email_post_to_subs":false,"_jetpack_newsletter_tier_id":0,"_jetpack_memberships_contains_paywalled_content":false,"_jetpack_memberships_contains_paid_content":false,"footnotes":"","jetpack_publicize_message":"","jetpack_publicize_feature_enabled":true,"jetpack_social_post_already_shared":true,"jetpack_social_options":{"image_generator_settings":{"template":"highway","default_image_id":0,"font":"","enabled":false},"version":2}},"categories":[10],"tags":[651,4597,1440,15129,46303,48903,87],"class_list":["post-194838","post","type-post","status-publish","format-standard","has-post-thumbnail","hentry","category-dunya","tag-basbakani","tag-ceken","tag-dikkat","tag-ingilterenin","tag-johnsondan","tag-rahatlik","tag-yeni"],"jetpack_publicize_connections":[],"jetpack_featured_media_url":"https:\/\/i0.wp.com\/www.tvturk.com\/wp-content\/uploads\/2019\/08\/ingilterenin-yeni-basbakani-johnsondan-dikkat-ceken-rahatlik_2b1c7b2.jpg?fit=1000%2C666","jetpack_sharing_enabled":true,"jetpack_shortlink":"https:\/\/wp.me\/paKIfm-OGy","_links":{"self":[{"href":"http:\/\/www.tvturk.com\/index.php\/wp-json\/wp\/v2\/posts\/194838","targetHints":{"allow":["GET"]}}],"collection":[{"href":"http:\/\/www.tvturk.com\/index.php\/wp-json\/wp\/v2\/posts"}],"about":[{"href":"http:\/\/www.tvturk.com\/index.php\/wp-json\/wp\/v2\/types\/post"}],"author":[{"embeddable":true,"href":"http:\/\/www.tvturk.com\/index.php\/wp-json\/wp\/v2\/users\/1"}],"replies":[{"embeddable":true,"href":"http:\/\/www.tvturk.com\/index.php\/wp-json\/wp\/v2\/comments?post=194838"}],"version-history":[{"count":0,"href":"http:\/\/www.tvturk.com\/index.php\/wp-json\/wp\/v2\/posts\/194838\/revisions"}],"wp:featuredmedia":[{"embeddable":true,"href":"http:\/\/www.tvturk.com\/index.php\/wp-json\/wp\/v2\/media\/194839"}],"wp:attachment":[{"href":"http:\/\/www.tvturk.com\/index.php\/wp-json\/wp\/v2\/media?parent=194838"}],"wp:term":[{"taxonomy":"category","embeddable":true,"href":"http:\/\/www.tvturk.com\/index.php\/wp-json\/wp\/v2\/categories?post=194838"},{"taxonomy":"post_tag","embeddable":true,"href":"http:\/\/www.tvturk.com\/index.php\/wp-json\/wp\/v2\/tags?post=194838"}],"curies":[{"name":"wp","href":"https:\/\/api.w.org\/{rel}","templated":true}]}}