{"id":194848,"date":"2019-08-23T09:01:36","date_gmt":"2019-08-23T06:01:36","guid":{"rendered":"http:\/\/www.tvturk.com\/index.php\/emekliliginin-15inci-yilinda-universite-kazandi\/"},"modified":"2019-08-23T09:01:36","modified_gmt":"2019-08-23T06:01:36","slug":"emekliliginin-15inci-yilinda-universite-kazandi","status":"publish","type":"post","link":"http:\/\/www.tvturk.com\/index.php\/emekliliginin-15inci-yilinda-universite-kazandi\/","title":{"rendered":"Emeklili\u011finin 15\u2019inci y\u0131l\u0131nda \u00fcniversite kazand\u0131"},"content":{"rendered":"<p>Ordu\u2019da, hayali olan \u00fcniversite e\u011fitimi almay\u0131 y\u0131llar sonra ailesinin deste\u011fi ile emeklilik y\u0131llar\u0131nda ger\u00e7e\u011fe d\u00f6n\u00fc\u015ft\u00fcren emekli polis memuru, \u00f6\u011frencilik hayat\u0131na d\u00f6n\u00fc\u015f yapt\u0131.<\/p>\n<p>Ordu\u2019da ya\u015fayan ve 15 y\u0131l \u00f6nce emekli olan Akif Beyaz\u0131t, \u2018okuman\u0131n ya\u015f\u0131 yok\u2019 diyerek, 55 ya\u015f\u0131nda \u00fcniversite s\u0131nav\u0131na girdi. Liseyi bitirdikten yakla\u015f\u0131k 40 y\u0131l sonra \u00fcniversite s\u0131nav\u0131na giren, polis memuru oldu\u011fu zamanlarda da hayali olan m\u00fczi\u011fi hi\u00e7 b\u0131rakmayan Beyaz\u0131t, kazand\u0131\u011f\u0131 Ordu \u00dcniversitesi (OD\u00dc) M\u00fczik ve Sahne Sanatlar\u0131 Fak\u00fcltesi T\u00fcrk M\u00fczi\u011fi B\u00f6l\u00fcm\u00fcne kayd\u0131n\u0131 yapt\u0131rd\u0131. E\u011fitim d\u00f6neminin ba\u015flayaca\u011f\u0131 g\u00fcn\u00fc sab\u0131rs\u0131zl\u0131kla bekleyen Beyaz\u0131t, ya\u015f\u0131tlar\u0131n\u0131n da e\u011fitim almas\u0131 gerekti\u011fini belirtiyor.<\/p>\n<p>\u201cAilemin deste\u011fi ile s\u0131nava girdim\u201d<\/p>\n<p>Akif Beyaz\u0131t, u\u011fra\u015ft\u0131\u011f\u0131 \u00e7e\u015fitli sosyal aktivitelerinin i\u00e7erisinde en \u00e7ok m\u00fczikle u\u011fra\u015fmay\u0131 sevdi\u011fini belirtti. G\u00f6rev yapt\u0131\u011f\u0131 s\u00fcre\u00e7te de m\u00fczikten hi\u00e7 kopmayan, kendince eserleri de bulunan Beyaz\u0131t, yine g\u00f6rev yapt\u0131\u011f\u0131 esnada a\u00e7\u0131k \u00f6\u011fretimden i\u015fletme fak\u00fcltesi y\u00f6netim ve organizasyon b\u00f6l\u00fcm\u00fcn\u00fc bitirdi\u011fini, emekli olduktan sonra ise \u00f6rg\u00fcn e\u011fitim almaya karar verdi\u011fini anlatt\u0131. Beyaz\u0131t, \u201cAilemin de \u00e7ok b\u00fcy\u00fck deste\u011fi ile s\u0131nava girdim. Bizim lise okudu\u011fumuz d\u00f6nemde 80\u2019li y\u0131llar oldu\u011fundan okullarda ders bile yap\u0131lam\u0131yordu. Matematik, kimya, biyoloji neredeyse g\u00f6remedik. Ancak liseyi bitirdikten 36 y\u0131l sonra \u00fcniversite s\u0131nav\u0131na girdim ve s\u0131nav\u0131 kazand\u0131m. Benim i\u00e7in \u00e7ok b\u00fcy\u00fck s\u00fcrpriz de\u011fildi, ba\u015farabilece\u011fime de inan\u0131yordum. M\u00fczik ve Sahne Sanatlar\u0131 Fak\u00fcltesini, m\u00fczi\u011fimi daha iyi geli\u015ftireyim, m\u00fczik bilgimi \u00fcst seviyelere \u00e7ekeyim istedim\u201d dedi.<\/p>\n<p>\u201cBenim i\u00e7in y\u0131llard\u0131r arzuydu, b\u00fct\u00fcn \u00f6\u011frencilerden heyecanl\u0131y\u0131m\u201d<\/p>\n<p>2019-2020 e\u011fitim d\u00f6nemi i\u00e7in Ordu \u00dcniversitesi giderek kesin kayd\u0131n\u0131 yapt\u0131ran Akif Beyaz\u0131t, \u201cBu benim i\u00e7in arzuydu, y\u0131llard\u0131r yapamad\u0131\u011f\u0131m bir \u015feydi. Lise bitti\u011finde de bu \u00f6rg\u00fcn m\u00fczik e\u011fitimi almak istemi\u015ftim. Bu g\u00fcne nasipmi\u015f, emekli olduktan sonra nasip oldu. 16 Eyl\u00fcl tarihinde ba\u015flayacak olan e\u011fitim d\u00f6nemini belki de b\u00fct\u00fcn \u00f6\u011frencilerden daha heyecanl\u0131 bir \u015fekilde bekliyorum. Olduk\u00e7a sab\u0131rs\u0131z\u0131m, benim i\u00e7in e\u011fitimin ba\u015flamas\u0131na uzun bir zaman var. Sab\u0131rs\u0131zl\u0131kla bekliyorum\u201d \u015feklinde konu\u015ftu.<\/p>\n<p>\u201cBen \u00f6rnek olaca\u011f\u0131m, gelecek y\u0131l burada benim ya\u015f\u0131tlar\u0131m olacak\u201d<\/p>\n<p>Kendisinin, ya\u015f\u0131tlar\u0131na \u00f6rnek olaca\u011f\u0131n\u0131 da ifade eden Beyaz\u0131t, konu\u015fmas\u0131n\u0131 \u015f\u00f6yle tamamlad\u0131:<\/p>\n<p>\u201cBaz\u0131 arkada\u015flar\u0131m\u0131 bu y\u00f6nde psikolojik olarak s\u0131k\u0131\u015ft\u0131r\u0131yorum. Bir fark\u0131n\u0131z yok, bir t\u00fcrl\u00fc e\u011fitim al\u0131n diyorum. Muhtemelen bunu canl\u0131 g\u00f6rd\u00fcklerinde, e\u011fitim ba\u015flad\u0131\u011f\u0131nda ve ben buralara gidip geldi\u011fimde sosyal medya arac\u0131l\u0131\u011f\u0131 ile yay\u0131laca\u011f\u0131na inan\u0131yorum. Gelecek sene buraya bizim ya\u015flarda emekli insanlar\u0131n gelece\u011fini d\u00fc\u015f\u00fcn\u00fcyorum ve \u00e7ok \u00fcmitliyim.\u201d<\/p>\n","protected":false},"excerpt":{"rendered":"<p>ORDU&#8217;DA, HAYAL\u0130 OLAN \u00dcN\u0130VERS\u0130TE E\u011e\u0130T\u0130M\u0130 ALMAYI YILLAR SONRA A\u0130LES\u0130N\u0130N DESTE\u011e\u0130 \u0130LE EMEKL\u0130L\u0130K YILLARINDA GER\u00c7E\u011eE D\u00d6N\u00dc\u015eT\u00dcREN EMEKL\u0130 POL\u0130S MEMURU, \u00d6\u011eRENC\u0130L\u0130K HAYATINA D\u00d6N\u00dc\u015e YAPTI.<\/p>\n","protected":false},"author":1,"featured_media":194849,"comment_status":"closed","ping_status":"open","sticky":false,"template":"","format":"standard","meta":{"jetpack_post_was_ever_published":false,"_jetpack_newsletter_access":"","_jetpack_dont_email_post_to_subs":false,"_jetpack_newsletter_tier_id":0,"_jetpack_memberships_contains_paywalled_content":false,"_jetpack_memberships_contains_paid_content":false,"footnotes":"","jetpack_publicize_message":"","jetpack_publicize_feature_enabled":true,"jetpack_social_post_already_shared":true,"jetpack_social_options":{"image_generator_settings":{"template":"highway","default_image_id":0,"font":"","enabled":false},"version":2}},"categories":[1],"tags":[30786,48905,3801,1281,6266],"class_list":["post-194848","post","type-post","status-publish","format-standard","has-post-thumbnail","hentry","category-genel","tag-15inci","tag-emekliliginin","tag-kazandi","tag-universite","tag-yilinda"],"jetpack_publicize_connections":[],"jetpack_featured_media_url":"https:\/\/i0.wp.com\/www.tvturk.com\/wp-content\/uploads\/2019\/08\/emekliliginin-15inci-yilinda-universite-kazandi_c76acbf.jpg?fit=1000%2C662","jetpack_sharing_enabled":true,"jetpack_shortlink":"https:\/\/wp.me\/paKIfm-OGI","_links":{"self":[{"href":"http:\/\/www.tvturk.com\/index.php\/wp-json\/wp\/v2\/posts\/194848","targetHints":{"allow":["GET"]}}],"collection":[{"href":"http:\/\/www.tvturk.com\/index.php\/wp-json\/wp\/v2\/posts"}],"about":[{"href":"http:\/\/www.tvturk.com\/index.php\/wp-json\/wp\/v2\/types\/post"}],"author":[{"embeddable":true,"href":"http:\/\/www.tvturk.com\/index.php\/wp-json\/wp\/v2\/users\/1"}],"replies":[{"embeddable":true,"href":"http:\/\/www.tvturk.com\/index.php\/wp-json\/wp\/v2\/comments?post=194848"}],"version-history":[{"count":0,"href":"http:\/\/www.tvturk.com\/index.php\/wp-json\/wp\/v2\/posts\/194848\/revisions"}],"wp:featuredmedia":[{"embeddable":true,"href":"http:\/\/www.tvturk.com\/index.php\/wp-json\/wp\/v2\/media\/194849"}],"wp:attachment":[{"href":"http:\/\/www.tvturk.com\/index.php\/wp-json\/wp\/v2\/media?parent=194848"}],"wp:term":[{"taxonomy":"category","embeddable":true,"href":"http:\/\/www.tvturk.com\/index.php\/wp-json\/wp\/v2\/categories?post=194848"},{"taxonomy":"post_tag","embeddable":true,"href":"http:\/\/www.tvturk.com\/index.php\/wp-json\/wp\/v2\/tags?post=194848"}],"curies":[{"name":"wp","href":"https:\/\/api.w.org\/{rel}","templated":true}]}}