{"id":194862,"date":"2019-08-23T09:46:14","date_gmt":"2019-08-23T06:46:14","guid":{"rendered":"http:\/\/www.tvturk.com\/index.php\/tesk-baskani-palandoken-ciftciye-yapilacak-pesin-odeme-piyasayi-rahatlatir\/"},"modified":"2019-08-23T09:46:14","modified_gmt":"2019-08-23T06:46:14","slug":"tesk-baskani-palandoken-ciftciye-yapilacak-pesin-odeme-piyasayi-rahatlatir","status":"publish","type":"post","link":"http:\/\/www.tvturk.com\/index.php\/tesk-baskani-palandoken-ciftciye-yapilacak-pesin-odeme-piyasayi-rahatlatir\/","title":{"rendered":"TESK Ba\u015fkan\u0131 Paland\u00f6ken: \u201c\u00c7ift\u00e7iye yap\u0131lacak pe\u015fin \u00f6deme piyasay\u0131 rahatlat\u0131r\u201d"},"content":{"rendered":"<p>TESK Genel Ba\u015fkan\u0131 Bendevi Paland\u00f6ken, \u201cBu\u011fday, \u00e7ay, f\u0131nd\u0131k, zeytin gibi bir\u00e7ok \u00fcr\u00fcnde \u00e7ift\u00e7iye \u00fcr\u00fcn\u00fc al\u0131\u015f esnaf\u0131nda ve taban fiyat\u0131n\u0131 da g\u00f6z \u00f6n\u00fcnde bulundurarak \u00f6deme yap\u0131lmas\u0131 hem \u00e7ift\u00e7iyi rahatlat\u0131r hem de esnaf\u0131m\u0131z\u0131 rahatlat\u0131r\u201d dedi.<\/p>\n<p>\u00c7ift\u00e7iye pe\u015fin \u00f6deme yap\u0131lmas\u0131n\u0131n can suyu de\u011ferinde olaca\u011f\u0131n\u0131 vurgulayan T\u00fcrkiye Esnaf ve Sanatk\u00e2rlar Konfederasyonu (TESK) Genel Ba\u015fkan\u0131 Bendevi Paland\u00f6ken, \u201cSosyal G\u00fcvenlik Kurumu ve T\u00fcrkiye \u0130statistik Kurumu\u2019nun verilerine g\u00f6re \u00fclkemizde \u00e7ift\u00e7i say\u0131s\u0131 son 10 y\u0131lda y\u00fczde 38 azald\u0131. Son 15 senede ise tar\u0131m alanlar\u0131 da y\u00fczde 12, sebze bah\u00e7eleri alanlar\u0131 ise y\u00fczde 15 k\u00fc\u00e7\u00fcld\u00fc. Tar\u0131mda kendi kendimize yetti\u011fimiz \u015fa\u015fal\u0131 g\u00fcnlerimize d\u00f6nmek ve tar\u0131mda bu d\u00fc\u015f\u00fc\u015f\u00fcn \u00f6n\u00fcne ge\u00e7mek zorunday\u0131z. Bunun i\u00e7in de \u00f6zellikle \u00e7ift\u00e7inin elinin rahatlat\u0131lmas\u0131 gerekiyor. \u00c7ift\u00e7inin \u00fcretti\u011fi \u00e7ay, f\u0131nd\u0131k, bu\u011fday, zeytin gibi \u00fcr\u00fcnlerin bedeli pe\u015fin olarak yap\u0131lmal\u0131. \u00c7\u00fcnk\u00fc \u00e7ift\u00e7i \u00f6deme g\u00fcn\u00fcne kadar elinde paras\u0131 olmad\u0131\u011f\u0131nda bor\u00e7lar\u0131n\u0131 \u00f6deyemiyor, \u00f6n\u00fcn\u00fc g\u00f6remiyor. Bu da \u00fcr\u00fcn\u00fcn\u00fc pe\u015fin para ile satamad\u0131\u011f\u0131 i\u00e7in taban fiyat\u0131n alt\u0131nda \u00fcr\u00fcn\u00fcn\u00fc yok pahas\u0131na satmas\u0131na neden oluyor. \u00c7ift\u00e7i bu durumdan kurtar\u0131r ve piyasaya s\u0131cak para girerse esnaf da rahatlar ekonomide \u00e7arklar da d\u00f6ner. \u00c7\u00fcnk\u00fc esnaf alaca\u011f\u0131n\u0131 al\u0131rsa SSK ve Ba\u011f-Kur gibi kurumlara primlerini, vergisini zaman\u0131nda \u00f6deyerek bankalardan faizli kredi almaya mahkum olmaz\u201d diye konu\u015ftu.<\/p>\n","protected":false},"excerpt":{"rendered":"<p>TESK GENEL BA\u015eKANI BENDEV\u0130 PALAND\u00d6KEN, \u201cBU\u011eDAY, \u00c7AY, FINDIK, ZEYT\u0130N G\u0130B\u0130 B\u0130R\u00c7OK \u00dcR\u00dcNDE \u00c7\u0130FT\u00c7\u0130YE \u00dcR\u00dcN\u00dc ALI\u015e ESNAFINDA VE TABAN F\u0130YATINI DA G\u00d6Z \u00d6N\u00dcNDE BULUNDURARAK \u00d6DEME YAPILMASI HEM \u00c7\u0130FT\u00c7\u0130Y\u0130 RAHATLATIR HEM DE ESNAFIMIZI RAHATLATIR. \u00c7\u0130FT\u00c7\u0130YE YAPILACAK PE\u015e\u0130N \u00d6DEME EKONOM\u0130YE CAN SUYU OLUR&#8221; DED\u0130.<\/p>\n","protected":false},"author":1,"featured_media":194863,"comment_status":"closed","ping_status":"open","sticky":false,"template":"","format":"standard","meta":{"jetpack_post_was_ever_published":false,"_jetpack_newsletter_access":"","_jetpack_dont_email_post_to_subs":false,"_jetpack_newsletter_tier_id":0,"_jetpack_memberships_contains_paywalled_content":false,"_jetpack_memberships_contains_paid_content":false,"footnotes":"","jetpack_publicize_message":"","jetpack_publicize_feature_enabled":true,"jetpack_social_post_already_shared":true,"jetpack_social_options":{"image_generator_settings":{"template":"highway","default_image_id":0,"font":"","enabled":false},"version":2}},"categories":[1],"tags":[216,17303,7517,8073,39017,12132,19746,12357,158],"class_list":["post-194862","post","type-post","status-publish","format-standard","has-post-thumbnail","hentry","category-genel","tag-baskani","tag-ciftciye","tag-odeme","tag-palandoken","tag-pesin","tag-piyasayi","tag-rahatlatir","tag-tesk","tag-yapilacak"],"jetpack_publicize_connections":[],"jetpack_featured_media_url":"https:\/\/i0.wp.com\/www.tvturk.com\/wp-content\/uploads\/2019\/08\/tesk-baskani-palandoken-ciftciye-yapilacak-pesin-odeme-piyasayi-rahatlatir_6969d52.jpg?fit=1000%2C664","jetpack_sharing_enabled":true,"jetpack_shortlink":"https:\/\/wp.me\/paKIfm-OGW","_links":{"self":[{"href":"http:\/\/www.tvturk.com\/index.php\/wp-json\/wp\/v2\/posts\/194862","targetHints":{"allow":["GET"]}}],"collection":[{"href":"http:\/\/www.tvturk.com\/index.php\/wp-json\/wp\/v2\/posts"}],"about":[{"href":"http:\/\/www.tvturk.com\/index.php\/wp-json\/wp\/v2\/types\/post"}],"author":[{"embeddable":true,"href":"http:\/\/www.tvturk.com\/index.php\/wp-json\/wp\/v2\/users\/1"}],"replies":[{"embeddable":true,"href":"http:\/\/www.tvturk.com\/index.php\/wp-json\/wp\/v2\/comments?post=194862"}],"version-history":[{"count":0,"href":"http:\/\/www.tvturk.com\/index.php\/wp-json\/wp\/v2\/posts\/194862\/revisions"}],"wp:featuredmedia":[{"embeddable":true,"href":"http:\/\/www.tvturk.com\/index.php\/wp-json\/wp\/v2\/media\/194863"}],"wp:attachment":[{"href":"http:\/\/www.tvturk.com\/index.php\/wp-json\/wp\/v2\/media?parent=194862"}],"wp:term":[{"taxonomy":"category","embeddable":true,"href":"http:\/\/www.tvturk.com\/index.php\/wp-json\/wp\/v2\/categories?post=194862"},{"taxonomy":"post_tag","embeddable":true,"href":"http:\/\/www.tvturk.com\/index.php\/wp-json\/wp\/v2\/tags?post=194862"}],"curies":[{"name":"wp","href":"https:\/\/api.w.org\/{rel}","templated":true}]}}