{"id":194868,"date":"2019-08-23T09:46:37","date_gmt":"2019-08-23T06:46:37","guid":{"rendered":"http:\/\/www.tvturk.com\/index.php\/fenerbahce-fatih-terim-stadinda-zorlaniyor\/"},"modified":"2019-08-23T09:46:37","modified_gmt":"2019-08-23T06:46:37","slug":"fenerbahce-fatih-terim-stadinda-zorlaniyor","status":"publish","type":"post","link":"http:\/\/www.tvturk.com\/index.php\/fenerbahce-fatih-terim-stadinda-zorlaniyor\/","title":{"rendered":"Fenerbah\u00e7e, Fatih Terim Stad\u0131\u2019nda zorlan\u0131yor"},"content":{"rendered":"<p>Medipol Ba\u015fak\u015fehir, ligde Fenerbah\u00e7e ile sahas\u0131nda oynad\u0131\u011f\u0131 11 kar\u015f\u0131la\u015fman\u0131n 8\u2019ini kazand\u0131. Turuncu-lacivertliler, 2 ma\u00e7ta ise rakibine ma\u011flup oldu.<\/p>\n<p>M. Ba\u015fak\u015fehir, S\u00fcper Lig\u2019in 2. haftas\u0131nda sahas\u0131nda Fenerbah\u00e7e ile kar\u015f\u0131la\u015facak. Ligdeki ilk ma\u00e7\u0131nda Yeni Malatyaspor\u2019a 3-0 ma\u011flup olan turuncu-lacivertliler, bu \u00f6nemli m\u00fccadeleyi kay\u0131ps\u0131z ge\u00e7menin hesaplar\u0131n\u0131 yap\u0131yor. Yar\u0131n 3. \u0130stanbul Ba\u015fak\u015fehir Fatih Terim Stadyumu\u2019nda saat 21.45\u2019de ba\u015flayacak kar\u015f\u0131la\u015fmay\u0131 Halil Umut Meler y\u00f6netecek.<\/p>\n<p>Fener\u2019e deplasmanda rahat yok<\/p>\n<p>Ba\u015fak\u015fehir, bug\u00fcne kadar Fenerbah\u00e7e\u2019yi ligde 11 kez a\u011f\u0131rlad\u0131. Bu ma\u00e7lar\u0131n 8\u2019inde kazanan taraf turuncu-lacivertliler oldu. Sar\u0131-lacivertli ekip ise 2 m\u00fcsabakada sahadan \u00fc\u00e7 puanla ayr\u0131ld\u0131. 1 ma\u00e7ta da taraflar birbirine \u00fcst\u00fcnl\u00fck sa\u011flayamad\u0131. M. Ba\u015fak\u015fehir\u2019in att\u0131\u011f\u0131 18 gole Fenerbah\u00e7e de 10 gol ile kar\u015f\u0131l\u0131k verdi.<\/p>\n<p>Son 5 ma\u00e7ta 3 galibiyet<\/p>\n<p>Ba\u015fak\u015fehir, S\u00fcper Lig\u2019de evinde Fenerbah\u00e7e ile oynad\u0131\u011f\u0131 son 5 kar\u015f\u0131la\u015fman\u0131n 3\u2019\u00fcn\u00fc kazan\u0131rken, 1 ma\u00e7ta ise rakibine ma\u011flup oldu. 1 m\u00fcsabaka ise beraberlikle sonu\u00e7land\u0131. Okan Buruk\u2019un tak\u0131m\u0131 bu m\u00fccadelelerde sar\u0131-lacivertli a\u011flara 7 gol b\u0131rak\u0131rken, kalesinde ise 6 gol g\u00f6rd\u00fc.<\/p>\n<p>M. Ba\u015fak\u015fehir\u2019in, Fenerbah\u00e7e\u2019ye kar\u015f\u0131 oynad\u0131\u011f\u0131 son 5 ma\u00e7ta ald\u0131\u011f\u0131 sonu\u00e7lar s\u0131ras\u0131yla \u015f\u00f6yle:<\/p>\n<p>Ba\u015fak\u015fehir: 2 &#8211; Fenerbah\u00e7e: 1 (2018-2019)<\/p>\n<p>Ba\u015fak\u015fehir: 0 &#8211; Fenerbah\u00e7e: 2 (2017-2018)<\/p>\n<p>Ba\u015fak\u015fehir: 1 &#8211; Fenerbah\u00e7e: 0 (2016-2017)<\/p>\n<p>Ba\u015fak\u015fehir: 2 &#8211; Fenerbah\u00e7e: 1 (2015-2016)<\/p>\n<p>Ba\u015fak\u015fehir: 2 &#8211; Fenerbah\u00e7e: 2 (2014-2015)<\/p>\n<p>\u0130kinci yar\u0131larda kilit a\u00e7\u0131l\u0131yor<\/p>\n<p>Turuncu-lacivertliler, s\u00f6z konusu kar\u015f\u0131la\u015fmalarda Fenerbah\u00e7e\u2019ye att\u0131\u011f\u0131 7 gol\u00fcn 5\u2019ini ikinci yar\u0131larda, 2\u2019sini ise ilk yar\u0131larda buldu. Bunun yan\u0131nda Ba\u015fak\u015fehir\u2019in, Kanarya\u2019dan yedi\u011fi 6 gol\u00fcn 5\u2019i de ikinci 45\u2019te geldi.<\/p>\n<p>Ba\u015fak\u015fehir\u2019in, Fenerbah\u00e7e kar\u015f\u0131s\u0131nda att\u0131\u011f\u0131 ve yedi\u011fi gollerin dakika da\u011f\u0131l\u0131mlar\u0131 \u015f\u00f6yle:<\/p>\n<p>Att\u0131\u011f\u0131   Yedi\u011fi<\/p>\n<p>3          32<\/p>\n<p>19        56<\/p>\n<p>53        73<\/p>\n<p>60        80<\/p>\n<p>62        81<\/p>\n<p>65        89<\/p>\n<p>83<\/p>\n","protected":false},"excerpt":{"rendered":"<p>MED\u0130POL BA\u015eAK\u015eEH\u0130R, L\u0130GDE FENERBAH\u00c7E \u0130LE SAHASINDA OYNADI\u011eI 11 KAR\u015eILA\u015eMANIN 8&#8217;\u0130N\u0130 KAZANDI. TURUNCU-LAC\u0130VERTL\u0130LER, 2 MA\u00c7TA \u0130SE RAK\u0130B\u0130NE MA\u011eLUP OLDU.<\/p>\n","protected":false},"author":1,"featured_media":194869,"comment_status":"closed","ping_status":"open","sticky":false,"template":"","format":"standard","meta":{"jetpack_post_was_ever_published":false,"_jetpack_newsletter_access":"","_jetpack_dont_email_post_to_subs":false,"_jetpack_newsletter_tier_id":0,"_jetpack_memberships_contains_paywalled_content":false,"_jetpack_memberships_contains_paid_content":false,"footnotes":"","jetpack_publicize_message":"","jetpack_publicize_feature_enabled":true,"jetpack_social_post_already_shared":true,"jetpack_social_options":{"image_generator_settings":{"template":"highway","default_image_id":0,"font":"","enabled":false},"version":2}},"categories":[657],"tags":[1517,2626,12522,2096,43652],"class_list":["post-194868","post","type-post","status-publish","format-standard","has-post-thumbnail","hentry","category-spor","tag-fatih","tag-fenerbahce","tag-stadinda","tag-terim","tag-zorlaniyor"],"jetpack_publicize_connections":[],"jetpack_featured_media_url":"https:\/\/i0.wp.com\/www.tvturk.com\/wp-content\/uploads\/2019\/08\/fenerbahce-fatih-terim-stadinda-zorlaniyor_7f38657.jpg?fit=1000%2C689","jetpack_sharing_enabled":true,"jetpack_shortlink":"https:\/\/wp.me\/paKIfm-OH2","_links":{"self":[{"href":"http:\/\/www.tvturk.com\/index.php\/wp-json\/wp\/v2\/posts\/194868","targetHints":{"allow":["GET"]}}],"collection":[{"href":"http:\/\/www.tvturk.com\/index.php\/wp-json\/wp\/v2\/posts"}],"about":[{"href":"http:\/\/www.tvturk.com\/index.php\/wp-json\/wp\/v2\/types\/post"}],"author":[{"embeddable":true,"href":"http:\/\/www.tvturk.com\/index.php\/wp-json\/wp\/v2\/users\/1"}],"replies":[{"embeddable":true,"href":"http:\/\/www.tvturk.com\/index.php\/wp-json\/wp\/v2\/comments?post=194868"}],"version-history":[{"count":0,"href":"http:\/\/www.tvturk.com\/index.php\/wp-json\/wp\/v2\/posts\/194868\/revisions"}],"wp:featuredmedia":[{"embeddable":true,"href":"http:\/\/www.tvturk.com\/index.php\/wp-json\/wp\/v2\/media\/194869"}],"wp:attachment":[{"href":"http:\/\/www.tvturk.com\/index.php\/wp-json\/wp\/v2\/media?parent=194868"}],"wp:term":[{"taxonomy":"category","embeddable":true,"href":"http:\/\/www.tvturk.com\/index.php\/wp-json\/wp\/v2\/categories?post=194868"},{"taxonomy":"post_tag","embeddable":true,"href":"http:\/\/www.tvturk.com\/index.php\/wp-json\/wp\/v2\/tags?post=194868"}],"curies":[{"name":"wp","href":"https:\/\/api.w.org\/{rel}","templated":true}]}}