{"id":194870,"date":"2019-08-23T10:01:22","date_gmt":"2019-08-23T07:01:22","guid":{"rendered":"http:\/\/www.tvturk.com\/index.php\/belarusta-alisveris-merkezine-baltayla-saldiri\/"},"modified":"2019-08-23T10:01:22","modified_gmt":"2019-08-23T07:01:22","slug":"belarusta-alisveris-merkezine-baltayla-saldiri","status":"publish","type":"post","link":"http:\/\/www.tvturk.com\/index.php\/belarusta-alisveris-merkezine-baltayla-saldiri\/","title":{"rendered":"Belarus\u2019ta al\u0131\u015fveri\u015f merkezine baltayla sald\u0131r\u0131"},"content":{"rendered":"<p>Belarus\u2019ta bir sald\u0131rgan eline ald\u0131\u011f\u0131 baltayla al\u0131\u015fveri\u015f merkezine girerek ma\u011faza ve marketlere sald\u0131rd\u0131.<\/p>\n<p>Belarus\u2019un Brest \u015fehrinde 18 ya\u015f\u0131ndaki bir gen\u00e7, eline ald\u0131\u011f\u0131 baltayla \u00fclkenin en b\u00fcy\u00fck al\u0131\u015fveri\u015f merkezlerinden Euroopt AVM\u2019ye gitti. Gece saatlerinde AVM kap\u0131s\u0131n\u0131n camlar\u0131n\u0131 indiren sald\u0131rgan, ard\u0131ndan AVM giri\u015finde ne var ne yoksa sald\u0131rmaya ba\u015flad\u0131. Bir marketteki t\u00fcm reyonlara baltayla sald\u0131ran gen\u00e7, AVM\u2019de \u00e7ekili\u015f i\u00e7in bulunan araca da b\u00fcy\u00fck hasar verdi. AVM i\u00e7erisindeki \u00e7ok say\u0131da ma\u011fazaya zarar veren sald\u0131rgan, bir s\u00fcre sonra dans etmeye ba\u015flad\u0131. Sald\u0131rgan olay\u0131n ard\u0131ndan yine ayn\u0131 kap\u0131dan \u00e7\u0131karak ka\u00e7maya \u00e7al\u0131\u015f\u0131rken, polis ise AVM\u2019nin alarm\u0131n\u0131n \u00e7almas\u0131 \u00fczerine olay yerine gitti. Bu s\u0131rada elindeki baltayla ka\u00e7maya \u00e7al\u0131\u015fan sald\u0131rgan g\u00f6zalt\u0131na al\u0131nd\u0131. Polis sorgusunun ard\u0131ndan savc\u0131l\u0131\u011fa sevk edilen sald\u0131rgan\u0131n \u00f6zel m\u00fclke zarar verme, gasp, sald\u0131r\u0131 gibi bir\u00e7ok su\u00e7tan yarg\u0131lanaca\u011f\u0131 \u00f6\u011frenildi.<\/p>\n","protected":false},"excerpt":{"rendered":"<p>BELARUS\u2019TA B\u0130R SALDIRGAN EL\u0130NE ALDI\u011eI BALTAYLA ALI\u015eVER\u0130\u015e MERKEZ\u0130NE G\u0130REREK MA\u011eAZA VE MARKETLERE SALDIRDI.<\/p>\n","protected":false},"author":1,"featured_media":194871,"comment_status":"closed","ping_status":"open","sticky":false,"template":"","format":"standard","meta":{"jetpack_post_was_ever_published":false,"_jetpack_newsletter_access":"","_jetpack_dont_email_post_to_subs":false,"_jetpack_newsletter_tier_id":0,"_jetpack_memberships_contains_paywalled_content":false,"_jetpack_memberships_contains_paid_content":false,"footnotes":"","jetpack_publicize_message":"","jetpack_publicize_feature_enabled":true,"jetpack_social_post_already_shared":true,"jetpack_social_options":{"image_generator_settings":{"template":"highway","default_image_id":0,"font":"","enabled":false},"version":2}},"categories":[10],"tags":[1334,17740,41859,631,999],"class_list":["post-194870","post","type-post","status-publish","format-standard","has-post-thumbnail","hentry","category-dunya","tag-alisveris","tag-baltayla","tag-belarusta","tag-merkezine","tag-saldiri"],"jetpack_publicize_connections":[],"jetpack_featured_media_url":"https:\/\/i0.wp.com\/www.tvturk.com\/wp-content\/uploads\/2019\/08\/belarusta-alisveris-merkezine-baltayla-saldiri_e2b6d13.jpg?fit=672%2C378","jetpack_sharing_enabled":true,"jetpack_shortlink":"https:\/\/wp.me\/paKIfm-OH4","_links":{"self":[{"href":"http:\/\/www.tvturk.com\/index.php\/wp-json\/wp\/v2\/posts\/194870","targetHints":{"allow":["GET"]}}],"collection":[{"href":"http:\/\/www.tvturk.com\/index.php\/wp-json\/wp\/v2\/posts"}],"about":[{"href":"http:\/\/www.tvturk.com\/index.php\/wp-json\/wp\/v2\/types\/post"}],"author":[{"embeddable":true,"href":"http:\/\/www.tvturk.com\/index.php\/wp-json\/wp\/v2\/users\/1"}],"replies":[{"embeddable":true,"href":"http:\/\/www.tvturk.com\/index.php\/wp-json\/wp\/v2\/comments?post=194870"}],"version-history":[{"count":0,"href":"http:\/\/www.tvturk.com\/index.php\/wp-json\/wp\/v2\/posts\/194870\/revisions"}],"wp:featuredmedia":[{"embeddable":true,"href":"http:\/\/www.tvturk.com\/index.php\/wp-json\/wp\/v2\/media\/194871"}],"wp:attachment":[{"href":"http:\/\/www.tvturk.com\/index.php\/wp-json\/wp\/v2\/media?parent=194870"}],"wp:term":[{"taxonomy":"category","embeddable":true,"href":"http:\/\/www.tvturk.com\/index.php\/wp-json\/wp\/v2\/categories?post=194870"},{"taxonomy":"post_tag","embeddable":true,"href":"http:\/\/www.tvturk.com\/index.php\/wp-json\/wp\/v2\/tags?post=194870"}],"curies":[{"name":"wp","href":"https:\/\/api.w.org\/{rel}","templated":true}]}}