{"id":194976,"date":"2019-08-23T12:01:33","date_gmt":"2019-08-23T09:01:33","guid":{"rendered":"http:\/\/www.tvturk.com\/index.php\/cekirdeksiz-kuru-uzumde-10-tl-uretici-fiyati-herkesi-memnun-etti\/"},"modified":"2019-08-23T12:01:33","modified_gmt":"2019-08-23T09:01:33","slug":"cekirdeksiz-kuru-uzumde-10-tl-uretici-fiyati-herkesi-memnun-etti","status":"publish","type":"post","link":"http:\/\/www.tvturk.com\/index.php\/cekirdeksiz-kuru-uzumde-10-tl-uretici-fiyati-herkesi-memnun-etti\/","title":{"rendered":"\u00c7ekirdeksiz kuru \u00fcz\u00fcmde 10 TL \u00fcretici fiyat\u0131 herkesi memnun etti"},"content":{"rendered":"<p>T\u00fcrkiye\u2019nin \u00fcretim ve ihracat\u0131nda d\u00fcnya lideri oldu\u011fu, geleneksel ihra\u00e7 \u00fcr\u00fcnlerinden \u00e7ekirdeksiz kuru \u00fcz\u00fcm i\u00e7in Tar\u0131m ve Orman Bakan\u0131 Bekir Pakdemirli taraf\u0131ndan a\u00e7\u0131klanan 10 TL\u2019lik minimum fiyat; \u00fcretici, t\u00fcccar ve ihracat\u00e7\u0131y\u0131 memnun etti. Ege Kuru Meyve ve Mamulleri \u0130hracat\u00e7\u0131lar\u0131 Birli\u011fi Y\u00f6netim Kurulu Ba\u015fkan\u0131 Birol Celep, \u201cBu yakla\u015f\u0131m, T\u00fcrkiye\u2019ye yeni sezonda en az 70-80 milyon dolar daha fazla d\u00f6viz kazand\u0131racak\u201d dedi.<\/p>\n<p>Tar\u0131m ve Orman Bakan\u0131 Bekir Pakdemirli ve Toprak Mahsulleri Ofisi Genel M\u00fcd\u00fcr\u00fc Ahmet G\u00fcldal ile kuru \u00fcz\u00fcm sekt\u00f6r\u00fcn\u00fcn \u00e7ok g\u00fczel bir uyum yakalad\u0131\u011f\u0131n\u0131 dile getiren Ege Kuru Meyve ve Mamulleri \u0130hracat\u00e7\u0131lar\u0131 Birli\u011fi Y\u00f6netim Kurulu Ba\u015fkan\u0131 Birol Celep, &#8220;\u00c7ekirdeksiz kuru \u00fcz\u00fcm sezonuna girerken, Tar\u0131m ve Orman Bakan\u0131m\u0131z Bekir Pakdemirli, Cumhurba\u015fkan\u0131m\u0131z Recep Tayyip Erdo\u011fan\u2019\u0131n da olurunu alarak sekt\u00f6r\u00fcn iste\u011fi do\u011frultusunda irade ortaya koydu. 10 TL asgari fiyat hem \u00fcreticiyi, hem t\u00fcccar\u0131 hem ihracat\u00e7\u0131y\u0131 hem de son t\u00fcketiciyi memnun edecek bir rakam. Sekt\u00f6r\u00fcm\u00fcze deste\u011fini ortaya koyan Cumhurba\u015fkan\u0131m\u0131za ve Tar\u0131m ve Orman Bakan\u0131m\u0131za \u015f\u00fckranlar\u0131m\u0131z\u0131 sunuyoruz&#8221; diye konu\u015ftu.<\/p>\n<p>T\u00fcrkiye\u2019nin 2018-19 sezonunda \u015fu ana kadar 246 bin ton kuru \u00fcz\u00fcm ihra\u00e7 ederek 502 milyon dolar d\u00f6viz geliri elde etti\u011fini hat\u0131rlatan Celep, T\u00fcrk \u00fcz\u00fcm ihracat\u00e7\u0131s\u0131n\u0131n 2019-20 sezonu i\u00e7in a\u00e7\u0131klanan 300 bin ton rekolteyi kolayl\u0131kla ihra\u00e7 edebilecek konumda oldu\u011funu dile getirdi.<\/p>\n<p>Celep s\u00f6zlerini \u015f\u00f6yle s\u00fcrd\u00fcrd\u00fc:<\/p>\n<p>&#8220;\u00c7ekirdeksiz kuru \u00fcz\u00fcm \u00fcretimimizin en az y\u00fczde 85\u2019ini ihra\u00e7 ediyoruz. \u0130hracatta s\u00fcrd\u00fcr\u00fclebilirli\u011fi sa\u011flayabilmemiz i\u00e7in Devletimiz \u00fczerine d\u00fc\u015fen g\u00f6revi yapt\u0131. Bu s\u00fcre\u00e7te \u00fcreticimize d\u00fc\u015fen g\u00f6rev ise ba\u011flar\u0131na \u00e7ok iyi bakmak, do\u011fru zamanda kesim yap\u0131p, \u00fcr\u00fcn\u00fc uygun \u015fartlarda hasat edip kurutmak ve depolamak. \u0130hracat\u00e7\u0131lar\u0131m\u0131z\u0131n yapmas\u0131 gereken ise; T\u00fcrk \u00fcz\u00fcm\u00fcn\u00fc do\u011fru pazarlayarak azami katma de\u011feri ve d\u00f6vizi \u00fclkemize kazand\u0131rmak. T\u00fcrk ihracat\u00e7\u0131s\u0131 olarak, son y\u0131llarda \u00f6zellikle Uzak Do\u011fu pazar\u0131nda konumumuzu g\u00fc\u00e7lendirerek T\u00fcrk \u00fcz\u00fcm\u00fcn\u00fcn ihra\u00e7 pazarlar\u0131n\u0131 \u00e7e\u015fitlendiriyoruz ve \u00fczerimize d\u00fc\u015fen g\u00f6revi yerine getiriyoruz.&#8221;<\/p>\n<p>Toprak Mahsulleri Ofisinin; depolama, te\u015fkilat, eksper ve finansman yap\u0131s\u0131 ile g\u00fc\u00e7l\u00fc bir kamu kurumu oldu\u011funu ve \u00e7ok say\u0131da tar\u0131m \u00fcr\u00fcn\u00fcnde piyasa yap\u0131c\u0131l\u0131\u011f\u0131 fonksiyonunu yerine getirdi\u011fine dikkati \u00e7eken Celep, \u201cTMO ile kuru \u00fcz\u00fcmde y\u00fcr\u00fctt\u00fc\u011f\u00fcm\u00fcz i\u015fbirli\u011fini gerekmesi halinde Ege B\u00f6lgesinin bir di\u011fer \u00f6nemli ihra\u00e7 \u00fcr\u00fcn\u00fc kuru incirde de yapabilece\u011fimizi Tar\u0131m ve Orman Bakan\u0131m\u0131z Bekir Pakdemirli kamuoyuna a\u00e7\u0131klad\u0131. Yeni sezon \u00f6ncesinde bu a\u00e7\u0131klamalar sekt\u00f6r\u00fcm\u00fcze moral verdi. 2019\/20 sezonunda kuru \u00fcz\u00fcm, kuru kay\u0131s\u0131 ve kuru incirde ba\u015far\u0131l\u0131 bir sezon ge\u00e7irece\u011fimizi ve bu \u00fc\u00e7 prestij \u00fcr\u00fcn\u00fcm\u00fczde 1,2 milyar dolar ihracat rakam\u0131na ula\u015faca\u011f\u0131m\u0131za inan\u0131yoruz\u201d diyerek s\u00f6zlerini noktalad\u0131.<\/p>\n<p>\u0130zmir Ticaret Borsas\u0131nda, 22 A\u011fustos 2019 g\u00fcn\u00fc 9 numara \u00e7ekirdeksiz kuru \u00fcz\u00fcm 10 TL\u2019den al\u0131c\u0131 buldu.<\/p>\n","protected":false},"excerpt":{"rendered":"<p>T\u00dcRK\u0130YE\u2019N\u0130N \u00dcRET\u0130M VE \u0130HRACATINDA D\u00dcNYA L\u0130DER\u0130 OLDU\u011eU, GELENEKSEL \u0130HRA\u00c7 \u00dcR\u00dcNLER\u0130NDEN \u00c7EK\u0130RDEKS\u0130Z KURU \u00dcZ\u00dcM \u0130\u00c7\u0130N TARIM VE ORMAN BAKANI DR. BEK\u0130R PAKDEM\u0130RL\u0130 TARAFINDAN A\u00c7IKLANAN 10 TL\u2019L\u0130K M\u0130N\u0130MUM F\u0130YAT; \u00dcRET\u0130C\u0130, T\u00dcCCAR VE \u0130HRACAT\u00c7IYI MEMNUN ETT\u0130.<\/p>\n","protected":false},"author":1,"featured_media":194977,"comment_status":"closed","ping_status":"open","sticky":false,"template":"","format":"standard","meta":{"jetpack_post_was_ever_published":false,"_jetpack_newsletter_access":"","_jetpack_dont_email_post_to_subs":false,"_jetpack_newsletter_tier_id":0,"_jetpack_memberships_contains_paywalled_content":false,"_jetpack_memberships_contains_paid_content":false,"footnotes":"","jetpack_publicize_message":"","jetpack_publicize_feature_enabled":true,"jetpack_social_post_already_shared":true,"jetpack_social_options":{"image_generator_settings":{"template":"highway","default_image_id":0,"font":"","enabled":false},"version":2}},"categories":[19],"tags":[27963,207,1877,10283,6361,3085,4046,44692],"class_list":["post-194976","post","type-post","status-publish","format-standard","has-post-thumbnail","hentry","category-ekonomi","tag-cekirdeksiz","tag-etti","tag-fiyati","tag-herkesi","tag-kuru","tag-memnun","tag-uretici","tag-uzumde"],"jetpack_publicize_connections":[],"jetpack_featured_media_url":"https:\/\/i0.wp.com\/www.tvturk.com\/wp-content\/uploads\/2019\/08\/cekirdeksiz-kuru-uzumde-10-tl-uretici-fiyati-herkesi-memnun-etti_65e080a.jpg?fit=1000%2C658","jetpack_sharing_enabled":true,"jetpack_shortlink":"https:\/\/wp.me\/paKIfm-OIM","_links":{"self":[{"href":"http:\/\/www.tvturk.com\/index.php\/wp-json\/wp\/v2\/posts\/194976","targetHints":{"allow":["GET"]}}],"collection":[{"href":"http:\/\/www.tvturk.com\/index.php\/wp-json\/wp\/v2\/posts"}],"about":[{"href":"http:\/\/www.tvturk.com\/index.php\/wp-json\/wp\/v2\/types\/post"}],"author":[{"embeddable":true,"href":"http:\/\/www.tvturk.com\/index.php\/wp-json\/wp\/v2\/users\/1"}],"replies":[{"embeddable":true,"href":"http:\/\/www.tvturk.com\/index.php\/wp-json\/wp\/v2\/comments?post=194976"}],"version-history":[{"count":0,"href":"http:\/\/www.tvturk.com\/index.php\/wp-json\/wp\/v2\/posts\/194976\/revisions"}],"wp:featuredmedia":[{"embeddable":true,"href":"http:\/\/www.tvturk.com\/index.php\/wp-json\/wp\/v2\/media\/194977"}],"wp:attachment":[{"href":"http:\/\/www.tvturk.com\/index.php\/wp-json\/wp\/v2\/media?parent=194976"}],"wp:term":[{"taxonomy":"category","embeddable":true,"href":"http:\/\/www.tvturk.com\/index.php\/wp-json\/wp\/v2\/categories?post=194976"},{"taxonomy":"post_tag","embeddable":true,"href":"http:\/\/www.tvturk.com\/index.php\/wp-json\/wp\/v2\/tags?post=194976"}],"curies":[{"name":"wp","href":"https:\/\/api.w.org\/{rel}","templated":true}]}}