{"id":195018,"date":"2019-08-23T12:46:35","date_gmt":"2019-08-23T09:46:35","guid":{"rendered":"http:\/\/www.tvturk.com\/index.php\/cihan-padisahi-fatih-sultan-mehmetin-okulu-yeniden-ihya-edildi\/"},"modified":"2019-08-23T12:46:35","modified_gmt":"2019-08-23T09:46:35","slug":"cihan-padisahi-fatih-sultan-mehmetin-okulu-yeniden-ihya-edildi","status":"publish","type":"post","link":"http:\/\/www.tvturk.com\/index.php\/cihan-padisahi-fatih-sultan-mehmetin-okulu-yeniden-ihya-edildi\/","title":{"rendered":"Cihan Padi\u015fah\u0131 Fatih Sultan Mehmet\u2019in okulu yeniden ihya edildi"},"content":{"rendered":"<p>Vak\u0131flar Genel M\u00fcd\u00fcrl\u00fc\u011f\u00fc, Edirne\u2019de 2018-2019 y\u0131l\u0131 kapsam\u0131nda yakla\u015f\u0131k 43 milyon TL\u2019lik b\u00fct\u00e7eyle 40\u2019a yak\u0131n tarihi eseri yeniden ihya etti. Bu eserler aras\u0131nda yer alan ve Cihan Padi\u015fah\u0131 Fatih Sultan Mehmet\u2019in e\u011fitim g\u00f6rd\u00fc\u011f\u00fc Saatli Medrese, yar\u0131n K\u00fclt\u00fcr ve Turizm Bakan\u0131 Mehmet Nuri Ersoy\u2019un kat\u0131l\u0131m\u0131yla kap\u0131lar\u0131n\u0131 a\u00e7maya haz\u0131rlan\u0131yor.<\/p>\n<p>Vak\u0131flar Genel M\u00fcd\u00fcrl\u00fc\u011f\u00fc, Edirne\u2019de 2018-2019 y\u0131l\u0131 kapsam\u0131nda yakla\u015f\u0131k 43 milyon TL\u2019lik b\u00fct\u00e7eyle 40\u2019a yak\u0131n tarihi eseri yeniden eski ihti\u015fam\u0131na kavu\u015fturuyor. \u0130hya edilen yap\u0131lar aras\u0131nda, Cihan Padi\u015fah\u0131 Fatih Sultan Mehmet Han\u2019\u0131n da e\u011fitim g\u00f6rd\u00fc\u011f\u00fc bilinen Osmanl\u0131 erken d\u00f6nem mimarisi olan Saatli Medrese yer al\u0131yor.<\/p>\n<p>Cihan Padi\u015fah\u0131 Fatih Sultan Mehmet\u2019in okulu yeniden ihya edildi<\/p>\n<p>Osmanl\u0131 D\u00f6nemi\u2019nin en \u00f6nemli e\u011fitim kurumlar\u0131 aras\u0131nda g\u00f6sterilen ve Cihan Padi\u015fah\u0131 \u0130stanbul Fatihi Sultan Mehmet Han\u2019\u0131n da e\u011fitim g\u00f6rd\u00fc\u011f\u00fc rivayet edilen Saatli Medrese\u2019de restorasyon \u00e7al\u0131\u015fmalar\u0131nda sona gelindi. Mimar M\u00fcslihittin A\u011fa taraf\u0131ndan tarihi cami \u00dc\u00e7 \u015eerefeli Camisi ile e\u015f zamanl\u0131 olarak yap\u0131lan revakl\u0131 medrese, yar\u0131n K\u00fclt\u00fcr ve Turizm Bakan\u0131 Mehmet Nuri Ersoy\u2019un kat\u0131l\u0131m\u0131yla kap\u0131lar\u0131n\u0131 a\u00e7maya haz\u0131rlan\u0131yor. Tarihi yap\u0131n\u0131n e\u011fitim ama\u00e7l\u0131 kullan\u0131laca\u011f\u0131 belirtildi.<\/p>\n<p>5 as\u0131r \u00f6nce yap\u0131ld\u0131<\/p>\n<p>\u00dc\u00e7 \u015eerefeli Camisi\u2019nin ve Peykler Medresesi\u2019nin yan\u0131nda bulunan Saatli Medrese, Sultan II. Murat zaman\u0131nda 1437-1447 y\u0131llar\u0131nda yap\u0131ld\u0131. Avlulu medreseler gurubundan olan medresenin \u00e7evresinde medrese h\u00fccreleri s\u0131raland\u0131. Ayr\u0131ca Fatih Sultan Mehmet\u2019in bu medresede \u00f6\u011frenim g\u00f6rd\u00fc\u011f\u00fcn\u00fc belirten kaynaklar da bulunuyor.<\/p>\n<p>Bakan Ersoy\u2019un Edirne program\u0131 belli oldu<\/p>\n<p>\u00d6te yandan 24 A\u011fustos Cumartesi g\u00fcn\u00fc \u015fehre gelecek K\u00fclt\u00fcr ve Turizm Bakan\u0131 Mehmet Nuri Ersoy ilk olarak saat 12.00\u2019de medresenin a\u00e7\u0131l\u0131\u015f\u0131n\u0131 ger\u00e7ekle\u015ftirecek. Saat 13.00\u2019te Selimiye Camisi\u2019ni ziyaret edecek Bakan Ersoy, 13.30\u2019da ise Ekmek\u00e7izade Ahmet Pa\u015fa Kervansaray\u0131\u2019n\u0131 gezecek. Bakan Ersoy\u2019un Edirne\u2019deki program\u0131 saat 15.00\u2019de Kap\u0131kule ziyaretiyle sona erecek.<\/p>\n","protected":false},"excerpt":{"rendered":"<p>VAKIFLAR GENEL M\u00dcD\u00dcRL\u00dc\u011e\u00dc, ED\u0130RNE\u2019DE 2018-2019 YILI KAPSAMINDA YAKLA\u015eIK 43 M\u0130LYON TL\u2019L\u0130K B\u00dcT\u00c7EYLE 40\u2019A YAKIN TAR\u0130H\u0130 ESER\u0130 YEN\u0130DEN AYA\u011eA KALDIRDI. BU ESERLER ARASINDA YER ALAN VE C\u0130HAN PAD\u0130\u015eAHI FAT\u0130H SULTAN MEHMET\u2019\u0130N E\u011e\u0130T\u0130M G\u00d6RD\u00dc\u011e\u00dc SAATL\u0130 MEDRESE, YARIN K\u00dcLT\u00dcR VE TUR\u0130ZM BAKANI MEHMET NUR\u0130 ERSOY\u2019UN KATILIMIYLA KAPILARINI A\u00c7MAYA HAZIRLANIYOR.<\/p>\n","protected":false},"author":1,"featured_media":195019,"comment_status":"closed","ping_status":"open","sticky":false,"template":"","format":"standard","meta":{"jetpack_post_was_ever_published":false,"_jetpack_newsletter_access":"","_jetpack_dont_email_post_to_subs":false,"_jetpack_newsletter_tier_id":0,"_jetpack_memberships_contains_paywalled_content":false,"_jetpack_memberships_contains_paid_content":false,"footnotes":"","jetpack_publicize_message":"","jetpack_publicize_feature_enabled":true,"jetpack_social_post_already_shared":true,"jetpack_social_options":{"image_generator_settings":{"template":"highway","default_image_id":0,"font":"","enabled":false},"version":2}},"categories":[1],"tags":[45872,857,1517,4619,18162,2055,48955,3231,720],"class_list":["post-195018","post","type-post","status-publish","format-standard","has-post-thumbnail","hentry","category-genel","tag-cihan","tag-edildi","tag-fatih","tag-ihya","tag-mehmetin","tag-okulu","tag-padisahi","tag-sultan","tag-yeniden"],"jetpack_publicize_connections":[],"jetpack_featured_media_url":"https:\/\/i0.wp.com\/www.tvturk.com\/wp-content\/uploads\/2019\/08\/cihan-padisahi-fatih-sultan-mehmetin-okulu-yeniden-ihya-edildi_ba34439.jpg?fit=1000%2C666","jetpack_sharing_enabled":true,"jetpack_shortlink":"https:\/\/wp.me\/paKIfm-OJs","_links":{"self":[{"href":"http:\/\/www.tvturk.com\/index.php\/wp-json\/wp\/v2\/posts\/195018","targetHints":{"allow":["GET"]}}],"collection":[{"href":"http:\/\/www.tvturk.com\/index.php\/wp-json\/wp\/v2\/posts"}],"about":[{"href":"http:\/\/www.tvturk.com\/index.php\/wp-json\/wp\/v2\/types\/post"}],"author":[{"embeddable":true,"href":"http:\/\/www.tvturk.com\/index.php\/wp-json\/wp\/v2\/users\/1"}],"replies":[{"embeddable":true,"href":"http:\/\/www.tvturk.com\/index.php\/wp-json\/wp\/v2\/comments?post=195018"}],"version-history":[{"count":0,"href":"http:\/\/www.tvturk.com\/index.php\/wp-json\/wp\/v2\/posts\/195018\/revisions"}],"wp:featuredmedia":[{"embeddable":true,"href":"http:\/\/www.tvturk.com\/index.php\/wp-json\/wp\/v2\/media\/195019"}],"wp:attachment":[{"href":"http:\/\/www.tvturk.com\/index.php\/wp-json\/wp\/v2\/media?parent=195018"}],"wp:term":[{"taxonomy":"category","embeddable":true,"href":"http:\/\/www.tvturk.com\/index.php\/wp-json\/wp\/v2\/categories?post=195018"},{"taxonomy":"post_tag","embeddable":true,"href":"http:\/\/www.tvturk.com\/index.php\/wp-json\/wp\/v2\/tags?post=195018"}],"curies":[{"name":"wp","href":"https:\/\/api.w.org\/{rel}","templated":true}]}}