{"id":195030,"date":"2019-08-23T13:01:51","date_gmt":"2019-08-23T10:01:51","guid":{"rendered":"http:\/\/www.tvturk.com\/index.php\/derya-candan-yeni-dunya-rekoru\/"},"modified":"2019-08-23T13:01:51","modified_gmt":"2019-08-23T10:01:51","slug":"derya-candan-yeni-dunya-rekoru","status":"publish","type":"post","link":"http:\/\/www.tvturk.com\/index.php\/derya-candan-yeni-dunya-rekoru\/","title":{"rendered":"Derya Can\u2019dan yeni d\u00fcnya rekoru"},"content":{"rendered":"<p>Ge\u00e7en sene Salda G\u00f6l\u00fc\u2019nde 2 dakika 5 saniyede 68 metre derinli\u011fe ula\u015f\u0131p, serbest dal\u0131\u015f d\u00fcnya rekorunu k\u0131ran milli sporcu Derya Can, 2 dakika 18 saniye ile 70 metreye ula\u015f\u0131p yeni rekor k\u0131rd\u0131. Derya Can, 70 metreyle paletsiz ip destekli de\u011fi\u015fken a\u011f\u0131rl\u0131k tatl\u0131 su kategorisinde d\u00fcnya rekorunun da yeni sahibi oldu.<\/p>\n<p>Rekor denemesi i\u00e7in yeniden beyaz kumsal\u0131, suyunun berrakl\u0131\u011f\u0131yla &#8220;T\u00fcrkiye\u2019nin Maldivleri&#8221; diye nitelendirilen Salda G\u00f6l\u00fc\u2019n\u00fc tercih eden Derya Can, g\u00f6lde kendisini haz\u0131r bekleyen botla a\u00e7\u0131ld\u0131. G\u00f6lde dal\u0131\u015f yapaca\u011f\u0131 yere geldi\u011finde suya girip bir s\u00fcre \u0131s\u0131nma \u00e7al\u0131\u015fmas\u0131 yapan Derya Can, kendisi i\u00e7in olu\u015fturulan \u00f6zel platformun bulundu\u011fu alanda dal\u0131\u015fa ge\u00e7ti. 70 metre derinli\u011fe eri\u015fen milli sporcu, 2 dakika 18 saniye sonra y\u00fczeye \u00e7\u0131kt\u0131. Yirmi saniye kimseyle temas etmeden bekleyen, daha sonra elini havaya kald\u0131ran Derya Can\u2019\u0131n rekoru k\u0131rd\u0131\u011f\u0131, D\u00fcnya Sualt\u0131 Aktiviteleri Konfederasyonu (CMAS) g\u00f6zlemcileri taraf\u0131ndan teyit edildi.<\/p>\n<p>T\u00fcrk bayra\u011f\u0131 a\u00e7t\u0131<\/p>\n<p>Derya Can, 70 metreyle paletsiz ip destekli de\u011fi\u015fken a\u011f\u0131rl\u0131k tatl\u0131 su kategorisinde d\u00fcnya rekorunun da yeni sahibi oldu. T\u00fcrk bayra\u011f\u0131 a\u00e7arak k\u0131y\u0131ya \u00e7\u0131kan Derya Can yapt\u0131\u011f\u0131 a\u00e7\u0131klamada, ge\u00e7en y\u0131l Kas\u0131m ay\u0131nda k\u0131rd\u0131\u011f\u0131 d\u00fcnya rekorunu hat\u0131rlatarak suyun dip k\u0131s\u0131mlar\u0131n\u0131n A\u011fustos ay\u0131 olmas\u0131na ra\u011fmen yine so\u011fuk oldu\u011funu s\u00f6yledi.<\/p>\n<p>Salda G\u00f6l\u00fc\u2019nde zorlu \u015fartlarda bir d\u00fcnya rekorunu daha k\u0131rd\u0131klar\u0131n\u0131 vurgulayan Can, &#8220;Su 10 metreden sonra yine k\u0131\u015f aylar\u0131nda oldu\u011fu gibi so\u011fuktu. Rekoru k\u0131rd\u0131k b\u00fct\u00fcn zorluklar\u0131n \u00fcstesinden geldik&#8221; dedi.<\/p>\n<p>Derya Can, ge\u00e7en sene k\u0131rd\u0131\u011f\u0131 rekoru tekrar k\u0131rmas\u0131ndaki hedefinin kendini a\u015fmak oldu\u011funu ifade ederek, &#8220;Rekorlar k\u0131r\u0131lmak i\u00e7indir. De\u011fi\u015fken a\u011f\u0131rl\u0131k paletsiz erkekler rekorunu antrenmanlarda k\u0131rd\u0131k ancak resmi olarak biraz daha d\u00fc\u015f\u00fc\u011f\u00fcn\u00fc yapmaya karar verdik. Su dipte \u00e7ok so\u011fuktu o y\u00fczden bunu uygun bulduk&#8221; diye konu\u015ftu.<\/p>\n<p>Ye\u015filova Kaymakam\u0131 Abdulhamit Karaca da  Derya Can\u2019\u0131 tebrik ederek, &#8220;\u0130kinci defa Salda G\u00f6l\u00fc\u2019ne geldi\u011finden dolay\u0131 Derya han\u0131ma te\u015fekk\u00fcr ederim. Kendi rekorunu k\u0131rm\u0131\u015f bulunuyor. Bu da Salda G\u00f6l\u00fc\u2019n\u00fcn derinli\u011finin su sporlar\u0131na ne kadar elveri\u015fli oldu\u011funu g\u00f6steriyor. \u0130n\u015fallah g\u00f6l\u00fcm\u00fczde bu tip sportif faaliyetler devam edecektir&#8221; ifadelerini kulland\u0131.<\/p>\n<p>Derya Can\u2019\u0131n rekoru, CMAS Y\u00f6netim Kurulu taraf\u0131ndan onayland\u0131ktan sonra kesinle\u015fecek.<\/p>\n<p>Gazeteci bottan suya d\u00fc\u015ft\u00fc<\/p>\n<p>\u00d6te yandan dal\u0131\u015f denemesini bottan takip eden bir gazeteci suya d\u00fc\u015ft\u00fc. Derya Can\u2019\u0131n dal\u0131\u015f ekipleri ve UMKE ekiplerince sudan \u00e7\u0131kar\u0131lan gazeteci, sa\u011fl\u0131k ekiplerince k\u0131y\u0131ya getirildi. Omuzundan yaraland\u0131\u011f\u0131 \u00f6\u011frenilen gazeteci, Ye\u015filova Devlet Hastanesine kald\u0131r\u0131ld\u0131.<\/p>\n","protected":false},"excerpt":{"rendered":"<p>GE\u00c7EN SENE SALDA G\u00d6L\u00dc&#8217;NDE 2 DAK\u0130KA 5 SAN\u0130YEDE 68 METRE DER\u0130NL\u0130\u011eE ULA\u015eIP, SERBEST DALI\u015e D\u00dcNYA REKORUNU KIRAN M\u0130LL\u0130 SPORCU DERYA CAN,  2 DAK\u0130KA 18 SAN\u0130YE \u0130LE  70 METREYE ULA\u015eIP YEN\u0130 REKOR KIRDI. DERYA CAN, 70 METREYLE PALETS\u0130Z \u0130P DESTEKL\u0130 DE\u011e\u0130\u015eKEN A\u011eIRLIK TATLI SU KATEGOR\u0130S\u0130NDE D\u00dcNYA REKORUNUN DA YEN\u0130 SAH\u0130B\u0130 OLDU.<\/p>\n","protected":false},"author":1,"featured_media":195031,"comment_status":"closed","ping_status":"open","sticky":false,"template":"","format":"standard","meta":{"jetpack_post_was_ever_published":false,"_jetpack_newsletter_access":"","_jetpack_dont_email_post_to_subs":false,"_jetpack_newsletter_tier_id":0,"_jetpack_memberships_contains_paywalled_content":false,"_jetpack_memberships_contains_paid_content":false,"footnotes":"","jetpack_publicize_message":"","jetpack_publicize_feature_enabled":true,"jetpack_social_post_already_shared":true,"jetpack_social_options":{"image_generator_settings":{"template":"highway","default_image_id":0,"font":"","enabled":false},"version":2}},"categories":[1],"tags":[349,23105,24469,6268,87],"class_list":["post-195030","post","type-post","status-publish","format-standard","has-post-thumbnail","hentry","category-genel","tag-dunya","tag-candan","tag-derya","tag-rekoru","tag-yeni"],"jetpack_publicize_connections":[],"jetpack_featured_media_url":"https:\/\/i0.wp.com\/www.tvturk.com\/wp-content\/uploads\/2019\/08\/derya-candan-yeni-dunya-rekoru_4e3b050.jpg?fit=1000%2C666","jetpack_sharing_enabled":true,"jetpack_shortlink":"https:\/\/wp.me\/paKIfm-OJE","_links":{"self":[{"href":"http:\/\/www.tvturk.com\/index.php\/wp-json\/wp\/v2\/posts\/195030","targetHints":{"allow":["GET"]}}],"collection":[{"href":"http:\/\/www.tvturk.com\/index.php\/wp-json\/wp\/v2\/posts"}],"about":[{"href":"http:\/\/www.tvturk.com\/index.php\/wp-json\/wp\/v2\/types\/post"}],"author":[{"embeddable":true,"href":"http:\/\/www.tvturk.com\/index.php\/wp-json\/wp\/v2\/users\/1"}],"replies":[{"embeddable":true,"href":"http:\/\/www.tvturk.com\/index.php\/wp-json\/wp\/v2\/comments?post=195030"}],"version-history":[{"count":0,"href":"http:\/\/www.tvturk.com\/index.php\/wp-json\/wp\/v2\/posts\/195030\/revisions"}],"wp:featuredmedia":[{"embeddable":true,"href":"http:\/\/www.tvturk.com\/index.php\/wp-json\/wp\/v2\/media\/195031"}],"wp:attachment":[{"href":"http:\/\/www.tvturk.com\/index.php\/wp-json\/wp\/v2\/media?parent=195030"}],"wp:term":[{"taxonomy":"category","embeddable":true,"href":"http:\/\/www.tvturk.com\/index.php\/wp-json\/wp\/v2\/categories?post=195030"},{"taxonomy":"post_tag","embeddable":true,"href":"http:\/\/www.tvturk.com\/index.php\/wp-json\/wp\/v2\/tags?post=195030"}],"curies":[{"name":"wp","href":"https:\/\/api.w.org\/{rel}","templated":true}]}}