{"id":195036,"date":"2019-08-23T13:16:08","date_gmt":"2019-08-23T10:16:08","guid":{"rendered":"http:\/\/www.tvturk.com\/index.php\/ramallahda-el-yapimi-bomba-patladi-1-olu-2-yarali\/"},"modified":"2019-08-23T13:16:08","modified_gmt":"2019-08-23T10:16:08","slug":"ramallahda-el-yapimi-bomba-patladi-1-olu-2-yarali","status":"publish","type":"post","link":"http:\/\/www.tvturk.com\/index.php\/ramallahda-el-yapimi-bomba-patladi-1-olu-2-yarali\/","title":{"rendered":"Ramallah\u2019da el yap\u0131m\u0131 bomba patlad\u0131: 1 \u00f6l\u00fc, 2 yaral\u0131"},"content":{"rendered":"<p>Bat\u0131 \u015eeria\u2019da el yap\u0131m\u0131 bir patlay\u0131c\u0131n\u0131n infilak etmesi sonucu 1 \u0130srailli yerle\u015fimci hayat\u0131n\u0131 kaybederken, 2 \u0130srailli de a\u011f\u0131r yaraland\u0131.<\/p>\n<p>\u0130srail Ordusu, bu sabah Bat\u0131 \u015eeria\u2019n\u0131n Ramallah kentinin bat\u0131s\u0131ndaki Dolev Yahudi yerle\u015fim biriminde bir adet el yap\u0131m\u0131 patlay\u0131c\u0131n\u0131n infilak etti\u011fini a\u00e7\u0131klad\u0131. Patlamay\u0131 ter\u00f6r sald\u0131r\u0131s\u0131 olarak ele alan \u0130srail ordusu, b\u00f6lgeyi giri\u015f ve \u00e7\u0131k\u0131\u015flara kapatarak sald\u0131rgan\u0131 bulmak i\u00e7in operasyon ba\u015flatt\u0131.<\/p>\n<p>\u0130srail acil yard\u0131m servisi K\u0131z\u0131l Davut Y\u0131ld\u0131z\u0131, \u0130srailli bir yerle\u015fimcinin hayat\u0131n\u0131 kaybetti\u011fi sald\u0131r\u0131da a\u011f\u0131r yaralanan 2 \u0130sraillinin de olay yerine sevk edilen sa\u011fl\u0131k ekipleri taraf\u0131ndan tedavi amac\u0131yla hastaneye kald\u0131r\u0131ld\u0131\u011f\u0131n\u0131 a\u00e7\u0131klad\u0131. Sa\u011fl\u0131k ekipleri, patlamadan zarar g\u00f6renlerin bir babayla 19 ya\u015f\u0131ndaki o\u011flu ve 17 ya\u015f\u0131ndaki k\u0131z\u0131 oldu\u011funu a\u00e7\u0131klarken, hayat\u0131n\u0131 kaybedenin hangisi oldu\u011fu hen\u00fcz bildirilmedi.<\/p>\n<p>\u0130srail Ba\u015fbakan\u0131 Benjamin Netanyahu, olayla ilgili geli\u015fmeleri yak\u0131ndan takip etti\u011fini ve \u00e7ok yak\u0131nda savunma ekipleriyle bulu\u015faca\u011f\u0131n\u0131 a\u00e7\u0131klad\u0131.<\/p>\n","protected":false},"excerpt":{"rendered":"<p>BATI \u015eER\u0130A&#8217;DA EL YAPIMI B\u0130R PATLAYICININ \u0130NF\u0130LAK ETMES\u0130 SONUCU 1 \u0130SRA\u0130LL\u0130 YERLE\u015e\u0130MC\u0130 HAYATINI KAYBEDERKEN, 2 \u0130SRA\u0130LL\u0130 DE A\u011eIR YARALANDI.<\/p>\n","protected":false},"author":1,"featured_media":195037,"comment_status":"closed","ping_status":"open","sticky":false,"template":"","format":"standard","meta":{"jetpack_post_was_ever_published":false,"_jetpack_newsletter_access":"","_jetpack_dont_email_post_to_subs":false,"_jetpack_newsletter_tier_id":0,"_jetpack_memberships_contains_paywalled_content":false,"_jetpack_memberships_contains_paid_content":false,"footnotes":"","jetpack_publicize_message":"","jetpack_publicize_feature_enabled":true,"jetpack_social_post_already_shared":true,"jetpack_social_options":{"image_generator_settings":{"template":"highway","default_image_id":0,"font":"","enabled":false},"version":2}},"categories":[10],"tags":[4024,1664,3967,48960,6736,774],"class_list":["post-195036","post","type-post","status-publish","format-standard","has-post-thumbnail","hentry","category-dunya","tag-bomba","tag-olu","tag-patladi","tag-ramallahda","tag-yapimi","tag-yarali"],"jetpack_publicize_connections":[],"jetpack_featured_media_url":"https:\/\/i0.wp.com\/www.tvturk.com\/wp-content\/uploads\/2019\/08\/ramallahda-el-yapimi-bomba-patladi-1-olu-2-yarali_dd6ec85.jpg?fit=960%2C640","jetpack_sharing_enabled":true,"jetpack_shortlink":"https:\/\/wp.me\/paKIfm-OJK","_links":{"self":[{"href":"http:\/\/www.tvturk.com\/index.php\/wp-json\/wp\/v2\/posts\/195036","targetHints":{"allow":["GET"]}}],"collection":[{"href":"http:\/\/www.tvturk.com\/index.php\/wp-json\/wp\/v2\/posts"}],"about":[{"href":"http:\/\/www.tvturk.com\/index.php\/wp-json\/wp\/v2\/types\/post"}],"author":[{"embeddable":true,"href":"http:\/\/www.tvturk.com\/index.php\/wp-json\/wp\/v2\/users\/1"}],"replies":[{"embeddable":true,"href":"http:\/\/www.tvturk.com\/index.php\/wp-json\/wp\/v2\/comments?post=195036"}],"version-history":[{"count":0,"href":"http:\/\/www.tvturk.com\/index.php\/wp-json\/wp\/v2\/posts\/195036\/revisions"}],"wp:featuredmedia":[{"embeddable":true,"href":"http:\/\/www.tvturk.com\/index.php\/wp-json\/wp\/v2\/media\/195037"}],"wp:attachment":[{"href":"http:\/\/www.tvturk.com\/index.php\/wp-json\/wp\/v2\/media?parent=195036"}],"wp:term":[{"taxonomy":"category","embeddable":true,"href":"http:\/\/www.tvturk.com\/index.php\/wp-json\/wp\/v2\/categories?post=195036"},{"taxonomy":"post_tag","embeddable":true,"href":"http:\/\/www.tvturk.com\/index.php\/wp-json\/wp\/v2\/tags?post=195036"}],"curies":[{"name":"wp","href":"https:\/\/api.w.org\/{rel}","templated":true}]}}