{"id":195064,"date":"2019-08-23T14:01:45","date_gmt":"2019-08-23T11:01:45","guid":{"rendered":"http:\/\/www.tvturk.com\/index.php\/sehitler-icin-farkindalik-olusturmak-icin-motosikletleriyle-afrikaya-gittiler\/"},"modified":"2019-08-23T14:01:45","modified_gmt":"2019-08-23T11:01:45","slug":"sehitler-icin-farkindalik-olusturmak-icin-motosikletleriyle-afrikaya-gittiler","status":"publish","type":"post","link":"http:\/\/www.tvturk.com\/index.php\/sehitler-icin-farkindalik-olusturmak-icin-motosikletleriyle-afrikaya-gittiler\/","title":{"rendered":"\u015eehitler i\u00e7in fark\u0131ndal\u0131k olu\u015fturmak i\u00e7in motosikletleriyle Afrika\u2019ya gittiler"},"content":{"rendered":"<p>Kayserili motosiklet\u00e7iler Mustafa \u00d6zdemir ve Yusuf \u015eent\u00fcrk, T\u00fcrkiye Harp Mal\u00fcl\u00fc Gaziler \u015eehit Dul ve Yetimleri Derne\u011fi Kayseri \u015eube Ba\u015fkan\u0131 Y\u0131lmaz \u00dc\u00e7kan\u2019dan ald\u0131klar\u0131 mektubu 15 bin kilometre yol kat ederek 24 \u00fclkenin b\u00fcy\u00fckel\u00e7iliklerine ula\u015ft\u0131racak.<\/p>\n<p>Kayserili motosiklet\u00e7iler Mustafa \u00d6zdemir ve Yusuf \u015eent\u00fcrk, Afrika gezisi \u00f6ncesinde Kartal \u015eehitli\u011fi\u2019ne gelerek, dua etti. Burada 2 motosiklet\u00e7iyi, Gen\u00e7lik ve Spor \u0130l M\u00fcd\u00fcr\u00fc Murat Eskici ile T\u00fcrkiye Harp Mal\u00fcl\u00fc Gaziler \u015eehit Dul ve Yetimleri Derne\u011fi Kayseri \u015eube Ba\u015fkan\u0131 Y\u0131lmaz \u00dc\u00e7kan da yaln\u0131z b\u0131rakmad\u0131. Motosiklet\u00e7iler daha sonra edilen duan\u0131n ard\u0131ndan yola \u00e7\u0131kt\u0131.<\/p>\n<p>Motosiklet\u00e7i Mustafa \u00d6zdemir, \u201c\u015eehitlerimiz i\u00e7in fark\u0131ndal\u0131k olu\u015fturmak amac\u0131yla Kayseri\u2019den 15 bin kilometre yol kat edip, 24 \u00fclkeyi a\u015farak \u015fehitlerimiz i\u00e7in Afrika\u2019ya yolculu\u011fumuz ba\u015flayacak. Afrika\u2019n\u0131n Bat\u0131 Sahra \u00c7\u00f6l\u00fcne kadar gidece\u011fiz. Atlas da\u011flar\u0131nda \u015fehitlerimiz i\u00e7in \u0130stiklal Mar\u015f\u0131\u2019n\u0131 s\u00f6yleyece\u011fiz ve bayra\u011f\u0131m\u0131z\u0131 dalgaland\u0131raca\u011f\u0131z. Onlar i\u00e7in bir Fatiha okuyaca\u011f\u0131z ve d\u00f6n\u00fc\u015f yolculu\u011fumuz o \u015fekilde ba\u015flayacak. Bizlere destek olan t\u00fcm g\u00f6n\u00fcl dostlar\u0131m\u0131zdan Allah raz\u0131 olsun\u201d ifadelerini kulland\u0131.<\/p>\n<p>T\u00fcrkiye Harp Mal\u00fcl\u00fc Gaziler \u015eehit Dul ve Yetimleri Derne\u011fi Kayseri \u015eube Ba\u015fkan\u0131 Y\u0131lmaz \u00dc\u00e7kan da, \u201cBundan tam 948 y\u0131l \u00f6nce ecdad\u0131m\u0131z\u0131n Anadolu\u2019nun kap\u0131lar\u0131n\u0131 a\u00e7mas\u0131 ve ecdad\u0131m\u0131z\u0131n canlar\u0131yla bize emanet etti\u011fi bu vatan topraklar\u0131n\u0131 yar\u0131nlara ta\u015f\u0131yoruz. Bu kolay olmad\u0131. Bunun bedeli can ve kan ile oldu. Bu can ve kanla bug\u00fcnlere getirdi\u011fimiz vatan\u0131 bundan sonra da Allah\u2019\u0131n izniyle biz ayn\u0131 \u015fekilde gelecek nesle ta\u015f\u0131yaca\u011f\u0131z. Ecdad\u0131m\u0131z 948 y\u0131l \u00f6nce T\u00fcrkl\u00fc\u011f\u00fcn sesini d\u00fcnyaya duyurmu\u015f, daha sonrada T\u00fcrk\u2019\u00fcn de\u011fil b\u00fct\u00fcn \u0130slam alemini de sahiplenmesiyle d\u00fcnyada h\u00fck\u00fcm s\u00fcrm\u00fc\u015ft\u00fcr. Bizler \u00fczerimize d\u00fc\u015fen ahde vefa borcuyla \u015fehitlerimize sahip \u00e7\u0131kman\u0131n ne oldu\u011funu, \u015fehitli\u011fin gazili\u011fin ne oldu\u011funu ve onun da b\u00fct\u00fcn d\u00fcnya taraf\u0131ndan alg\u0131lanmas\u0131 i\u00e7in bu \u015fekildeki etkinliklere \u00f6nem veriyoruz\u201d \u015feklinde konu\u015ftu.<\/p>\n<p>Gen\u00e7lik ve Spor \u0130l M\u00fcd\u00fcr\u00fc Murat Eskici ise, \u201cBu \u00fclke i\u00e7in can veren t\u00fcm \u015fehitlerimizi rahmetle ve minnetle an\u0131yorum. Cennet gibi bir vatanda ya\u015f\u0131yoruz. Cennet gibi bir vatanda ya\u015famak \u00e7ok da zahmetsiz olmuyor. \u00dclkemizin lokasyonu itibariyle ya\u015fad\u0131\u011f\u0131m\u0131z sorunlar ve s\u0131k\u0131nt\u0131lar var. \u015eehitler veriyoruz ve vermeye de devam ediyoruz. \u00c7\u00fcnk\u00fc biz Anadolu\u2019yuz. Anadolu, ana gibi herkese kuca\u011f\u0131n\u0131 a\u00e7\u0131yor. Herkese ev sahipli\u011fi yap\u0131yor ve mazlumun yan\u0131nda yer al\u0131yor\u201d ifadelerini kulland\u0131.<\/p>\n","protected":false},"excerpt":{"rendered":"<p>KAYSER\u0130L\u0130 MOTOS\u0130KLET\u00c7\u0130LER MUSTAFA \u00d6ZDEM\u0130R VE YUSUF \u015eENT\u00dcRK, T\u00dcRK\u0130YE HARP MAL\u00dcL\u00dc GAZ\u0130LER \u015eEH\u0130T DUL VE YET\u0130MLER\u0130 DERNE\u011e\u0130 KAYSER\u0130 \u015eUBE BA\u015eKANI YILMAZ \u00dc\u00c7KAN\u2019DAN ALDIKLARI MEKTUBU 15 B\u0130N K\u0130LOMETRE YOL KAT EDEREK 24 \u00dcLKEN\u0130N B\u00dcY\u00dcKEL\u00c7\u0130L\u0130KLER\u0130NE ULA\u015eTIRACAK.<\/p>\n","protected":false},"author":1,"featured_media":195065,"comment_status":"closed","ping_status":"open","sticky":false,"template":"","format":"standard","meta":{"jetpack_post_was_ever_published":false,"_jetpack_newsletter_access":"","_jetpack_dont_email_post_to_subs":false,"_jetpack_newsletter_tier_id":0,"_jetpack_memberships_contains_paywalled_content":false,"_jetpack_memberships_contains_paid_content":false,"footnotes":"","jetpack_publicize_message":"","jetpack_publicize_feature_enabled":true,"jetpack_social_post_already_shared":true,"jetpack_social_options":{"image_generator_settings":{"template":"highway","default_image_id":0,"font":"","enabled":false},"version":2}},"categories":[1],"tags":[20710,2326,11167,44,48967,2237,9214],"class_list":["post-195064","post","type-post","status-publish","format-standard","has-post-thumbnail","hentry","category-genel","tag-afrikaya","tag-farkindalik","tag-gittiler","tag-icin","tag-motosikletleriyle","tag-olusturmak","tag-sehitler"],"jetpack_publicize_connections":[],"jetpack_featured_media_url":"https:\/\/i0.wp.com\/www.tvturk.com\/wp-content\/uploads\/2019\/08\/sehitler-icin-farkindalik-olusturmak-icin-motosikletleriyle-afrikaya-gittiler_3cd30b7.jpg?fit=1000%2C666","jetpack_sharing_enabled":true,"jetpack_shortlink":"https:\/\/wp.me\/paKIfm-OKc","_links":{"self":[{"href":"http:\/\/www.tvturk.com\/index.php\/wp-json\/wp\/v2\/posts\/195064","targetHints":{"allow":["GET"]}}],"collection":[{"href":"http:\/\/www.tvturk.com\/index.php\/wp-json\/wp\/v2\/posts"}],"about":[{"href":"http:\/\/www.tvturk.com\/index.php\/wp-json\/wp\/v2\/types\/post"}],"author":[{"embeddable":true,"href":"http:\/\/www.tvturk.com\/index.php\/wp-json\/wp\/v2\/users\/1"}],"replies":[{"embeddable":true,"href":"http:\/\/www.tvturk.com\/index.php\/wp-json\/wp\/v2\/comments?post=195064"}],"version-history":[{"count":0,"href":"http:\/\/www.tvturk.com\/index.php\/wp-json\/wp\/v2\/posts\/195064\/revisions"}],"wp:featuredmedia":[{"embeddable":true,"href":"http:\/\/www.tvturk.com\/index.php\/wp-json\/wp\/v2\/media\/195065"}],"wp:attachment":[{"href":"http:\/\/www.tvturk.com\/index.php\/wp-json\/wp\/v2\/media?parent=195064"}],"wp:term":[{"taxonomy":"category","embeddable":true,"href":"http:\/\/www.tvturk.com\/index.php\/wp-json\/wp\/v2\/categories?post=195064"},{"taxonomy":"post_tag","embeddable":true,"href":"http:\/\/www.tvturk.com\/index.php\/wp-json\/wp\/v2\/tags?post=195064"}],"curies":[{"name":"wp","href":"https:\/\/api.w.org\/{rel}","templated":true}]}}