{"id":195080,"date":"2019-08-23T14:03:02","date_gmt":"2019-08-23T11:03:02","guid":{"rendered":"http:\/\/www.tvturk.com\/index.php\/okulun-mudur-iscisi\/"},"modified":"2019-08-23T14:03:02","modified_gmt":"2019-08-23T11:03:02","slug":"okulun-mudur-iscisi","status":"publish","type":"post","link":"http:\/\/www.tvturk.com\/index.php\/okulun-mudur-iscisi\/","title":{"rendered":"Okulun m\u00fcd\u00fcr i\u015f\u00e7isi"},"content":{"rendered":"<p>Bing\u00f6l\u2019de bir k\u00f6y okuluna m\u00fcd\u00fcr olarak atanan Saim \u00c7akar, tatilini b\u0131rak\u0131p geldi\u011fi okulda bir i\u015f\u00e7i gibi \u00e7al\u0131\u015farak hem boya badana hem de dekorasyon \u00e7al\u0131\u015fmas\u0131 yaparak \u00f6rnek oluyor.<\/p>\n<p>T\u00fcrkiye genelinde oldu\u011fu gibi Bing\u00f6l\u2019de 2019-2020 E\u011fitim ve \u00d6\u011fretim y\u0131l\u0131n\u0131n ba\u015flamas\u0131na say\u0131s\u0131 g\u00fcnler kala, okullardaki eksiklikleri tespit edilerek imkanlar \u00f6l\u00e7\u00fcs\u00fcnde giderilmeye ba\u015fland\u0131. Daha \u00f6nce 4 y\u0131l m\u00fcd\u00fcr olarak g\u00f6rev yapt\u0131\u011f\u0131 G\u00f6ltepesi Yeni Yerle\u015fim Ortaokulu\u2019nda \u00e7e\u015fitli sosyal ve k\u00fclt\u00fcrel projelere \u00f6nc\u00fcl\u00fck eden Saim \u00c7akar, G\u00fcve\u00e7li K\u00f6y\u00fc \u0130lk ve Ortaokulu\u2019na yeni e\u011fitim \u00f6\u011fretim y\u0131l\u0131 \u00f6ncesinde atand\u0131. M\u00fcd\u00fcr \u00c7akar, rol model olarak ald\u0131\u011f\u0131 annesi ve ilkokul \u00f6\u011fretmenin kendisine \u00f6\u011frettiklerini, atand\u0131\u011f\u0131 yeni okulda da  uygulayarak \u00f6rnek bir \u00e7al\u0131\u015fma sergiliyor. Okulun merdivenlerinden s\u0131n\u0131f boyas\u0131na, masa ve s\u0131ralar\u0131n tamirinden renkli \u00e7izimlere kadar yapan \u00c7akar, bir i\u015f\u00e7i gibi \u00e7al\u0131\u015f\u0131yor.<\/p>\n<p>S\u0131n\u0131flar\u0131n 22 y\u0131ll\u0131k masa ve s\u0131ralar\u0131n\u0131 tamir edip boyad\u0131klar\u0131n\u0131 aktaran Saim  \u00c7akar, &#8220;G\u00f6reve ba\u015flar ba\u015flamaz okulumuzun bir profiliniz \u00e7izdik, analizler yapt\u0131k. Notlar\u0131m\u0131z\u0131 ald\u0131ktan sonra okulumuzdaki \u00e7al\u0131\u015fmalar\u0131m\u0131za ge\u00e7tik. \u00d6\u011frencilerimizin kendilerini mutlu hissettikleri ortam olu\u015fturmaya ba\u015flad\u0131k. S\u0131n\u0131flar\u0131m\u0131z\u0131, \u00f6\u011frencilerimizin be\u011fenebilece\u011fi renklerle boyad\u0131k. 22 y\u0131ll\u0131k masa,s\u0131ralar\u0131 boyad\u0131k ve yeniledik. Minik y\u00fcrekli birinci s\u0131n\u0131flar\u0131m\u0131z\u0131n kocaman mutluluklar\u0131na ortak olmak i\u00e7in parke yapt\u0131k. Bunun hem maliyetini hem de i\u015f\u00e7ili\u011fini biz \u00fcstlendik. Yeter ki \u00e7ocuklar\u0131m\u0131z okula geldi\u011finde, evlerindeki benzer ortam\u0131 burada da hissetsinler diye yapt\u0131k\u201d dedi.<\/p>\n<p>Tatilini yar\u0131da kesti<\/p>\n<p>Yaz tatilini yar\u0131da b\u0131rak\u0131p okulda \u00e7al\u0131\u015fmaya ba\u015flayan \u00c7akar, \u201c1 Temmuz itibariyle yeni okulumda g\u00f6reve ba\u015flad\u0131m. Normalde okul idarecilerinin yaz aylar\u0131nda 1 ayl\u0131k gibi tatil haklar\u0131 var. Hatta ben 1 haftal\u0131k tatil planlamas\u0131 yapm\u0131\u015ft\u0131m ama tatilimi yar\u0131da keserek, \u00e7ocuklara hizmet etmenin daha iyi olaca\u011f\u0131n\u0131 d\u00fc\u015f\u00fcnd\u00fcm,mutlulu\u011funa ortak olmak istedim\u201d \u015feklinde konu\u015ftu.<\/p>\n<p>G\u00fcney: &#8220;Bizi \u00e7ok memnun etti&#8221;<\/p>\n<p>Kent genelindeki okullar\u0131 inceleyen \u0130l Milli E\u011fitim M\u00fcd\u00fcr\u00fc Rahmi G\u00fcney ise, \u201cOkullar\u0131m\u0131z\u0131n 2019-2020 e\u011fitim \u00f6\u011fretim y\u0131l\u0131na haz\u0131r olup olmad\u0131\u011f\u0131na bakmak i\u00e7in \u00e7e\u015fitli ziyaretlerde bulunuyoruz. G\u00fcve\u00e7li \u0130lk ve Ortaokuluna geldik ve okulumuzun haz\u0131r olmas\u0131 bizi \u00e7ok memnun etti. Okulumuzun e\u011fitim \u00f6\u011fretime haz\u0131rlanmas\u0131nda okul m\u00fcd\u00fcr\u00fcn\u00fcn ve de\u011ferli ekibin katk\u0131lar\u0131 olmu\u015f. Bizi \u00e7ok memnun etti\u201d diye konu\u015ftu.<\/p>\n","protected":false},"excerpt":{"rendered":"<p>B\u0130NG\u00d6L\u2019DE B\u0130R OKULUNA BU YIL M\u00dcD\u00dcR OLARAK ATANAN SA\u0130M \u00c7AKAR, YAZ TAT\u0130L\u0130N\u0130 YARIDA BIRAKIP OKULUNDA BOYA VE BADANA \u0130\u015eLER\u0130 YAPIYOR. OKULUN HEM \u0130\u00c7 HEM DE DI\u015eINDA \u00c7E\u015e\u0130TL\u0130 DEKORASYONLAR YAPAN M\u00dcD\u00dcR, OKULDA \u0130\u015e\u00c7\u0130DEN FARKSIZ \u00c7ALI\u015eIYOR.<\/p>\n","protected":false},"author":1,"featured_media":195081,"comment_status":"closed","ping_status":"open","sticky":false,"template":"","format":"standard","meta":{"jetpack_post_was_ever_published":false,"_jetpack_newsletter_access":"","_jetpack_dont_email_post_to_subs":false,"_jetpack_newsletter_tier_id":0,"_jetpack_memberships_contains_paywalled_content":false,"_jetpack_memberships_contains_paid_content":false,"footnotes":"","jetpack_publicize_message":"","jetpack_publicize_feature_enabled":true,"jetpack_social_post_already_shared":true,"jetpack_social_options":{"image_generator_settings":{"template":"highway","default_image_id":0,"font":"","enabled":false},"version":2}},"categories":[1],"tags":[2330,4418,10459],"class_list":["post-195080","post","type-post","status-publish","format-standard","has-post-thumbnail","hentry","category-genel","tag-iscisi","tag-mudur","tag-okulun"],"jetpack_publicize_connections":[],"jetpack_featured_media_url":"https:\/\/i0.wp.com\/www.tvturk.com\/wp-content\/uploads\/2019\/08\/okulun-mudur-iscisi_efbda81.jpg?fit=1000%2C666","jetpack_sharing_enabled":true,"jetpack_shortlink":"https:\/\/wp.me\/paKIfm-OKs","_links":{"self":[{"href":"http:\/\/www.tvturk.com\/index.php\/wp-json\/wp\/v2\/posts\/195080","targetHints":{"allow":["GET"]}}],"collection":[{"href":"http:\/\/www.tvturk.com\/index.php\/wp-json\/wp\/v2\/posts"}],"about":[{"href":"http:\/\/www.tvturk.com\/index.php\/wp-json\/wp\/v2\/types\/post"}],"author":[{"embeddable":true,"href":"http:\/\/www.tvturk.com\/index.php\/wp-json\/wp\/v2\/users\/1"}],"replies":[{"embeddable":true,"href":"http:\/\/www.tvturk.com\/index.php\/wp-json\/wp\/v2\/comments?post=195080"}],"version-history":[{"count":0,"href":"http:\/\/www.tvturk.com\/index.php\/wp-json\/wp\/v2\/posts\/195080\/revisions"}],"wp:featuredmedia":[{"embeddable":true,"href":"http:\/\/www.tvturk.com\/index.php\/wp-json\/wp\/v2\/media\/195081"}],"wp:attachment":[{"href":"http:\/\/www.tvturk.com\/index.php\/wp-json\/wp\/v2\/media?parent=195080"}],"wp:term":[{"taxonomy":"category","embeddable":true,"href":"http:\/\/www.tvturk.com\/index.php\/wp-json\/wp\/v2\/categories?post=195080"},{"taxonomy":"post_tag","embeddable":true,"href":"http:\/\/www.tvturk.com\/index.php\/wp-json\/wp\/v2\/tags?post=195080"}],"curies":[{"name":"wp","href":"https:\/\/api.w.org\/{rel}","templated":true}]}}