{"id":195082,"date":"2019-08-23T14:16:32","date_gmt":"2019-08-23T11:16:32","guid":{"rendered":"http:\/\/www.tvturk.com\/index.php\/sehit-ozel-harekat-polisi-son-yolculuguna-ugurlandi\/"},"modified":"2019-08-23T14:16:32","modified_gmt":"2019-08-23T11:16:32","slug":"sehit-ozel-harekat-polisi-son-yolculuguna-ugurlandi","status":"publish","type":"post","link":"http:\/\/www.tvturk.com\/index.php\/sehit-ozel-harekat-polisi-son-yolculuguna-ugurlandi\/","title":{"rendered":"\u015eehit \u00d6zel Harekat polisi son yolculu\u011funa u\u011furland\u0131"},"content":{"rendered":"<p>G\u00fcm\u00fc\u015fhane\u2019de trafik kazas\u0131nda \u015fehit olan G\u00fcm\u00fc\u015fhane Emniyet M\u00fcd\u00fcrl\u00fc\u011f\u00fc \u00d6zel Harekat \u015eube M\u00fcd\u00fcrl\u00fc\u011f\u00fcnde g\u00f6revli Hamdullah K\u0131rtay (21) memleketi Giresun\u2019da son yolculu\u011funa u\u011furland\u0131.<\/p>\n<p>\u015eehit polis memuru K\u0131rtay\u2019\u0131n naa\u015f\u0131, Tirebolu Devlet Hastanesi\u2019nden al\u0131narak cenaze t\u00f6reninin d\u00fczenlenece\u011fi il\u00e7enin K\u00f6rliman Mahallesi\u2019ndeki Uzunkum Camisi\u2019ne getirildi. Cuma namaz\u0131n\u0131 m\u00fcteakiben d\u00fczenlenen t\u00f6rene, \u015fehidin yak\u0131nlar\u0131, Giresun Valisi Harun Sar\u0131fak\u0131o\u011fullar\u0131, TBMM \u0130dare Amiri Hasan Turan, Emniyet M\u00fcd\u00fcr\u00fc Fahri Akta\u015f, askeri yetkililer, siyasi parti temsilcileri ve vatanda\u015flar kat\u0131ld\u0131. Vali Harun Sar\u0131fak\u0131o\u011fullar\u0131 ve \u0130l Emniyet M\u00fcd\u00fcr\u00fc Fahri Akta\u015f ile birlikte protokol \u00fcyeleri baba Nedim ve anne Firdevs K\u0131rtay\u2019a ba\u015fsa\u011fl\u0131\u011f\u0131 dileyerek, teselli etti.<\/p>\n<p>\u015eehit \u00d6zel Harekat polisi K\u0131rtay\u2019\u0131n ni\u015fanl\u0131 oldu\u011fu ve d\u00fc\u011f\u00fcn haz\u0131rl\u0131\u011f\u0131 i\u00e7erisinde oldu\u011fu \u00f6\u011frenildi.<\/p>\n<p>\u015eehit \u00d6zel Harekat Polisi Hamdullah K\u0131rtay, d\u00fcn sabah saatlerinde G\u00fcm\u00fc\u015fhane \u015fehir merkezinden Trabzon istikametine giderken kulland\u0131\u011f\u0131 08 AAD 693 plakal\u0131 otomobil ile \u00d6zcan Mahallesi Elmal\u0131 Caddesi\u2019nde yol kenar\u0131ndaki elektrik dire\u011fine \u00e7arpmas\u0131 sonucu olay yerinde hayat\u0131n\u0131 kaybetmi\u015fti.<\/p>\n","protected":false},"excerpt":{"rendered":"<p>G\u00dcM\u00dc\u015eHANE EMN\u0130YET M\u00dcD\u00dcRL\u00dc\u011e\u00dc \u00d6ZEL HAREKAT \u015eUBE M\u00dcD\u00dcRL\u00dc\u011e\u00dcNDE G\u00d6REVL\u0130 HAMDULLAH KIRTAY<\/p>\n","protected":false},"author":1,"featured_media":195083,"comment_status":"closed","ping_status":"open","sticky":false,"template":"","format":"standard","meta":{"jetpack_post_was_ever_published":false,"_jetpack_newsletter_access":"","_jetpack_dont_email_post_to_subs":false,"_jetpack_newsletter_tier_id":0,"_jetpack_memberships_contains_paywalled_content":false,"_jetpack_memberships_contains_paid_content":false,"footnotes":"","jetpack_publicize_message":"","jetpack_publicize_feature_enabled":true,"jetpack_social_post_already_shared":true,"jetpack_social_options":{"image_generator_settings":{"template":"highway","default_image_id":0,"font":"","enabled":false},"version":2}},"categories":[1],"tags":[1073,1795,1675,237,1240,2516,2515],"class_list":["post-195082","post","type-post","status-publish","format-standard","has-post-thumbnail","hentry","category-genel","tag-ozel","tag-harekat","tag-polisi","tag-sehit","tag-son","tag-ugurlandi","tag-yolculuguna"],"jetpack_publicize_connections":[],"jetpack_featured_media_url":"https:\/\/i0.wp.com\/www.tvturk.com\/wp-content\/uploads\/2019\/08\/sehit-ozel-harekat-polisi-son-yolculuguna-ugurlandi_3d99628.jpg?fit=1000%2C750","jetpack_sharing_enabled":true,"jetpack_shortlink":"https:\/\/wp.me\/paKIfm-OKu","_links":{"self":[{"href":"http:\/\/www.tvturk.com\/index.php\/wp-json\/wp\/v2\/posts\/195082","targetHints":{"allow":["GET"]}}],"collection":[{"href":"http:\/\/www.tvturk.com\/index.php\/wp-json\/wp\/v2\/posts"}],"about":[{"href":"http:\/\/www.tvturk.com\/index.php\/wp-json\/wp\/v2\/types\/post"}],"author":[{"embeddable":true,"href":"http:\/\/www.tvturk.com\/index.php\/wp-json\/wp\/v2\/users\/1"}],"replies":[{"embeddable":true,"href":"http:\/\/www.tvturk.com\/index.php\/wp-json\/wp\/v2\/comments?post=195082"}],"version-history":[{"count":0,"href":"http:\/\/www.tvturk.com\/index.php\/wp-json\/wp\/v2\/posts\/195082\/revisions"}],"wp:featuredmedia":[{"embeddable":true,"href":"http:\/\/www.tvturk.com\/index.php\/wp-json\/wp\/v2\/media\/195083"}],"wp:attachment":[{"href":"http:\/\/www.tvturk.com\/index.php\/wp-json\/wp\/v2\/media?parent=195082"}],"wp:term":[{"taxonomy":"category","embeddable":true,"href":"http:\/\/www.tvturk.com\/index.php\/wp-json\/wp\/v2\/categories?post=195082"},{"taxonomy":"post_tag","embeddable":true,"href":"http:\/\/www.tvturk.com\/index.php\/wp-json\/wp\/v2\/tags?post=195082"}],"curies":[{"name":"wp","href":"https:\/\/api.w.org\/{rel}","templated":true}]}}