{"id":195090,"date":"2019-08-23T14:31:44","date_gmt":"2019-08-23T11:31:44","guid":{"rendered":"http:\/\/www.tvturk.com\/index.php\/malatyali-sehit-son-yolculuguna-ugurlandi\/"},"modified":"2019-08-23T14:31:44","modified_gmt":"2019-08-23T11:31:44","slug":"malatyali-sehit-son-yolculuguna-ugurlandi","status":"publish","type":"post","link":"http:\/\/www.tvturk.com\/index.php\/malatyali-sehit-son-yolculuguna-ugurlandi\/","title":{"rendered":"Malatyal\u0131 \u015fehit son yolculu\u011funa u\u011furland\u0131"},"content":{"rendered":"<p>5 ayl\u0131k hamile e\u015fini g\u00f6rmek i\u00e7in Malatya\u2019ya gelmek \u00fczereyken Mardin\u2019in Midyat il\u00e7esinde ge\u00e7irdi\u011fi trafik kazas\u0131 sonucu 25 ya\u015f\u0131nda \u015fehit olan Jandarma Astsubay Ba\u015f\u00e7avu\u015f Yunus Emre Ta\u015fp\u0131nar memleketinde topra\u011fa verildi.<\/p>\n<p>\u015eehit i\u00e7in bug\u00fcn \u015eehir Mezarl\u0131\u011f\u0131nda cuma namaz\u0131n\u0131 m\u00fcteakip cenaze t\u00f6reni d\u00fczenlendi. T\u00f6rene, Malatya Valisi Ayd\u0131n Baru\u015f, MHP Malatya Milletvekili Mehmet Fendo\u011flu, Battalgazi Belediye Ba\u015fkan\u0131 Osman G\u00fcder, \u0130l Emniyet M\u00fcd\u00fcr\u00fc Dr. \u00d6mer Urhal, \u0130l Jandarma Komutan\u0131 Necmi \u0130nce ve \u015fehidin yak\u0131nlar\u0131 kat\u0131ld\u0131.<\/p>\n<p>\u0130l M\u00fcft\u00fcs\u00fc Veysel I\u015f\u0131ldar taraf\u0131ndan k\u0131ld\u0131r\u0131lan cenaze namaz\u0131n\u0131n ard\u0131ndan Ta\u015fp\u0131nar\u2019\u0131n naa\u015f\u0131, askerlerce cenaze nakil arac\u0131na konuldu. \u015eehidin T\u00fcrk bayra\u011f\u0131na sar\u0131l\u0131 tabutunun camiden g\u00f6t\u00fcr\u00fcl\u00fc\u015f\u00fc s\u0131ras\u0131nda yak\u0131nlar\u0131 g\u00f6z ya\u015f\u0131 d\u00f6kt\u00fc. \u015eehidin naa\u015f\u0131 Battalgazi il\u00e7esine ba\u011fl\u0131 Ta\u015fp\u0131nar Mahallesindeki mezarl\u0131\u011fa defnedildi.<\/p>\n<p>\u00d6te yandan, t\u00f6ren s\u0131ras\u0131nda \u015fehidin babas\u0131 Azmi Ta\u015fp\u0131nar\u2019\u0131n o\u011flunun foto\u011fraf\u0131na uzun s\u00fcre bakarak a\u011flamas\u0131 y\u00fcrekleri burktu.<\/p>\n","protected":false},"excerpt":{"rendered":"<p>T\u00d6REN SIRASINDA \u015eEH\u0130D\u0130N BABASI AZM\u0130 TA\u015ePINAR\u2019IN (ORTADAK\u0130) O\u011eLUNUN FOTO\u011eRAFINA UZUN S\u00dcRE BAKARAK A\u011eLAMASI Y\u00dcREKLER\u0130 BURKTU.<\/p>\n","protected":false},"author":1,"featured_media":195091,"comment_status":"closed","ping_status":"open","sticky":false,"template":"","format":"standard","meta":{"jetpack_post_was_ever_published":false,"_jetpack_newsletter_access":"","_jetpack_dont_email_post_to_subs":false,"_jetpack_newsletter_tier_id":0,"_jetpack_memberships_contains_paywalled_content":false,"_jetpack_memberships_contains_paid_content":false,"footnotes":"","jetpack_publicize_message":"","jetpack_publicize_feature_enabled":true,"jetpack_social_post_already_shared":true,"jetpack_social_options":{"image_generator_settings":{"template":"highway","default_image_id":0,"font":"","enabled":false},"version":2}},"categories":[1],"tags":[1746,237,1240,2516,2515],"class_list":["post-195090","post","type-post","status-publish","format-standard","has-post-thumbnail","hentry","category-genel","tag-malatyali","tag-sehit","tag-son","tag-ugurlandi","tag-yolculuguna"],"jetpack_publicize_connections":[],"jetpack_featured_media_url":"https:\/\/i0.wp.com\/www.tvturk.com\/wp-content\/uploads\/2019\/08\/malatyali-sehit-son-yolculuguna-ugurlandi_5d32157.jpg?fit=1000%2C666","jetpack_sharing_enabled":true,"jetpack_shortlink":"https:\/\/wp.me\/paKIfm-OKC","_links":{"self":[{"href":"http:\/\/www.tvturk.com\/index.php\/wp-json\/wp\/v2\/posts\/195090","targetHints":{"allow":["GET"]}}],"collection":[{"href":"http:\/\/www.tvturk.com\/index.php\/wp-json\/wp\/v2\/posts"}],"about":[{"href":"http:\/\/www.tvturk.com\/index.php\/wp-json\/wp\/v2\/types\/post"}],"author":[{"embeddable":true,"href":"http:\/\/www.tvturk.com\/index.php\/wp-json\/wp\/v2\/users\/1"}],"replies":[{"embeddable":true,"href":"http:\/\/www.tvturk.com\/index.php\/wp-json\/wp\/v2\/comments?post=195090"}],"version-history":[{"count":0,"href":"http:\/\/www.tvturk.com\/index.php\/wp-json\/wp\/v2\/posts\/195090\/revisions"}],"wp:featuredmedia":[{"embeddable":true,"href":"http:\/\/www.tvturk.com\/index.php\/wp-json\/wp\/v2\/media\/195091"}],"wp:attachment":[{"href":"http:\/\/www.tvturk.com\/index.php\/wp-json\/wp\/v2\/media?parent=195090"}],"wp:term":[{"taxonomy":"category","embeddable":true,"href":"http:\/\/www.tvturk.com\/index.php\/wp-json\/wp\/v2\/categories?post=195090"},{"taxonomy":"post_tag","embeddable":true,"href":"http:\/\/www.tvturk.com\/index.php\/wp-json\/wp\/v2\/tags?post=195090"}],"curies":[{"name":"wp","href":"https:\/\/api.w.org\/{rel}","templated":true}]}}