{"id":195140,"date":"2019-08-23T16:01:51","date_gmt":"2019-08-23T13:01:51","guid":{"rendered":"http:\/\/www.tvturk.com\/index.php\/geleneksel-3-boyabat-domates-festivali\/"},"modified":"2019-08-23T16:01:51","modified_gmt":"2019-08-23T13:01:51","slug":"geleneksel-3-boyabat-domates-festivali","status":"publish","type":"post","link":"http:\/\/www.tvturk.com\/index.php\/geleneksel-3-boyabat-domates-festivali\/","title":{"rendered":"Geleneksel 3. Boyabat Domates Festivali"},"content":{"rendered":"<p>Sinop\u2019un Boyabat il\u00e7esinde d\u00fczenlenen &#8220;3. Boyabat Domates Festivali&#8221;, vatanda\u015flar taraf\u0131ndan yo\u011fun ilgi g\u00f6rd\u00fc.<\/p>\n<p>Festival a\u00e7\u0131l\u0131\u015f\u0131nda konu\u015fma yapan Boyabat Belediye Ba\u015fkan\u0131 \u015eefik \u00c7ak\u0131c\u0131, \u201cBoyabat i\u00e7in, \u00e7ift\u00e7ilerimiz i\u00e7in buraya kat\u0131lan b\u00fct\u00fcn misafirlere te\u015fekk\u00fcr ediyorum. Ge\u00e7ti\u011fimiz y\u0131la g\u00f6re kat\u0131l\u0131m oran\u0131 daha y\u00fcksek. 120\u2019nin \u00fcst\u00fcnde yar\u0131\u015fmaya kat\u0131lan \u00e7ift\u00e7imiz var. Gurur duyuyorum il\u00e7emle. Sizlerle gurur duyuyorum. Siz bu domatesleri kendiniz i\u00e7in \u00fcretmiyorsunuz, g\u00fc\u00e7l\u00fc bir \u00e7ift\u00e7i, g\u00fc\u00e7l\u00fc bir k\u00f6yl\u00fc i\u00e7in \u00fcretiyorsunuz. G\u00fc\u00e7l\u00fc bir Boyabat i\u00e7in \u00fcretiyorsunuz, daha ba\u011f\u0131ms\u0131z bir T\u00fcrkiye i\u00e7in \u00fcretiyoruz. Bu a\u00e7\u0131dan domatesimizin tan\u0131t\u0131m\u0131 ger\u00e7ekten \u00f6nemliydi. 3 y\u0131l \u00f6nce \u0130l\u00e7e Tar\u0131m ve Orman M\u00fcd\u00fcrl\u00fc\u011f\u00fcm\u00fcz taraf\u0131ndan tescillendi domatesimiz Gazidere domatesi olarak. Amac\u0131m\u0131z, domatesi ihracat yapmak de\u011fil, amac\u0131m\u0131z k\u00f6yl\u00fcm\u00fcz\u00fc onurland\u0131rmak, sizleri desteklemek. Ben kat\u0131lan herkese te\u015fekk\u00fcr ediyorum\u201d dedi.<\/p>\n<p>Boyabat Belediyesi ve \u0130l\u00e7e Tar\u0131m ve Orman M\u00fcd\u00fcrl\u00fc\u011f\u00fc taraf\u0131ndan d\u00fczenlenen festivalinde, her y\u0131l merakla beklenen \u2018En H\u0131zl\u0131 Domates Yeme\u2019 Yar\u0131\u015fmas\u0131 e\u011flenceli anlar \u015fahit oldu.<\/p>\n<p>\u00dc\u00e7\u00fcnc\u00fcs\u00fc d\u00fczenlenen festivale \u00e7e\u015fitli kamu kurum ve kurulu\u015f m\u00fcd\u00fcrleri, domates \u00fcreticileri ve \u00e7ok say\u0131da vatanda\u015f kat\u0131ld\u0131.<\/p>\n","protected":false},"excerpt":{"rendered":"<p>S\u0130NOP&#8217;UN BOYABAT \u0130L\u00c7ES\u0130NDE 3. BOYABAT DOMATES FEST\u0130VAL\u0130, VATANDA\u015eLAR TARAFINDAN YO\u011eUN \u0130LG\u0130 G\u00d6RD\u00dc.<\/p>\n","protected":false},"author":1,"featured_media":195141,"comment_status":"closed","ping_status":"open","sticky":false,"template":"","format":"standard","meta":{"jetpack_post_was_ever_published":false,"_jetpack_newsletter_access":"","_jetpack_dont_email_post_to_subs":false,"_jetpack_newsletter_tier_id":0,"_jetpack_memberships_contains_paywalled_content":false,"_jetpack_memberships_contains_paid_content":false,"footnotes":"","jetpack_publicize_message":"","jetpack_publicize_feature_enabled":true,"jetpack_social_post_already_shared":true,"jetpack_social_options":{"image_generator_settings":{"template":"highway","default_image_id":0,"font":"","enabled":false},"version":2}},"categories":[1],"tags":[47715,13988,3400,7470],"class_list":["post-195140","post","type-post","status-publish","format-standard","has-post-thumbnail","hentry","category-genel","tag-boyabat","tag-domates","tag-festivali","tag-geleneksel"],"jetpack_publicize_connections":[],"jetpack_featured_media_url":"https:\/\/i0.wp.com\/www.tvturk.com\/wp-content\/uploads\/2019\/08\/geleneksel-3-boyabat-domates-festivali_880003e.jpg?fit=1000%2C750","jetpack_sharing_enabled":true,"jetpack_shortlink":"https:\/\/wp.me\/paKIfm-OLq","_links":{"self":[{"href":"http:\/\/www.tvturk.com\/index.php\/wp-json\/wp\/v2\/posts\/195140","targetHints":{"allow":["GET"]}}],"collection":[{"href":"http:\/\/www.tvturk.com\/index.php\/wp-json\/wp\/v2\/posts"}],"about":[{"href":"http:\/\/www.tvturk.com\/index.php\/wp-json\/wp\/v2\/types\/post"}],"author":[{"embeddable":true,"href":"http:\/\/www.tvturk.com\/index.php\/wp-json\/wp\/v2\/users\/1"}],"replies":[{"embeddable":true,"href":"http:\/\/www.tvturk.com\/index.php\/wp-json\/wp\/v2\/comments?post=195140"}],"version-history":[{"count":0,"href":"http:\/\/www.tvturk.com\/index.php\/wp-json\/wp\/v2\/posts\/195140\/revisions"}],"wp:featuredmedia":[{"embeddable":true,"href":"http:\/\/www.tvturk.com\/index.php\/wp-json\/wp\/v2\/media\/195141"}],"wp:attachment":[{"href":"http:\/\/www.tvturk.com\/index.php\/wp-json\/wp\/v2\/media?parent=195140"}],"wp:term":[{"taxonomy":"category","embeddable":true,"href":"http:\/\/www.tvturk.com\/index.php\/wp-json\/wp\/v2\/categories?post=195140"},{"taxonomy":"post_tag","embeddable":true,"href":"http:\/\/www.tvturk.com\/index.php\/wp-json\/wp\/v2\/tags?post=195140"}],"curies":[{"name":"wp","href":"https:\/\/api.w.org\/{rel}","templated":true}]}}