{"id":195178,"date":"2019-08-23T16:47:28","date_gmt":"2019-08-23T13:47:28","guid":{"rendered":"http:\/\/www.tvturk.com\/index.php\/sivas-belediyespor-karabukspora-hazirlaniyor\/"},"modified":"2019-08-23T16:47:28","modified_gmt":"2019-08-23T13:47:28","slug":"sivas-belediyespor-karabukspora-hazirlaniyor","status":"publish","type":"post","link":"http:\/\/www.tvturk.com\/index.php\/sivas-belediyespor-karabukspora-hazirlaniyor\/","title":{"rendered":"Sivas Belediyespor, Karab\u00fckspor\u2019a haz\u0131rlan\u0131yor"},"content":{"rendered":"<p>TFF 2. Lig K\u0131rm\u0131z\u0131 Grup tak\u0131mlar\u0131ndan Sivas Belediyespor, 2019-2020 sezonunun ilk haftas\u0131nda sahas\u0131nda konuk edece\u011fi Kardemir Karab\u00fckspor ma\u00e7\u0131n\u0131n haz\u0131rl\u0131klar\u0131n\u0131 s\u00fcrd\u00fcr\u00fcyor.<\/p>\n<p>Muhsin Yaz\u0131c\u0131o\u011flu Spor Kompleksi\u2019nde, Teknik Direkt\u00f6r Nam\u0131k Altunsoy y\u00f6netiminde yap\u0131lan antrenman yakla\u015f\u0131k 2 saat s\u00fcrd\u00fc. Yap\u0131lan antrenman ko\u015fu ile ba\u015flad\u0131. Ard\u0131ndan \u0131s\u0131nma hareketleri yapan ye\u015fil-beyazl\u0131lar, 5\u2019e 2 top kapma \u00e7al\u0131\u015fmas\u0131 ger\u00e7ekle\u015ftirdi. Pas, \u015fut ve pres \u00e7al\u0131\u015fmas\u0131 yapan Sivas temsilcisi antrenman\u0131 \u00e7ift kale ma\u00e7la tamamlad\u0131.<\/p>\n<p>Ye\u015fil-beyazl\u0131 kul\u00fcb\u00fcn yeni transferi Mustafa Aydo\u011fdu da tak\u0131mla birlikte \u00e7al\u0131\u015fmalara start verdi.<\/p>\n<p>Sivas Belediyespor, TFF 2. Lig\u2019in  ilk haftas\u0131nda sahas\u0131nda Kardemir Karab\u00fckspor ile kar\u015f\u0131 kar\u015f\u0131ya gelecek. 1 Eyl\u00fcl Pazar g\u00fcn\u00fc Muhsin Yaz\u0131c\u0131o\u011flu Spor Kompleksi\u2019nde oynanacak olan m\u00fcsabaka saat 16.00\u2019da ba\u015flayacak.<\/p>\n","protected":false},"excerpt":{"rendered":"<p>S\u0130VAS BELED\u0130YESPOR\u2019DA L\u0130G\u0130N \u0130LK HAFTASINDA OYNANACAK OLAN KARDEM\u0130R KARAB\u00dcKSPOR MA\u00c7ININ HAZIRLIKLARI DEVAM ED\u0130YOR.<\/p>\n","protected":false},"author":1,"featured_media":195179,"comment_status":"closed","ping_status":"open","sticky":false,"template":"","format":"standard","meta":{"jetpack_post_was_ever_published":false,"_jetpack_newsletter_access":"","_jetpack_dont_email_post_to_subs":false,"_jetpack_newsletter_tier_id":0,"_jetpack_memberships_contains_paywalled_content":false,"_jetpack_memberships_contains_paid_content":false,"footnotes":"","jetpack_publicize_message":"","jetpack_publicize_feature_enabled":true,"jetpack_social_post_already_shared":true,"jetpack_social_options":{"image_generator_settings":{"template":"highway","default_image_id":0,"font":"","enabled":false},"version":2}},"categories":[657],"tags":[2556,297,49002,4247],"class_list":["post-195178","post","type-post","status-publish","format-standard","has-post-thumbnail","hentry","category-spor","tag-belediyespor","tag-hazirlaniyor","tag-karabukspora","tag-sivas"],"jetpack_publicize_connections":[],"jetpack_featured_media_url":"https:\/\/i0.wp.com\/www.tvturk.com\/wp-content\/uploads\/2019\/08\/sivas-belediyespor-karabukspora-hazirlaniyor_0a3d5b3.jpg?fit=1000%2C669","jetpack_sharing_enabled":true,"jetpack_shortlink":"https:\/\/wp.me\/paKIfm-OM2","_links":{"self":[{"href":"http:\/\/www.tvturk.com\/index.php\/wp-json\/wp\/v2\/posts\/195178","targetHints":{"allow":["GET"]}}],"collection":[{"href":"http:\/\/www.tvturk.com\/index.php\/wp-json\/wp\/v2\/posts"}],"about":[{"href":"http:\/\/www.tvturk.com\/index.php\/wp-json\/wp\/v2\/types\/post"}],"author":[{"embeddable":true,"href":"http:\/\/www.tvturk.com\/index.php\/wp-json\/wp\/v2\/users\/1"}],"replies":[{"embeddable":true,"href":"http:\/\/www.tvturk.com\/index.php\/wp-json\/wp\/v2\/comments?post=195178"}],"version-history":[{"count":0,"href":"http:\/\/www.tvturk.com\/index.php\/wp-json\/wp\/v2\/posts\/195178\/revisions"}],"wp:featuredmedia":[{"embeddable":true,"href":"http:\/\/www.tvturk.com\/index.php\/wp-json\/wp\/v2\/media\/195179"}],"wp:attachment":[{"href":"http:\/\/www.tvturk.com\/index.php\/wp-json\/wp\/v2\/media?parent=195178"}],"wp:term":[{"taxonomy":"category","embeddable":true,"href":"http:\/\/www.tvturk.com\/index.php\/wp-json\/wp\/v2\/categories?post=195178"},{"taxonomy":"post_tag","embeddable":true,"href":"http:\/\/www.tvturk.com\/index.php\/wp-json\/wp\/v2\/tags?post=195178"}],"curies":[{"name":"wp","href":"https:\/\/api.w.org\/{rel}","templated":true}]}}