{"id":195188,"date":"2019-08-23T17:02:00","date_gmt":"2019-08-23T14:02:00","guid":{"rendered":"http:\/\/www.tvturk.com\/index.php\/balayi-donusu-kazada-hayatini-kaybeden-damat-son-yolculuguna-ugurlandi\/"},"modified":"2019-08-23T17:02:00","modified_gmt":"2019-08-23T14:02:00","slug":"balayi-donusu-kazada-hayatini-kaybeden-damat-son-yolculuguna-ugurlandi","status":"publish","type":"post","link":"http:\/\/www.tvturk.com\/index.php\/balayi-donusu-kazada-hayatini-kaybeden-damat-son-yolculuguna-ugurlandi\/","title":{"rendered":"Balay\u0131 d\u00f6n\u00fc\u015f\u00fc kazada hayat\u0131n\u0131 kaybeden damat son yolculu\u011funa u\u011furland\u0131"},"content":{"rendered":"<p>Mu\u011fla\u2019da, balay\u0131 d\u00f6n\u00fc\u015f\u00fcnde minib\u00fcs bekledi\u011fi durakta ba\u015fka bir arac\u0131n \u00e7arpmas\u0131 sonucu kaybeden damat, Seydikemer il\u00e7esinde son yolculu\u011funa u\u011furland\u0131.<\/p>\n<p>Mu\u011fla-Fethiye Karayolu \u00c7\u0131tl\u0131k mevki\u2019inde d\u00fcn meydana gelen trafik kazas\u0131nda ya\u015fam\u0131n\u0131 yitiren Mustafa Kabaca\u2019n\u0131n (32) cenazesi, Mu\u011fla Adli T\u0131p Kurumu\u2019ndan al\u0131narak Seydikemer il\u00e7esi Atl\u0131dere Mahallesi\u2019ndeki evlerinin \u00f6n\u00fcne getirildi. Burada Kuran\u2019\u0131 Kerim okunmas\u0131 ve helallik al\u0131nmas\u0131n\u0131n ard\u0131ndan cenaze, Atl\u0131dere Mahalle Mezarl\u0131\u011f\u0131\u2019nda k\u0131l\u0131nan cenaze namaz\u0131n\u0131n ard\u0131ndan defnedildi.<\/p>\n<p>Cenaze t\u00f6renine kaza s\u0131ras\u0131nda e\u015finin yan\u0131nda olan ve yaralanmayan Havva Kabaca, Fethiye Belediye Ba\u015fkan\u0131 Alim Karaca ve \u00e7ok say\u0131da vatanda\u015f kat\u0131ld\u0131. Havva Kabaca\u2019n\u0131n g\u00f6zya\u015flar\u0131na hakim olmad\u0131\u011f\u0131 g\u00f6zlendi.<\/p>\n<p>Olay\u0131n ge\u00e7mi\u015fi<\/p>\n<p>Mu\u011fla-Fethiye Karayolu \u00c7\u0131tl\u0131k mevki\u2019inde d\u00fcn meydana gelen trafik kazas\u0131nda, Durmu\u015f Y\u00fcksek y\u00f6netimindeki 48 L 6432 plakal\u0131 otomobil, Mu\u011fla-Fethiye kara yolu \u00c7\u0131tl\u0131k mevki\u2019inde yolcu almak i\u00e7in yol kenar\u0131na duran Zekai Karaka\u015f y\u00f6netimindeki 48 BB 2053 plakal\u0131 yolcu minib\u00fcs\u00fcne \u00e7arpmas\u0131 sonucu, minib\u00fcse binmek i\u00e7in bekleyen Mustafa Kabaca hayat\u0131n\u0131 kaybetmi\u015f, 5 ki\u015fi de yaralanm\u0131\u015ft\u0131.<\/p>\n<p>Kabaca \u00e7ifti, 5 g\u00fcn \u00f6nce il\u00e7ede d\u00fczenlenen d\u00fc\u011f\u00fcn t\u00f6reniyle evlenmi\u015fti.<\/p>\n","protected":false},"excerpt":{"rendered":"<p>MU\u011eLA\u2019DA, BALAYI D\u00d6N\u00dc\u015e\u00dcNDE M\u0130N\u0130B\u00dcS BEKLED\u0130\u011e\u0130 DURAKTA BA\u015eKA B\u0130R ARACIN \u00c7ARPMASI SONUCU KAYBEDEN DAMAT, SEYD\u0130KEMER \u0130L\u00c7ES\u0130NDE SON YOLCULU\u011eUNA U\u011eURLANDI.<\/p>\n","protected":false},"author":1,"featured_media":195189,"comment_status":"closed","ping_status":"open","sticky":false,"template":"","format":"standard","meta":{"jetpack_post_was_ever_published":false,"_jetpack_newsletter_access":"","_jetpack_dont_email_post_to_subs":false,"_jetpack_newsletter_tier_id":0,"_jetpack_memberships_contains_paywalled_content":false,"_jetpack_memberships_contains_paid_content":false,"footnotes":"","jetpack_publicize_message":"","jetpack_publicize_feature_enabled":true,"jetpack_social_post_already_shared":true,"jetpack_social_options":{"image_generator_settings":{"template":"highway","default_image_id":0,"font":"","enabled":false},"version":2}},"categories":[1],"tags":[49003,9696,13825,848,1211,1210,1240,2516,2515],"class_list":["post-195188","post","type-post","status-publish","format-standard","has-post-thumbnail","hentry","category-genel","tag-balayi","tag-damat","tag-donusu","tag-hayatini","tag-kaybeden","tag-kazada","tag-son","tag-ugurlandi","tag-yolculuguna"],"jetpack_publicize_connections":[],"jetpack_featured_media_url":"https:\/\/i0.wp.com\/www.tvturk.com\/wp-content\/uploads\/2019\/08\/balayi-donusu-kazada-hayatini-kaybeden-damat-son-yolculuguna-ugurlandi_32849d2.jpg?fit=1000%2C666","jetpack_sharing_enabled":true,"jetpack_shortlink":"https:\/\/wp.me\/paKIfm-OMc","_links":{"self":[{"href":"http:\/\/www.tvturk.com\/index.php\/wp-json\/wp\/v2\/posts\/195188","targetHints":{"allow":["GET"]}}],"collection":[{"href":"http:\/\/www.tvturk.com\/index.php\/wp-json\/wp\/v2\/posts"}],"about":[{"href":"http:\/\/www.tvturk.com\/index.php\/wp-json\/wp\/v2\/types\/post"}],"author":[{"embeddable":true,"href":"http:\/\/www.tvturk.com\/index.php\/wp-json\/wp\/v2\/users\/1"}],"replies":[{"embeddable":true,"href":"http:\/\/www.tvturk.com\/index.php\/wp-json\/wp\/v2\/comments?post=195188"}],"version-history":[{"count":0,"href":"http:\/\/www.tvturk.com\/index.php\/wp-json\/wp\/v2\/posts\/195188\/revisions"}],"wp:featuredmedia":[{"embeddable":true,"href":"http:\/\/www.tvturk.com\/index.php\/wp-json\/wp\/v2\/media\/195189"}],"wp:attachment":[{"href":"http:\/\/www.tvturk.com\/index.php\/wp-json\/wp\/v2\/media?parent=195188"}],"wp:term":[{"taxonomy":"category","embeddable":true,"href":"http:\/\/www.tvturk.com\/index.php\/wp-json\/wp\/v2\/categories?post=195188"},{"taxonomy":"post_tag","embeddable":true,"href":"http:\/\/www.tvturk.com\/index.php\/wp-json\/wp\/v2\/tags?post=195188"}],"curies":[{"name":"wp","href":"https:\/\/api.w.org\/{rel}","templated":true}]}}