{"id":195190,"date":"2019-08-23T17:02:29","date_gmt":"2019-08-23T14:02:29","guid":{"rendered":"http:\/\/www.tvturk.com\/index.php\/bu-yaz-en-cok-organik-urunler-tercih-edildi\/"},"modified":"2019-08-23T17:02:29","modified_gmt":"2019-08-23T14:02:29","slug":"bu-yaz-en-cok-organik-urunler-tercih-edildi","status":"publish","type":"post","link":"http:\/\/www.tvturk.com\/index.php\/bu-yaz-en-cok-organik-urunler-tercih-edildi\/","title":{"rendered":"Bu yaz en \u00e7ok organik \u00fcr\u00fcnler tercih edildi"},"content":{"rendered":"<p>Yaz d\u00f6neminde, kozmetik \u00fcr\u00fcnler olmak \u00fczere \u00f6zellikle g\u00fcne\u015f koruyucu ve temizlik \u00fcr\u00fcnleri kullan\u0131m\u0131nda ciddi bir art\u0131\u015f olurken, t\u00fcketiciler bu y\u0131l \u00f6zellikle organik \u00fcr\u00fcnleri tercih etti.<\/p>\n<p>Kozmetiklerde herhangi bir \u00fcr\u00fcn\u00fcn performans\u0131n\u0131 artt\u0131rmak ya da \u00fcr\u00fcn\u00fcn g\u00f6sterece\u011fi etkiyi bitki \u00f6zleri ile sa\u011flamak i\u00e7in form\u00fclasyonlara bitki \u00f6zleri ekleyerek yap\u0131lan do\u011fal \u00fcr\u00fcnler, bu y\u0131l kozmetik sekt\u00f6r\u00fcnde trend oldu. Papatya ya\u011f\u0131 ve \u00f6z\u00fc kullan\u0131larak \u00fcretilen; kremler, \u0131s\u0131rgan otlu \u015fampuanlar, aloe veral\u0131 yaz d\u00f6neminde en \u00e7ok tercih edilen \u00fcr\u00fcnler oldu.<\/p>\n<p>Do\u011fal \u00fcr\u00fcnlerin yan\u0131 s\u0131ra \u00fcr\u00fcn\u00fcn tamam\u0131n\u0131n bitki \u00f6zlerinden olu\u015ftu\u011fu organik \u00fcr\u00fcnler tercih edilirken, t\u00fcketicilerin, uluslararas\u0131 kabul g\u00f6rm\u00fc\u015f kurulu\u015flar taraf\u0131ndan onaylanm\u0131\u015f organik sertifikal\u0131 \u00fcr\u00fcnler olmas\u0131na dikkat etmeleri gerekti\u011fi ifade edildi.<\/p>\n<p>Kozmetik \u00dcreticileri ve Ara\u015ft\u0131rmac\u0131lar\u0131 Derne\u011fi Ba\u015fkan\u0131 Levent Kahr\u0131man, bir \u00fcr\u00fcn\u00fcn organik olabilmesi i\u00e7in i\u00e7eri\u011findeki bitkisel girdilerin oran\u0131n\u0131n \u00e7ok \u00f6nemli oldu\u011funu s\u00f6yledi. Kahr\u0131man, &#8220;Organik \u00fcr\u00fcnlerin i\u00e7indeki bile\u015fenler organik sertifikas\u0131na sahipken, do\u011fal \u00fcr\u00fcnlerdeki bile\u015fenlerde organik \u015fart\u0131 aranmaz; ayr\u0131ca organik kozmetik \u00fcr\u00fcnlerde bitki y\u00fczdesi \u015fart\u0131 varken do\u011fal kozmetik \u00fcr\u00fcnlerde bu yoktur. T\u00fcketicinin bu fark\u0131 bilmesi \u00f6nemlidir&#8221; dedi.<\/p>\n<p>&#8220;T\u00fcketicinin bu anlamda ilk dikkat edece\u011fi yer \u00fcr\u00fcn etiketleridir&#8221; diyen Kahr\u0131man, &#8220;Etiket i\u00e7erikleri kontrol edilmeli. Organik oldu\u011funa dair sertifikalar\u0131n olmas\u0131, neyi i\u00e7erip i\u00e7ermedi\u011fi g\u00f6zle g\u00f6r\u00fclebilir bir \u015fekilde t\u00fcketiciye kolayca aktar\u0131lmal\u0131d\u0131r&#8221; diye konu\u015ftu.<\/p>\n<p>Sa\u011fl\u0131k ve g\u00fczellik do\u011fan\u0131n i\u00e7inde<\/p>\n<p>Levent Kahr\u0131man, sa\u011fl\u0131kl\u0131 ve g\u00fczel bir cilt i\u00e7in do\u011fan\u0131n bizlere bir\u00e7ok de\u011fer sundu\u011funu dile getirerek, \u015funlar\u0131 s\u00f6yledi: &#8220;Bunlar\u0131n ba\u015f\u0131nda kozmetik \u00fcr\u00fcnlerinde en zarars\u0131z, do\u011fal ve organik bitkiler kullan\u0131lmaktad\u0131r. Do\u011fan\u0131n sunmu\u015f oldu\u011fu bu bitkilerin sular\u0131ndan, \u00f6zlerinden ve kokular\u0131ndan k\u0131sacas\u0131 her t\u00fcrl\u00fc faydas\u0131ndan yararlan\u0131lmaktad\u0131r. Yaz ay\u0131nda g\u00fcne\u015fin etkileri \u00f6zellikle kullan\u0131lacak bitkileri ve ya\u011flar\u0131 belirliyor. G\u00fcne\u015fin olumsuz etkilerinden korunmak i\u00e7in; bu\u011fday ya\u011f\u0131, hindistancevizi ya\u011f\u0131, havu\u00e7 ya\u011f\u0131 gibi ya\u011flar kullan\u0131labilir. G\u00fcne\u015f yan\u0131klar\u0131 yada cilt kurulu\u011fu i\u00e7in; sar\u0131 kantaron ya\u011f\u0131, ebeg\u00fcmeci \u00f6zleri, aloevera \u00f6zleri kullan\u0131labilir. \u00c7ay a\u011fac\u0131 ya\u011f\u0131, limon ya\u011f\u0131 ve lavanta gibi ya\u011flar ile yaz\u0131n rahat bir uyku sa\u011flanabilir. \u00d6zellikle sinek ve b\u00f6cek uzakla\u015ft\u0131rmalar\u0131 bu konuda fayda sa\u011flar; ayr\u0131ca \u00e7ay a\u011fac\u0131 ya\u011f\u0131 \u00f6nemli bir deodorant etkiye sahiptir. Yine \u00e7inko ve titan gibi mineraller ile do\u011fal, fiziksel g\u00fcne\u015f koruyucular\u0131 t\u00fcketiciler kendi kendilerine yapabilirler. Sa\u00e7 bak\u0131m\u0131 i\u00e7in y\u00fcksek E vitaminine sahip zeytin ya\u011f\u0131 ve Argan ya\u011f\u0131 kullan\u0131labilir. Badem ya\u011f\u0131 da bu a\u00e7\u0131dan faydal\u0131 bir ya\u011fd\u0131r. Cilt serinle\u015ftirici ve tazelik etkisi i\u00e7in ac\u0131 biber ya\u011f\u0131 da k\u00fc\u00e7\u00fck miktarlar da v\u00fccut losyonlar\u0131na kat\u0131l\u0131p kullan\u0131labillir. Ac\u0131 biber ya\u011f\u0131n\u0131n ayr\u0131ca sel\u00fclit gibi cilt sorunlar\u0131n\u0131 \u00e7\u00f6zmeye yard\u0131mc\u0131 oldu\u011fu da bilinmektedir. \u00d6zellikle ya\u015flanmaya kar\u015f\u0131 etkiler i\u00e7in hodan ya\u011f\u0131 inan\u0131lmaz etkilere sahiptir. Yaz\u0131n cilt lekeleri i\u00e7in de karakafes otu ve meyan k\u00f6k\u00fc \u00f6zleri inan\u0131lmaz.&#8221;<\/p>\n","protected":false},"excerpt":{"rendered":"<p>KOZMET\u0130K \u00dcRET\u0130C\u0130LER\u0130 VE ARA\u015eTIRMACILARI DERNE\u011e\u0130 BA\u015eKANI LEVENT KAHRIMAN<\/p>\n","protected":false},"author":1,"featured_media":195191,"comment_status":"closed","ping_status":"open","sticky":false,"template":"","format":"standard","meta":{"jetpack_post_was_ever_published":false,"_jetpack_newsletter_access":"","_jetpack_dont_email_post_to_subs":false,"_jetpack_newsletter_tier_id":0,"_jetpack_memberships_contains_paywalled_content":false,"_jetpack_memberships_contains_paid_content":false,"footnotes":"","jetpack_publicize_message":"","jetpack_publicize_feature_enabled":true,"jetpack_social_post_already_shared":true,"jetpack_social_options":{"image_generator_settings":{"template":"highway","default_image_id":0,"font":"","enabled":false},"version":2}},"categories":[1],"tags":[105,857,4645,4504,13756,183],"class_list":["post-195190","post","type-post","status-publish","format-standard","has-post-thumbnail","hentry","category-genel","tag-cok","tag-edildi","tag-organik","tag-tercih","tag-urunler","tag-yaz"],"jetpack_publicize_connections":[],"jetpack_featured_media_url":"https:\/\/i0.wp.com\/www.tvturk.com\/wp-content\/uploads\/2019\/08\/bu-yaz-en-cok-organik-urunler-tercih-edildi_d7db9af.jpg?fit=1000%2C996","jetpack_sharing_enabled":true,"jetpack_shortlink":"https:\/\/wp.me\/paKIfm-OMe","_links":{"self":[{"href":"http:\/\/www.tvturk.com\/index.php\/wp-json\/wp\/v2\/posts\/195190","targetHints":{"allow":["GET"]}}],"collection":[{"href":"http:\/\/www.tvturk.com\/index.php\/wp-json\/wp\/v2\/posts"}],"about":[{"href":"http:\/\/www.tvturk.com\/index.php\/wp-json\/wp\/v2\/types\/post"}],"author":[{"embeddable":true,"href":"http:\/\/www.tvturk.com\/index.php\/wp-json\/wp\/v2\/users\/1"}],"replies":[{"embeddable":true,"href":"http:\/\/www.tvturk.com\/index.php\/wp-json\/wp\/v2\/comments?post=195190"}],"version-history":[{"count":0,"href":"http:\/\/www.tvturk.com\/index.php\/wp-json\/wp\/v2\/posts\/195190\/revisions"}],"wp:featuredmedia":[{"embeddable":true,"href":"http:\/\/www.tvturk.com\/index.php\/wp-json\/wp\/v2\/media\/195191"}],"wp:attachment":[{"href":"http:\/\/www.tvturk.com\/index.php\/wp-json\/wp\/v2\/media?parent=195190"}],"wp:term":[{"taxonomy":"category","embeddable":true,"href":"http:\/\/www.tvturk.com\/index.php\/wp-json\/wp\/v2\/categories?post=195190"},{"taxonomy":"post_tag","embeddable":true,"href":"http:\/\/www.tvturk.com\/index.php\/wp-json\/wp\/v2\/tags?post=195190"}],"curies":[{"name":"wp","href":"https:\/\/api.w.org\/{rel}","templated":true}]}}