{"id":195192,"date":"2019-08-23T17:02:43","date_gmt":"2019-08-23T14:02:43","guid":{"rendered":"http:\/\/www.tvturk.com\/index.php\/karabukspor-baskani-yukselden-cagri\/"},"modified":"2019-08-23T17:02:43","modified_gmt":"2019-08-23T14:02:43","slug":"karabukspor-baskani-yukselden-cagri","status":"publish","type":"post","link":"http:\/\/www.tvturk.com\/index.php\/karabukspor-baskani-yukselden-cagri\/","title":{"rendered":"Karab\u00fckspor Ba\u015fkan\u0131 Y\u00fcksel\u2019den \u00e7a\u011fr\u0131"},"content":{"rendered":"<p>Kardemir Karab\u00fckspor Kul\u00fcp Ba\u015fkan\u0131 Mehmet Y\u00fcksel yar\u0131n ger\u00e7ekle\u015ftirilecek Karab\u00fckspor\u2019un 50.Y\u0131l Kurulu\u015f Y\u0131l D\u00f6n\u00fcm\u00fc ve Sezon A\u00e7\u0131l\u0131\u015f\u0131 etkinlikleri i\u00e7in Karab\u00fck halk\u0131na \u00e7a\u011fr\u0131da bulundu.<\/p>\n<p>Bu sezon TFF 2. Lig K\u0131rm\u0131z\u0131 Grup\u2019ta m\u00fccadele edecek olan Kardemir Karab\u00fckspor\u2019un kul\u00fcp ba\u015fkan\u0131 Mehmet Y\u00fcksel, Karab\u00fckspor\u2019un 50.Y\u0131l Kurulu\u015f Y\u0131l D\u00f6n\u00fcm\u00fc ve Sezon A\u00e7\u0131l\u0131\u015f\u0131 etkinlikleri i\u00e7in \u00e7a\u011fr\u0131da bulundu. Kul\u00fcb\u00fcn resmi sitesinden yap\u0131lan a\u00e7\u0131klama da Y\u00fcksel\u2019in, &#8220;Kul\u00fcb\u00fcm\u00fcz\u00fcn 50. Y\u0131l Kurulu\u015f Y\u0131l D\u00f6n\u00fcm\u00fc ve Sezon A\u00e7\u0131l\u0131\u015f\u0131 etkinlikleri kapsam\u0131nda Kardemir Karab\u00fckspor-Kastamonuspor 1966 aras\u0131nda 2019-2020 futbol sezonu a\u00e7\u0131l\u0131\u015f\u0131nda yap\u0131lacak olan ma\u00e7, m\u00fczik ve g\u00f6rsel \u015f\u00f6lende sizleri de aram\u0131zda g\u00f6rmekten onur duyar\u0131z&#8221; ifadeleri yer ald\u0131.<\/p>\n<p>Sezon a\u00e7\u0131l\u0131\u015f ma\u00e7\u0131n\u0131n yan\u0131 s\u0131ra konser ve \u00e7e\u015fitli etkinliklere sahne olacak kutlamalar \u00fccretsiz olup Karab\u00fck Dr. Necmettin \u015eeyho\u011flu Stadyumu\u2019nda saat 17.30\u2019da ba\u015flayacak.<\/p>\n","protected":false},"excerpt":{"rendered":"<p>KARDEM\u0130R KARAB\u00dcKSPOR KUL\u00dcP BA\u015eKANI MEHMET Y\u00dcKSEL YARIN GER\u00c7EKLE\u015eT\u0130R\u0130LECEK KARAB\u00dcKSPOR\u2019UN 50.YIL KURULU\u015e YIL D\u00d6N\u00dcM\u00dc VE SEZON A\u00c7ILI\u015eI ETK\u0130NL\u0130KLER\u0130 \u0130\u00c7\u0130N KARAB\u00dcK HALKINA \u00c7A\u011eRIDA BULUNDU.<\/p>\n","protected":false},"author":1,"featured_media":195193,"comment_status":"closed","ping_status":"open","sticky":false,"template":"","format":"standard","meta":{"jetpack_post_was_ever_published":false,"_jetpack_newsletter_access":"","_jetpack_dont_email_post_to_subs":false,"_jetpack_newsletter_tier_id":0,"_jetpack_memberships_contains_paywalled_content":false,"_jetpack_memberships_contains_paid_content":false,"footnotes":"","jetpack_publicize_message":"","jetpack_publicize_feature_enabled":true,"jetpack_social_post_already_shared":true,"jetpack_social_options":{"image_generator_settings":{"template":"highway","default_image_id":0,"font":"","enabled":false},"version":2}},"categories":[657],"tags":[216,1054,7637,10229],"class_list":["post-195192","post","type-post","status-publish","format-standard","has-post-thumbnail","hentry","category-spor","tag-baskani","tag-cagri","tag-karabukspor","tag-yukselden"],"jetpack_publicize_connections":[],"jetpack_featured_media_url":"https:\/\/i0.wp.com\/www.tvturk.com\/wp-content\/uploads\/2019\/08\/karabukspor-baskani-yukselden-cagri_2e235ee.jpg?fit=1000%2C666","jetpack_sharing_enabled":true,"jetpack_shortlink":"https:\/\/wp.me\/paKIfm-OMg","_links":{"self":[{"href":"http:\/\/www.tvturk.com\/index.php\/wp-json\/wp\/v2\/posts\/195192","targetHints":{"allow":["GET"]}}],"collection":[{"href":"http:\/\/www.tvturk.com\/index.php\/wp-json\/wp\/v2\/posts"}],"about":[{"href":"http:\/\/www.tvturk.com\/index.php\/wp-json\/wp\/v2\/types\/post"}],"author":[{"embeddable":true,"href":"http:\/\/www.tvturk.com\/index.php\/wp-json\/wp\/v2\/users\/1"}],"replies":[{"embeddable":true,"href":"http:\/\/www.tvturk.com\/index.php\/wp-json\/wp\/v2\/comments?post=195192"}],"version-history":[{"count":0,"href":"http:\/\/www.tvturk.com\/index.php\/wp-json\/wp\/v2\/posts\/195192\/revisions"}],"wp:featuredmedia":[{"embeddable":true,"href":"http:\/\/www.tvturk.com\/index.php\/wp-json\/wp\/v2\/media\/195193"}],"wp:attachment":[{"href":"http:\/\/www.tvturk.com\/index.php\/wp-json\/wp\/v2\/media?parent=195192"}],"wp:term":[{"taxonomy":"category","embeddable":true,"href":"http:\/\/www.tvturk.com\/index.php\/wp-json\/wp\/v2\/categories?post=195192"},{"taxonomy":"post_tag","embeddable":true,"href":"http:\/\/www.tvturk.com\/index.php\/wp-json\/wp\/v2\/tags?post=195192"}],"curies":[{"name":"wp","href":"https:\/\/api.w.org\/{rel}","templated":true}]}}