{"id":19522,"date":"2019-02-10T19:07:47","date_gmt":"2019-02-10T16:07:47","guid":{"rendered":"http:\/\/www.tvturk.com\/index.php\/29-yasindaki-otobus-soforu-evinde-olu-bulundu\/"},"modified":"2019-02-10T19:07:47","modified_gmt":"2019-02-10T16:07:47","slug":"29-yasindaki-otobus-soforu-evinde-olu-bulundu","status":"publish","type":"post","link":"http:\/\/www.tvturk.com\/index.php\/29-yasindaki-otobus-soforu-evinde-olu-bulundu\/","title":{"rendered":"29 ya\u015f\u0131ndaki otob\u00fcs \u015fof\u00f6r\u00fc, evinde \u00f6l\u00fc bulundu"},"content":{"rendered":"<p>Kahramanmara\u015f\u2019\u0131n Elbistan il\u00e7esinde, 29 ya\u015f\u0131ndaki otob\u00fcs \u015fof\u00f6r\u00fc evinde \u00f6l\u00fc bulundu. Talihsiz \u015fof\u00f6r\u00fcn cans\u0131z bedeni, kesin \u00f6l\u00fcm sebebinin belirlenmesi i\u00e7in Malatya Adli T\u0131p Kurumu\u2019na g\u00f6nderildi.<\/p>\n<p>Edinilen bilgiye g\u00f6re, Elbistan\u2019da \u00f6zel bir firmada otob\u00fcs \u015fof\u00f6rl\u00fc\u011f\u00fc yapan Yusuf Yeti\u015fgen\u2019i (29) uyand\u0131rmak isteyen yak\u0131nlar\u0131, Yeti\u015fgen\u2019in hareketsiz bir \u015fekilde yatt\u0131\u011f\u0131n\u0131 fark etmeleri \u00fczerine hemen 112 Acil Servis ekiplerine bildirdi. K\u0131sa s\u00fcrede Yeti\u015fgen\u2019in G\u00fcne\u015fli Mahallesi Hamza Akba\u015f Caddesi\u2019ndeki evine gelen sa\u011fl\u0131k ekipleri, yapt\u0131klar\u0131 kontrolde gen\u00e7 \u015fof\u00f6r\u00fcn ya\u015fam\u0131n\u0131 yitirdi\u011fini belirledi. Yeti\u015fgen\u2019in cans\u0131z bedeni, kesin \u00f6l\u00fcm nedeninin belirlenmesi i\u00e7in Malatya Adli T\u0131p Kurumuna g\u00f6nderildi.<\/p>\n<p>Evli ve 2 \u00e7ocuk babas\u0131 olan Yeti\u015fgen\u2019in solunum yetmezli\u011fi hastas\u0131 oldu\u011fu \u00f6\u011frenildi.<\/p>\n","protected":false},"excerpt":{"rendered":"<p>29 YA\u015eINDAK\u0130 OTOB\u00dcS \u015eOF\u00d6R\u00dc, EV\u0130NDE \u00d6L\u00dc BULUNDU.<\/p>\n","protected":false},"author":1,"featured_media":19523,"comment_status":"closed","ping_status":"open","sticky":false,"template":"","format":"standard","meta":{"jetpack_post_was_ever_published":false,"_jetpack_newsletter_access":"","_jetpack_dont_email_post_to_subs":false,"_jetpack_newsletter_tier_id":0,"_jetpack_memberships_contains_paywalled_content":false,"_jetpack_memberships_contains_paid_content":false,"footnotes":"","jetpack_publicize_message":"","jetpack_publicize_feature_enabled":true,"jetpack_social_post_already_shared":false,"jetpack_social_options":{"image_generator_settings":{"template":"highway","default_image_id":0,"font":"","enabled":false},"version":2}},"categories":[655],"tags":[204,1595,1664,5631,2709,1063],"class_list":["post-19522","post","type-post","status-publish","format-standard","has-post-thumbnail","hentry","category-son-dakika","tag-bulundu","tag-evinde","tag-olu","tag-otobus","tag-soforu","tag-yasindaki"],"jetpack_publicize_connections":[],"jetpack_featured_media_url":"https:\/\/i0.wp.com\/www.tvturk.com\/wp-content\/uploads\/2019\/02\/29-yasindaki-otobus-soforu-evinde-olu-bulundu_d4b96d8.jpg?fit=800%2C600","jetpack_sharing_enabled":true,"jetpack_shortlink":"https:\/\/wp.me\/paKIfm-54S","_links":{"self":[{"href":"http:\/\/www.tvturk.com\/index.php\/wp-json\/wp\/v2\/posts\/19522","targetHints":{"allow":["GET"]}}],"collection":[{"href":"http:\/\/www.tvturk.com\/index.php\/wp-json\/wp\/v2\/posts"}],"about":[{"href":"http:\/\/www.tvturk.com\/index.php\/wp-json\/wp\/v2\/types\/post"}],"author":[{"embeddable":true,"href":"http:\/\/www.tvturk.com\/index.php\/wp-json\/wp\/v2\/users\/1"}],"replies":[{"embeddable":true,"href":"http:\/\/www.tvturk.com\/index.php\/wp-json\/wp\/v2\/comments?post=19522"}],"version-history":[{"count":0,"href":"http:\/\/www.tvturk.com\/index.php\/wp-json\/wp\/v2\/posts\/19522\/revisions"}],"wp:featuredmedia":[{"embeddable":true,"href":"http:\/\/www.tvturk.com\/index.php\/wp-json\/wp\/v2\/media\/19523"}],"wp:attachment":[{"href":"http:\/\/www.tvturk.com\/index.php\/wp-json\/wp\/v2\/media?parent=19522"}],"wp:term":[{"taxonomy":"category","embeddable":true,"href":"http:\/\/www.tvturk.com\/index.php\/wp-json\/wp\/v2\/categories?post=19522"},{"taxonomy":"post_tag","embeddable":true,"href":"http:\/\/www.tvturk.com\/index.php\/wp-json\/wp\/v2\/tags?post=19522"}],"curies":[{"name":"wp","href":"https:\/\/api.w.org\/{rel}","templated":true}]}}