{"id":195232,"date":"2019-08-23T19:02:32","date_gmt":"2019-08-23T16:02:32","guid":{"rendered":"http:\/\/www.tvturk.com\/index.php\/gelson-dala-antalyasporda\/"},"modified":"2019-08-23T19:02:32","modified_gmt":"2019-08-23T16:02:32","slug":"gelson-dala-antalyasporda","status":"publish","type":"post","link":"http:\/\/www.tvturk.com\/index.php\/gelson-dala-antalyasporda\/","title":{"rendered":"Gelson Dala Antalyaspor\u2019da"},"content":{"rendered":"<p>Antalyaspor, Portekiz\u2019in Sporting Lizbon tak\u0131m\u0131ndan Angolal\u0131 23 ya\u015f\u0131ndaki Gelson Dala ile s\u00f6zle\u015fme imzalad\u0131. Sat\u0131n alma opsiyonu ile birlikte kiral\u0131k olarak transfer edilen yeni transfer i\u00e7in Atilla Vehbi Konuk Tesisleri\u2019nde imza t\u00f6reni d\u00fczenlendi.<\/p>\n<p>Sat\u0131n alma opsiyonu ile birlikte<\/p>\n<p>T\u00f6rene, Antalyaspor Futbol \u015eube Sorumlusu Ayta\u00e7 Altay ve Genel Menajer Servet \u00c7avu\u015fo\u011flu ile birlikte yeni transfer Gelson Dala kat\u0131ld\u0131. Futbol \u015eube Sorumlusu Altay, uzun s\u00fcredir takip edilen Gelson Dala ile s\u00f6zle\u015fme imzalam\u0131\u015f olmaktan dolay\u0131 mutlu olduklar\u0131n\u0131 dile getirerek, \u201cAngola Milli Tak\u0131m\u0131\u2019n\u0131n ve Sporting Lizbon\u2019un gen\u00e7 ve ba\u015far\u0131l\u0131 bir oyuncusu olan Gelson\u2019un tak\u0131m\u0131m\u0131za b\u00fcy\u00fck katk\u0131 sa\u011flayaca\u011f\u0131na inan\u0131yoruz. Sat\u0131n alma opsiyonu ile birlikte 1 y\u0131l kiral\u0131k olarak kadromuza dahil etti\u011fimiz Gelson Dala\u2019n\u0131n bu imzas\u0131, hem kendisine hem de kul\u00fcb\u00fcm\u00fcze hay\u0131rl\u0131 olsun\u201d dedi.<\/p>\n<p>Bu iyi tak\u0131m\u0131n par\u00e7as\u0131y\u0131m<\/p>\n<p>Gelson Dala ise Antalyaspor\u2019un bir par\u00e7as\u0131 olmaktan mutlu oldu\u011funu dile getirerek, \u201cT\u00fcrkiye\u2019nin en b\u00fcy\u00fck kul\u00fcplerinden biri olan Antalyaspor\u2019un i\u00e7inde olmaktan dolay\u0131 mutluyum. Bu kul\u00fcb\u00fcn bir par\u00e7as\u0131 olarak tak\u0131m arkada\u015flar\u0131mla birlikte ba\u015far\u0131l\u0131 olmak i\u00e7in \u00e7al\u0131\u015faca\u011f\u0131z. Bir\u00e7ok kul\u00fcpten teklif ald\u0131m ama ben burada olmay\u0131 tercih ettim. Bug\u00fcn imza atmam\u0131n nedeni, Antalya\u2019da ve Antalyaspor\u2019da olmay\u0131 \u00e7ok istedi\u011fim i\u00e7indir. G\u00f6r\u00fc\u015fmeler s\u00fcrecindeki yak\u0131n ilgi ve tak\u0131m\u0131n gelecek planlamas\u0131 beni \u00e7ok etkiledi. Bu iyi tak\u0131m\u0131n bir par\u00e7as\u0131 olmak, Avrupa kupalar\u0131 m\u00fccadelesi i\u00e7inde olmak istedim\u201d dedi.<\/p>\n","protected":false},"excerpt":{"rendered":"<p>ANTALYASPOR, PORTEK\u0130Z\u2019\u0130N SPORT\u0130NG L\u0130ZBON TAKIMINDAN ANGOLALI 23 YA\u015eINDAK\u0130 GELSON DALA \u0130LE S\u00d6ZLE\u015eME \u0130MZALADI. SATIN ALMA OPS\u0130YONU \u0130LE B\u0130RL\u0130KTE K\u0130RALIK OLARAK TRANSFER ED\u0130LEN YEN\u0130 TRANSFER \u0130\u00c7\u0130N AT\u0130LLA VEHB\u0130 KONUK TES\u0130SLER\u0130\u2019NDE \u0130MZA T\u00d6REN\u0130 D\u00dcZENLEND\u0130.<\/p>\n","protected":false},"author":1,"featured_media":195233,"comment_status":"closed","ping_status":"open","sticky":false,"template":"","format":"standard","meta":{"jetpack_post_was_ever_published":false,"_jetpack_newsletter_access":"","_jetpack_dont_email_post_to_subs":false,"_jetpack_newsletter_tier_id":0,"_jetpack_memberships_contains_paywalled_content":false,"_jetpack_memberships_contains_paid_content":false,"footnotes":"","jetpack_publicize_message":"","jetpack_publicize_feature_enabled":true,"jetpack_social_post_already_shared":true,"jetpack_social_options":{"image_generator_settings":{"template":"highway","default_image_id":0,"font":"","enabled":false},"version":2}},"categories":[657],"tags":[1850,49014,49013],"class_list":["post-195232","post","type-post","status-publish","format-standard","has-post-thumbnail","hentry","category-spor","tag-antalyasporda","tag-dala","tag-gelson"],"jetpack_publicize_connections":[],"jetpack_featured_media_url":"https:\/\/i0.wp.com\/www.tvturk.com\/wp-content\/uploads\/2019\/08\/gelson-dala-antalyasporda_ab1baa0.jpg?fit=1000%2C840","jetpack_sharing_enabled":true,"jetpack_shortlink":"https:\/\/wp.me\/paKIfm-OMU","_links":{"self":[{"href":"http:\/\/www.tvturk.com\/index.php\/wp-json\/wp\/v2\/posts\/195232","targetHints":{"allow":["GET"]}}],"collection":[{"href":"http:\/\/www.tvturk.com\/index.php\/wp-json\/wp\/v2\/posts"}],"about":[{"href":"http:\/\/www.tvturk.com\/index.php\/wp-json\/wp\/v2\/types\/post"}],"author":[{"embeddable":true,"href":"http:\/\/www.tvturk.com\/index.php\/wp-json\/wp\/v2\/users\/1"}],"replies":[{"embeddable":true,"href":"http:\/\/www.tvturk.com\/index.php\/wp-json\/wp\/v2\/comments?post=195232"}],"version-history":[{"count":0,"href":"http:\/\/www.tvturk.com\/index.php\/wp-json\/wp\/v2\/posts\/195232\/revisions"}],"wp:featuredmedia":[{"embeddable":true,"href":"http:\/\/www.tvturk.com\/index.php\/wp-json\/wp\/v2\/media\/195233"}],"wp:attachment":[{"href":"http:\/\/www.tvturk.com\/index.php\/wp-json\/wp\/v2\/media?parent=195232"}],"wp:term":[{"taxonomy":"category","embeddable":true,"href":"http:\/\/www.tvturk.com\/index.php\/wp-json\/wp\/v2\/categories?post=195232"},{"taxonomy":"post_tag","embeddable":true,"href":"http:\/\/www.tvturk.com\/index.php\/wp-json\/wp\/v2\/tags?post=195232"}],"curies":[{"name":"wp","href":"https:\/\/api.w.org\/{rel}","templated":true}]}}