{"id":195236,"date":"2019-08-23T19:16:28","date_gmt":"2019-08-23T16:16:28","guid":{"rendered":"http:\/\/www.tvturk.com\/index.php\/termedeki-kopru-sel-sularina-dayanamadi\/"},"modified":"2019-08-23T19:16:28","modified_gmt":"2019-08-23T16:16:28","slug":"termedeki-kopru-sel-sularina-dayanamadi","status":"publish","type":"post","link":"http:\/\/www.tvturk.com\/index.php\/termedeki-kopru-sel-sularina-dayanamadi\/","title":{"rendered":"Terme\u2019deki k\u00f6pr\u00fc sel sular\u0131na dayanamad\u0131"},"content":{"rendered":"<p>Samsun\u2019un Terme il\u00e7esinde a\u015f\u0131r\u0131 ya\u011f\u0131\u015flar\u0131n olu\u015fturdu\u011fu sel sular\u0131 il\u00e7enin merkezinde bulunan yaya k\u00f6pr\u00fcs\u00fcn\u00fc y\u0131kt\u0131.<\/p>\n<p>\u0130l\u00e7e merkezinden ge\u00e7en Terme \u00c7ay\u0131, y\u00fcksek kesimlere ya\u011fan a\u015f\u0131r\u0131 ya\u011fmurlar\u0131n etkisiyle ta\u015fma noktas\u0131na geldi. Sel sular\u0131n\u0131n \u015fehir merkezinde bulunan k\u00f6pr\u00fclere kadar y\u00fckselmesi vatanda\u015flar\u0131 tedirgin ederken, belediye ise anonslarla vatanda\u015flar\u0131 \u0131rmak kenarlar\u0131ndan uzak durmalar\u0131 konusunda uyard\u0131.<\/p>\n<p>Y\u00fcksek kesimlerden gelen sel sular\u0131 il\u00e7enin merkezinde bulunan bir yaya k\u00f6pr\u00fcs\u00fcn\u00fc yerinden s\u00f6kerek al\u0131p g\u00f6t\u00fcrd\u00fc.<\/p>\n","protected":false},"excerpt":{"rendered":"<p>SAMSUN&#8217;UN TERME \u0130L\u00c7ES\u0130NDE A\u015eIRI YA\u011eI\u015eLARIN OLU\u015eTURDU\u011eU SEL SULARI \u0130L\u00c7EN\u0130N MERKEZ\u0130NDE BULUNAN YAYA K\u00d6PR\u00dcS\u00dcN\u00dc ALIP G\u00d6T\u00dcRD\u00dc.<\/p>\n","protected":false},"author":1,"featured_media":195237,"comment_status":"closed","ping_status":"open","sticky":false,"template":"","format":"standard","meta":{"jetpack_post_was_ever_published":false,"_jetpack_newsletter_access":"","_jetpack_dont_email_post_to_subs":false,"_jetpack_newsletter_tier_id":0,"_jetpack_memberships_contains_paywalled_content":false,"_jetpack_memberships_contains_paid_content":false,"footnotes":"","jetpack_publicize_message":"","jetpack_publicize_feature_enabled":true,"jetpack_social_post_already_shared":true,"jetpack_social_options":{"image_generator_settings":{"template":"highway","default_image_id":0,"font":"","enabled":false},"version":2}},"categories":[1],"tags":[695,18397,10920,25460,49016],"class_list":["post-195236","post","type-post","status-publish","format-standard","has-post-thumbnail","hentry","category-genel","tag-sel","tag-dayanamadi","tag-kopru","tag-sularina","tag-termedeki"],"jetpack_publicize_connections":[],"jetpack_featured_media_url":"https:\/\/i0.wp.com\/www.tvturk.com\/wp-content\/uploads\/2019\/08\/termedeki-kopru-sel-sularina-dayanamadi_09ace68.jpg?fit=480%2C848","jetpack_sharing_enabled":true,"jetpack_shortlink":"https:\/\/wp.me\/paKIfm-OMY","_links":{"self":[{"href":"http:\/\/www.tvturk.com\/index.php\/wp-json\/wp\/v2\/posts\/195236","targetHints":{"allow":["GET"]}}],"collection":[{"href":"http:\/\/www.tvturk.com\/index.php\/wp-json\/wp\/v2\/posts"}],"about":[{"href":"http:\/\/www.tvturk.com\/index.php\/wp-json\/wp\/v2\/types\/post"}],"author":[{"embeddable":true,"href":"http:\/\/www.tvturk.com\/index.php\/wp-json\/wp\/v2\/users\/1"}],"replies":[{"embeddable":true,"href":"http:\/\/www.tvturk.com\/index.php\/wp-json\/wp\/v2\/comments?post=195236"}],"version-history":[{"count":0,"href":"http:\/\/www.tvturk.com\/index.php\/wp-json\/wp\/v2\/posts\/195236\/revisions"}],"wp:featuredmedia":[{"embeddable":true,"href":"http:\/\/www.tvturk.com\/index.php\/wp-json\/wp\/v2\/media\/195237"}],"wp:attachment":[{"href":"http:\/\/www.tvturk.com\/index.php\/wp-json\/wp\/v2\/media?parent=195236"}],"wp:term":[{"taxonomy":"category","embeddable":true,"href":"http:\/\/www.tvturk.com\/index.php\/wp-json\/wp\/v2\/categories?post=195236"},{"taxonomy":"post_tag","embeddable":true,"href":"http:\/\/www.tvturk.com\/index.php\/wp-json\/wp\/v2\/tags?post=195236"}],"curies":[{"name":"wp","href":"https:\/\/api.w.org\/{rel}","templated":true}]}}