{"id":195238,"date":"2019-08-23T20:16:33","date_gmt":"2019-08-23T17:16:33","guid":{"rendered":"http:\/\/www.tvturk.com\/index.php\/mersinde-emine-bulut-cinayeti-protestosu\/"},"modified":"2019-08-23T20:16:33","modified_gmt":"2019-08-23T17:16:33","slug":"mersinde-emine-bulut-cinayeti-protestosu","status":"publish","type":"post","link":"http:\/\/www.tvturk.com\/index.php\/mersinde-emine-bulut-cinayeti-protestosu\/","title":{"rendered":"Mersin\u2019de Emine Bulut cinayeti protestosu"},"content":{"rendered":"<p>Mersin Kad\u0131n Platformu \u00fcyeleri, K\u0131r\u0131kkale\u2019de eski e\u015fi Fedai Varan taraf\u0131ndan 10 ya\u015f\u0131ndaki k\u00fc\u00e7\u00fck k\u0131z\u0131n\u0131n yan\u0131nda vah\u015fice \u00f6ld\u00fcr\u00fclen Emine Bulut cinayetini protesto etti.<\/p>\n<p>GMK Bulvar\u0131 \u00fczeri Forum Mersin \u0131\u015f\u0131klar\u0131nda bir araya gelen Mersin Kad\u0131n Platformu \u00fcyeleri, sloganlar at\u0131p y\u00fcr\u00fcy\u00fc\u015f yaparak cinayeti protesto etti. Grup ad\u0131na a\u00e7\u0131klama yapan Z\u00fcbeyde Akp\u0131nar, &#8220;Bizler ya\u015fam\u0131 istiyoruz. Emine Bulut hepimizin g\u00f6zleri \u00f6n\u00fcnde \u00f6ld\u00fc. Son s\u00f6z\u00fc \u2019\u00f6lmek istemiyorum\u2019du. Bir kad\u0131n katledilirken son s\u00f6z\u00fc \u00f6lmek istemiyorum ise, bug\u00fcn burada bu saatte Mersin\u2019de yan yana gelmi\u015fsek ve di\u015flerimiz kenetli, yumruklar\u0131m\u0131z s\u0131k\u0131lm\u0131\u015fsa bu yan yana geli\u015f bir \u00f6fke \u00e7\u0131\u011fl\u0131\u011f\u0131 olacak ve Emine Bulut\u2019u \u00f6ld\u00fcren d\u00fczen art\u0131k yerle bir olacakt\u0131r. Annelerinin ba\u015f\u0131nda \u00e7\u0131\u011fl\u0131k atan k\u00fc\u00e7\u00fck k\u0131z \u00e7ocuklar\u0131na bir s\u00f6z veriyoruz. Kad\u0131n erkek e\u015fitli\u011finin sa\u011fland\u0131\u011f\u0131, kad\u0131na y\u00f6nelik \u015fiddetin son buldu\u011fu bir hayat\u0131 bor\u00e7luyuz bu k\u0131z \u00e7ocuklar\u0131na&#8221; dedi.<\/p>\n<p>Art\u0131k bir ki\u015fi daha eksilmek istemediklerinin alt\u0131n\u0131 \u00e7izen Akp\u0131nar, &#8220;\u00d6lmeyi de\u011fil, hayat\u0131 istiyoruz. \u00d6fkemizle, isyan\u0131m\u0131zla, m\u00fccadelemizle cinayeti de\u011fil bo\u015fanmalar\u0131 engellemeye \u00e7al\u0131\u015fan kad\u0131n d\u00fc\u015fman\u0131 politikalara kar\u015f\u0131 duraca\u011f\u0131z&#8221; dedi.<\/p>\n<p>Konu\u015fmalar\u0131n ard\u0131ndan sloganlar at\u0131p y\u00fcr\u00fcy\u00fc\u015f yapan kad\u0131nlar, cinayete tepkilerini dile getirdi.<\/p>\n","protected":false},"excerpt":{"rendered":"<p>MERS\u0130N KADIN PLATFORMU \u00dcYELER\u0130, KIRIKKALE&#8217;DE ESK\u0130 E\u015e\u0130 FEDA\u0130 VARAN TARAFINDAN 10 YA\u015eINDAK\u0130 K\u00dc\u00c7\u00dcK KIZININ YANINDA VAH\u015e\u0130CE \u00d6LD\u00dcR\u00dcLEN EM\u0130NE BULUT C\u0130NAYET\u0130N\u0130 PROTESTO ETT\u0130.<\/p>\n","protected":false},"author":1,"featured_media":195239,"comment_status":"closed","ping_status":"open","sticky":false,"template":"","format":"standard","meta":{"jetpack_post_was_ever_published":false,"_jetpack_newsletter_access":"","_jetpack_dont_email_post_to_subs":false,"_jetpack_newsletter_tier_id":0,"_jetpack_memberships_contains_paywalled_content":false,"_jetpack_memberships_contains_paid_content":false,"footnotes":"","jetpack_publicize_message":"","jetpack_publicize_feature_enabled":true,"jetpack_social_post_already_shared":true,"jetpack_social_options":{"image_generator_settings":{"template":"highway","default_image_id":0,"font":"","enabled":false},"version":2}},"categories":[1],"tags":[8519,2882,3444,2218,19996],"class_list":["post-195238","post","type-post","status-publish","format-standard","has-post-thumbnail","hentry","category-genel","tag-bulut","tag-cinayeti","tag-emine","tag-mersinde","tag-protestosu"],"jetpack_publicize_connections":[],"jetpack_featured_media_url":"https:\/\/i0.wp.com\/www.tvturk.com\/wp-content\/uploads\/2019\/08\/mersinde-emine-bulut-cinayeti-protestosu_e33d3f5.jpg?fit=1000%2C562","jetpack_sharing_enabled":true,"jetpack_shortlink":"https:\/\/wp.me\/paKIfm-ON0","_links":{"self":[{"href":"http:\/\/www.tvturk.com\/index.php\/wp-json\/wp\/v2\/posts\/195238","targetHints":{"allow":["GET"]}}],"collection":[{"href":"http:\/\/www.tvturk.com\/index.php\/wp-json\/wp\/v2\/posts"}],"about":[{"href":"http:\/\/www.tvturk.com\/index.php\/wp-json\/wp\/v2\/types\/post"}],"author":[{"embeddable":true,"href":"http:\/\/www.tvturk.com\/index.php\/wp-json\/wp\/v2\/users\/1"}],"replies":[{"embeddable":true,"href":"http:\/\/www.tvturk.com\/index.php\/wp-json\/wp\/v2\/comments?post=195238"}],"version-history":[{"count":0,"href":"http:\/\/www.tvturk.com\/index.php\/wp-json\/wp\/v2\/posts\/195238\/revisions"}],"wp:featuredmedia":[{"embeddable":true,"href":"http:\/\/www.tvturk.com\/index.php\/wp-json\/wp\/v2\/media\/195239"}],"wp:attachment":[{"href":"http:\/\/www.tvturk.com\/index.php\/wp-json\/wp\/v2\/media?parent=195238"}],"wp:term":[{"taxonomy":"category","embeddable":true,"href":"http:\/\/www.tvturk.com\/index.php\/wp-json\/wp\/v2\/categories?post=195238"},{"taxonomy":"post_tag","embeddable":true,"href":"http:\/\/www.tvturk.com\/index.php\/wp-json\/wp\/v2\/tags?post=195238"}],"curies":[{"name":"wp","href":"https:\/\/api.w.org\/{rel}","templated":true}]}}