{"id":195268,"date":"2019-08-23T22:01:23","date_gmt":"2019-08-23T19:01:23","guid":{"rendered":"http:\/\/www.tvturk.com\/index.php\/irakta-patlama-28-yarali\/"},"modified":"2019-08-23T22:01:23","modified_gmt":"2019-08-23T19:01:23","slug":"irakta-patlama-28-yarali","status":"publish","type":"post","link":"http:\/\/www.tvturk.com\/index.php\/irakta-patlama-28-yarali\/","title":{"rendered":"Irak\u2019ta patlama: 28 yaral\u0131"},"content":{"rendered":"<p>Irak\u2019\u0131n Babil kentinde bomba y\u00fckl\u00fc bir motosikletin infilak etmesi sonucu 28 ki\u015finin yaraland\u0131\u011f\u0131 \u00f6\u011frenildi.<\/p>\n<p>Yerel kaynaklardan edinilen bilgiye g\u00f6re Babil kentinin el-Miseyib il\u00e7esinde yer alan halk pazar\u0131nda bomba y\u00fckl\u00fc bir motosikletin infilak etti. Patlamada ilk belirlemelere g\u00f6re 28 ki\u015fi yaraland\u0131. Patlaman\u0131n ard\u0131ndan b\u00f6lgede g\u00fcvenlik koridoru olu\u015fturuldu\u011funu kaydeden kaynak yaral\u0131lar\u0131n\u0131n hastanelere kald\u0131r\u0131ld\u0131\u011f\u0131n\u0131 belirtti. Yaral\u0131lardan baz\u0131lar\u0131n\u0131n durumunun ise a\u011f\u0131r oldu\u011fu \u00f6\u011frenildi.<\/p>\n","protected":false},"excerpt":{"rendered":"<p>IRAK\u2019IN BAB\u0130L KENT\u0130NDE BOMBA Y\u00dcKL\u00dc B\u0130R MOTOS\u0130KLET\u0130N \u0130NF\u0130LAK ETMES\u0130 SONUCU MEYDANA GELEN PATLAMADA 28 K\u0130\u015e\u0130N\u0130N YARALANDI\u011eI \u00d6\u011eREN\u0130LD\u0130.<\/p>\n","protected":false},"author":1,"featured_media":195269,"comment_status":"closed","ping_status":"open","sticky":false,"template":"","format":"standard","meta":{"jetpack_post_was_ever_published":false,"_jetpack_newsletter_access":"","_jetpack_dont_email_post_to_subs":false,"_jetpack_newsletter_tier_id":0,"_jetpack_memberships_contains_paywalled_content":false,"_jetpack_memberships_contains_paid_content":false,"footnotes":"","jetpack_publicize_message":"","jetpack_publicize_feature_enabled":true,"jetpack_social_post_already_shared":true,"jetpack_social_options":{"image_generator_settings":{"template":"highway","default_image_id":0,"font":"","enabled":false},"version":2}},"categories":[10],"tags":[14607,4398,774],"class_list":["post-195268","post","type-post","status-publish","format-standard","has-post-thumbnail","hentry","category-dunya","tag-irakta","tag-patlama","tag-yarali"],"jetpack_publicize_connections":[],"jetpack_featured_media_url":"https:\/\/i0.wp.com\/www.tvturk.com\/wp-content\/uploads\/2019\/08\/irakta-patlama-28-yarali_51a19d8.jpg?fit=1000%2C649","jetpack_sharing_enabled":true,"jetpack_shortlink":"https:\/\/wp.me\/paKIfm-ONu","_links":{"self":[{"href":"http:\/\/www.tvturk.com\/index.php\/wp-json\/wp\/v2\/posts\/195268","targetHints":{"allow":["GET"]}}],"collection":[{"href":"http:\/\/www.tvturk.com\/index.php\/wp-json\/wp\/v2\/posts"}],"about":[{"href":"http:\/\/www.tvturk.com\/index.php\/wp-json\/wp\/v2\/types\/post"}],"author":[{"embeddable":true,"href":"http:\/\/www.tvturk.com\/index.php\/wp-json\/wp\/v2\/users\/1"}],"replies":[{"embeddable":true,"href":"http:\/\/www.tvturk.com\/index.php\/wp-json\/wp\/v2\/comments?post=195268"}],"version-history":[{"count":0,"href":"http:\/\/www.tvturk.com\/index.php\/wp-json\/wp\/v2\/posts\/195268\/revisions"}],"wp:featuredmedia":[{"embeddable":true,"href":"http:\/\/www.tvturk.com\/index.php\/wp-json\/wp\/v2\/media\/195269"}],"wp:attachment":[{"href":"http:\/\/www.tvturk.com\/index.php\/wp-json\/wp\/v2\/media?parent=195268"}],"wp:term":[{"taxonomy":"category","embeddable":true,"href":"http:\/\/www.tvturk.com\/index.php\/wp-json\/wp\/v2\/categories?post=195268"},{"taxonomy":"post_tag","embeddable":true,"href":"http:\/\/www.tvturk.com\/index.php\/wp-json\/wp\/v2\/tags?post=195268"}],"curies":[{"name":"wp","href":"https:\/\/api.w.org\/{rel}","templated":true}]}}