{"id":195286,"date":"2019-08-23T23:16:29","date_gmt":"2019-08-23T20:16:29","guid":{"rendered":"http:\/\/www.tvturk.com\/index.php\/bayrakli-belediye-baskaninin-odasinda-dinleme-cihazi-bulundu\/"},"modified":"2019-08-23T23:16:29","modified_gmt":"2019-08-23T20:16:29","slug":"bayrakli-belediye-baskaninin-odasinda-dinleme-cihazi-bulundu","status":"publish","type":"post","link":"http:\/\/www.tvturk.com\/index.php\/bayrakli-belediye-baskaninin-odasinda-dinleme-cihazi-bulundu\/","title":{"rendered":"Bayrakl\u0131 Belediye Ba\u015fkan\u0131\u2019n\u0131n odas\u0131nda dinleme cihaz\u0131 bulundu"},"content":{"rendered":"<p>31 Mart 2019 Yerel Se\u00e7imleri\u2019nde Belediye Ba\u015fkan\u0131 se\u00e7ilen Bayrakl\u0131 Belediye Ba\u015fkan\u0131 Serdar Sandal\u2019\u0131n makam odas\u0131ndan, elektrik prizine gizlenmi\u015f \u015fekilde dinleme cihaz\u0131 bulundu. Cihaz\u0131n, ayr\u0131nt\u0131l\u0131 incelenmek \u00fczere emniyete g\u00f6t\u00fcr\u00fcld\u00fc\u011f\u00fc \u00f6\u011frenildi.<\/p>\n<p>Bayrakl\u0131 Belediye Ba\u015fkan\u0131 Serdar Sandal\u2019\u0131n odas\u0131ndan dinleme cihaz\u0131 \u00e7\u0131kt\u0131. Cihaz\u0131n elektrik prizi i\u00e7erisine gizlendi\u011fi \u00f6\u011frenilirken, uzman polisler belediyeye gelerek inceleme yapt\u0131. Cihaz tutanak alt\u0131na al\u0131nd\u0131 ve daha sonrada emniyete g\u00f6t\u00fcr\u00fcld\u00fc.<\/p>\n<p>Konuyla ilgili konu\u015fan Ba\u015fkan Sandal, &#8220;Bizim kimseden saklayacak da gizleyecek de bir \u015feyimiz yok. Biz bu makama \u015fifreli asans\u00f6rleri, kilitli demir kap\u0131lar\u0131 k\u0131ra k\u0131ra geldik. Kap\u0131lar\u0131m\u0131z\u0131 t\u00fcm halk\u0131m\u0131za a\u00e7t\u0131k. Tasarruf tedbirlerini son noktas\u0131na kadar hayata ge\u00e7irdik. Geriye d\u00f6n\u00fck bir\u00e7ok dosyay\u0131 Tefti\u015f Kurulumuza g\u00f6nderdik. Anla\u015f\u0131lan birilerinin aya\u011f\u0131na fena basm\u0131\u015f\u0131z; ancak herkes \u015funu \u00e7ok iyi bilsin ki hi\u00e7 kimse bizi \u00e7\u0131kt\u0131\u011f\u0131m\u0131z bu yoldan al\u0131koyamayacak. Kararl\u0131l\u0131kla y\u00fcr\u00fcmeye devam edece\u011fiz\u201d dedi.<\/p>\n<p>Dinleme cihaz\u0131 ile ilgili su\u00e7 duyurusunda bulunduklar\u0131n\u0131 belirten Sandal, &#8220;Makam odam\u0131za dinleme cihaz\u0131 yerle\u015ftirecek kadar ne konu\u015ftu\u011fumuzu, neler yapaca\u011f\u0131m\u0131z\u0131 merak edenler kimlermi\u015f hep birlikte \u00f6\u011frenelim. T\u00fcm Bayrakl\u0131, t\u00fcm \u0130zmir kamuoyu \u00f6\u011frensin. \u0130l Emniyet ve \u0130l\u00e7e Emniyet M\u00fcd\u00fcrl\u00fc\u011f\u00fcm\u00fczden gelen, cihaz\u0131 inceleyen ve bizleri bilgilendiren t\u00fcm polis arkada\u015flar\u0131m\u0131za te\u015fekk\u00fcr ediyorum. Su\u00e7 duyurusunda bulundum. Eminim odama dinleme cihaz\u0131 yerle\u015ftirenler h\u0131zla bulunacakt\u0131r. Avukatlar\u0131m\u0131zla birlikte konunun takip\u00e7isi olaca\u011f\u0131z, geli\u015fmelerden bas\u0131n\u0131 ve kamuoyunu bilgilendirece\u011fiz\u201d diye konu\u015ftu.<\/p>\n","protected":false},"excerpt":{"rendered":"<p>C\u0130HAZIN, AYRINTILI \u0130NCELENMEK \u00dcZERE EMN\u0130YETE G\u00d6T\u00dcR\u00dcLD\u00dc\u011e\u00dc \u00d6\u011eREN\u0130LD\u0130.<\/p>\n","protected":false},"author":1,"featured_media":195287,"comment_status":"closed","ping_status":"open","sticky":false,"template":"","format":"standard","meta":{"jetpack_post_was_ever_published":false,"_jetpack_newsletter_access":"","_jetpack_dont_email_post_to_subs":false,"_jetpack_newsletter_tier_id":0,"_jetpack_memberships_contains_paywalled_content":false,"_jetpack_memberships_contains_paid_content":false,"footnotes":"","jetpack_publicize_message":"","jetpack_publicize_feature_enabled":true,"jetpack_social_post_already_shared":true,"jetpack_social_options":{"image_generator_settings":{"template":"highway","default_image_id":0,"font":"","enabled":false},"version":2}},"categories":[1],"tags":[6745,11969,134,204,16792,49024,167],"class_list":["post-195286","post","type-post","status-publish","format-standard","has-post-thumbnail","hentry","category-genel","tag-baskaninin","tag-bayrakli","tag-belediye","tag-bulundu","tag-cihazi","tag-dinleme","tag-odasinda"],"jetpack_publicize_connections":[],"jetpack_featured_media_url":"https:\/\/i0.wp.com\/www.tvturk.com\/wp-content\/uploads\/2019\/08\/bayrakli-belediye-baskaninin-odasinda-dinleme-cihazi-bulundu_7349035.jpg?fit=1000%2C750","jetpack_sharing_enabled":true,"jetpack_shortlink":"https:\/\/wp.me\/paKIfm-ONM","_links":{"self":[{"href":"http:\/\/www.tvturk.com\/index.php\/wp-json\/wp\/v2\/posts\/195286","targetHints":{"allow":["GET"]}}],"collection":[{"href":"http:\/\/www.tvturk.com\/index.php\/wp-json\/wp\/v2\/posts"}],"about":[{"href":"http:\/\/www.tvturk.com\/index.php\/wp-json\/wp\/v2\/types\/post"}],"author":[{"embeddable":true,"href":"http:\/\/www.tvturk.com\/index.php\/wp-json\/wp\/v2\/users\/1"}],"replies":[{"embeddable":true,"href":"http:\/\/www.tvturk.com\/index.php\/wp-json\/wp\/v2\/comments?post=195286"}],"version-history":[{"count":0,"href":"http:\/\/www.tvturk.com\/index.php\/wp-json\/wp\/v2\/posts\/195286\/revisions"}],"wp:featuredmedia":[{"embeddable":true,"href":"http:\/\/www.tvturk.com\/index.php\/wp-json\/wp\/v2\/media\/195287"}],"wp:attachment":[{"href":"http:\/\/www.tvturk.com\/index.php\/wp-json\/wp\/v2\/media?parent=195286"}],"wp:term":[{"taxonomy":"category","embeddable":true,"href":"http:\/\/www.tvturk.com\/index.php\/wp-json\/wp\/v2\/categories?post=195286"},{"taxonomy":"post_tag","embeddable":true,"href":"http:\/\/www.tvturk.com\/index.php\/wp-json\/wp\/v2\/tags?post=195286"}],"curies":[{"name":"wp","href":"https:\/\/api.w.org\/{rel}","templated":true}]}}