{"id":195302,"date":"2019-08-24T09:16:09","date_gmt":"2019-08-24T06:16:09","guid":{"rendered":"http:\/\/www.tvturk.com\/index.php\/motosiklet-kazasinda-agir-yaralanan-genc-yasam-savasi-veriyor\/"},"modified":"2019-08-24T09:16:09","modified_gmt":"2019-08-24T06:16:09","slug":"motosiklet-kazasinda-agir-yaralanan-genc-yasam-savasi-veriyor","status":"publish","type":"post","link":"http:\/\/www.tvturk.com\/index.php\/motosiklet-kazasinda-agir-yaralanan-genc-yasam-savasi-veriyor\/","title":{"rendered":"Motosiklet kazas\u0131nda a\u011f\u0131r yaralanan gen\u00e7 ya\u015fam sava\u015f\u0131 veriyor"},"content":{"rendered":"<p>Tokat\u2019ta motosiklet kazas\u0131nda a\u011f\u0131r yaralanarak 45 g\u00fcn s\u00fcren yo\u011fun bak\u0131m s\u00fcrecini atlatan fakat omurilik zedelemesi nedeniyle his kayb\u0131 ya\u015fayan 17 ya\u015f\u0131ndaki O\u011fulcan \u00d6kdem\u2019in babas\u0131 o\u011flunun tedavisi i\u00e7in destek bekliyor.<\/p>\n<p>Tokat\u2019\u0131n Niksar il\u00e7esine ba\u011fl\u0131 G\u00fcr\u00e7e\u015fme beldesinde 07 Temmuz 2019 tarihinde meydana gelen motosiklet kazas\u0131nda duvara \u00e7arpmas\u0131 sonucu a\u011f\u0131r yaralanan 17 ya\u015f\u0131ndaki O\u011fulcan \u00d6kdem, 45 g\u00fcn s\u00fcren tedavisinin ard\u0131ndan yo\u011fun bak\u0131mdan \u00e7\u0131kt\u0131. Tokat Gaziosmanpa\u015fa \u00dcniversitesi Sa\u011fl\u0131k ve Ara\u015ft\u0131rma Hastanesi Beyin Cerrahi Servisinde tedavisi devam eden O\u011fulcan, kazada omurili\u011finin zedelenmesini nedeniyle el ve ayaklar\u0131nda his kayb\u0131 ya\u015fad\u0131. Solunum cihaz\u0131na ba\u011fl\u0131 olarak nefes alabilen O\u011fulcan\u2019\u0131 babas\u0131 ve annesi biran olsun yaln\u0131z b\u0131rakm\u0131yor.<\/p>\n<p>O\u011flunun tedavisi i\u00e7in destek bekliyor<\/p>\n<p>Baba Duran \u00d6kdem, motosiklet kazas\u0131nda o\u011flunun kafatas\u0131 ve omurilik kemi\u011finin k\u0131r\u0131lmas\u0131 sonucu 45 g\u00fcn yo\u011fun bak\u0131mda tedavi g\u00f6rd\u00fc\u011f\u00fcn\u00fc kaydetti. 21 A\u011fustos tarihinde o\u011flunun yo\u011fun bak\u0131mdan yatakl\u0131 servise \u00e7\u0131kar\u0131ld\u0131\u011f\u0131n\u0131 dile getiren \u00d6kdem, \u201cOmuzlar\u0131nda \u00e7ok az bir hareket var, boynundan a\u015fa\u011f\u0131s\u0131nda his yok. Umutluyuz, 17 ya\u015f\u0131nda. Sa\u011fl\u0131k Bakanl\u0131\u011f\u0131ndan \u00e7ocu\u011fumuzla alakal\u0131 yard\u0131m ve destek bekliyoruz. Tedavisi nerede olacaksa destek istiyoruz\u201d dedi.<\/p>\n<p>Kendilerini uzun s\u00fcrecek olan bir tedavi s\u00fcrecinin bekledi\u011fini dile getiren \u00d6kdem, \u201cDoktorlar uzun bir s\u00fcre\u00e7 oldu\u011funu, bacaklar\u0131n\u0131n \u00e7al\u0131\u015fma ihtimalinin \u00e7ok zay\u0131f oldu\u011funu s\u00f6yl\u00fcyorlar. Ama bizler umutluyuz, o\u011flumuz gen\u00e7 in\u015fallah atlatacak. K\u00f6k h\u00fccre nakli ile aya\u011fa kalkabilece\u011fi durumu s\u00f6z konusu. Onun i\u00e7inde babas\u0131 olarak elimizden ne geliyorsa yapmaya \u00e7al\u0131\u015faca\u011f\u0131m. O\u011flumun yo\u011fun bak\u0131mdan \u00e7\u0131kmas\u0131 sevindirdi, yo\u011fun bak\u0131m s\u00fcreci daha zor bir s\u00fcre\u00e7ti. \u00c7ocu\u011fumuzun yan\u0131nday\u0131z, ona umut vermeye, moral vermeye \u00e7al\u0131\u015f\u0131yoruz. O da umutlu, umudunu kaybetmedi. \u0130yile\u015fece\u011fine inan\u0131yor, inanc\u0131n\u0131 bo\u015fa \u00e7\u0131karmamak i\u00e7in ne gerekiyorsa yapaca\u011f\u0131z. \u015euan konu\u015fabiliyor, bilinci a\u00e7\u0131k. O nedenle umutluyuz\u201d diye konu\u015ftu.<\/p>\n","protected":false},"excerpt":{"rendered":"<p>TOKAT\u2019IN N\u0130KSAR \u0130L\u00c7ES\u0130NE BA\u011eLI G\u00dcR\u00c7E\u015eME BELDES\u0130NDE 07 TEMMUZ 2019 TAR\u0130H\u0130NDE MEYDANA GELEN MOTOS\u0130KLET KAZASINDA DUVARA \u00c7ARPMASI SONUCU A\u011eIR YARALANAN 17 YA\u015eINDAK\u0130 O\u011eULCAN \u00d6KDEM, 45 G\u00dcN S\u00dcREN TEDAV\u0130S\u0130N\u0130N ARDINDAN YO\u011eUN BAKIMDAN \u00c7IKTI.<\/p>\n","protected":false},"author":1,"featured_media":195303,"comment_status":"closed","ping_status":"open","sticky":false,"template":"","format":"standard","meta":{"jetpack_post_was_ever_published":false,"_jetpack_newsletter_access":"","_jetpack_dont_email_post_to_subs":false,"_jetpack_newsletter_tier_id":0,"_jetpack_memberships_contains_paywalled_content":false,"_jetpack_memberships_contains_paid_content":false,"footnotes":"","jetpack_publicize_message":"","jetpack_publicize_feature_enabled":true,"jetpack_social_post_already_shared":true,"jetpack_social_options":{"image_generator_settings":{"template":"highway","default_image_id":0,"font":"","enabled":false},"version":2}},"categories":[1],"tags":[1001,803,7568,1003,12730,806,4060,294],"class_list":["post-195302","post","type-post","status-publish","format-standard","has-post-thumbnail","hentry","category-genel","tag-agir","tag-genc","tag-kazasinda","tag-motosiklet","tag-savasi","tag-veriyor","tag-yaralanan","tag-yasam"],"jetpack_publicize_connections":[],"jetpack_featured_media_url":"https:\/\/i0.wp.com\/www.tvturk.com\/wp-content\/uploads\/2019\/08\/motosiklet-kazasinda-agir-yaralanan-genc-yasam-savasi-veriyor_d4d76fe.jpg?fit=960%2C696","jetpack_sharing_enabled":true,"jetpack_shortlink":"https:\/\/wp.me\/paKIfm-OO2","_links":{"self":[{"href":"http:\/\/www.tvturk.com\/index.php\/wp-json\/wp\/v2\/posts\/195302","targetHints":{"allow":["GET"]}}],"collection":[{"href":"http:\/\/www.tvturk.com\/index.php\/wp-json\/wp\/v2\/posts"}],"about":[{"href":"http:\/\/www.tvturk.com\/index.php\/wp-json\/wp\/v2\/types\/post"}],"author":[{"embeddable":true,"href":"http:\/\/www.tvturk.com\/index.php\/wp-json\/wp\/v2\/users\/1"}],"replies":[{"embeddable":true,"href":"http:\/\/www.tvturk.com\/index.php\/wp-json\/wp\/v2\/comments?post=195302"}],"version-history":[{"count":0,"href":"http:\/\/www.tvturk.com\/index.php\/wp-json\/wp\/v2\/posts\/195302\/revisions"}],"wp:featuredmedia":[{"embeddable":true,"href":"http:\/\/www.tvturk.com\/index.php\/wp-json\/wp\/v2\/media\/195303"}],"wp:attachment":[{"href":"http:\/\/www.tvturk.com\/index.php\/wp-json\/wp\/v2\/media?parent=195302"}],"wp:term":[{"taxonomy":"category","embeddable":true,"href":"http:\/\/www.tvturk.com\/index.php\/wp-json\/wp\/v2\/categories?post=195302"},{"taxonomy":"post_tag","embeddable":true,"href":"http:\/\/www.tvturk.com\/index.php\/wp-json\/wp\/v2\/tags?post=195302"}],"curies":[{"name":"wp","href":"https:\/\/api.w.org\/{rel}","templated":true}]}}