{"id":195314,"date":"2019-08-24T10:01:23","date_gmt":"2019-08-24T07:01:23","guid":{"rendered":"http:\/\/www.tvturk.com\/index.php\/turbede-camasir-sergisi\/"},"modified":"2019-08-24T10:01:23","modified_gmt":"2019-08-24T07:01:23","slug":"turbede-camasir-sergisi","status":"publish","type":"post","link":"http:\/\/www.tvturk.com\/index.php\/turbede-camasir-sergisi\/","title":{"rendered":"T\u00fcrbede \u00e7ama\u015f\u0131r sergisi"},"content":{"rendered":"<p>Sivas\u2019ta Rahmi G\u00fcnay Caddesi \u00fczerinde yer alan eski Numune Hastanesi\u2019nin bah\u00e7esinde bulunan \u0130ncili Han\u0131m T\u00fcrbesi\u2019nin mevcut durumu y\u00fcrekleri s\u0131zlat\u0131yor. Bug\u00fcnk\u00fc haliyle t\u00fcrbe g\u00f6r\u00fcn\u00fcm\u00fcnden \u00e7ok uzak bir durumda bulunan \u0130ncili Han\u0131m\u2019\u0131n bir an \u00f6nce restore edilerek aya\u011fa kald\u0131r\u0131lmas\u0131 isteniyor.<\/p>\n<p>Sivas K\u00fclt\u00fcr Envanteri\u2019nde yer alan bilgilere g\u00f6re, sahibi Vak\u0131flar Genel M\u00fcd\u00fcrl\u00fc\u011f\u00fc olan ve 1983 y\u0131l\u0131nda tescil edilen \u0130ncili Han\u0131m T\u00fcrbesi bug\u00fcnlerde \u00e7ama\u015f\u0131r kurutmak i\u00e7in kullan\u0131l\u0131yor. \u00dczerine \u00e7e\u015fitli yaz\u0131lar yaz\u0131larak tahrip edilen  t\u00fcrbenin bak\u0131m \u00e7al\u0131\u015fmas\u0131 yap\u0131ld\u0131ktan sonra turizme kazand\u0131r\u0131lmas\u0131 bekleniyor.<\/p>\n<p>Y\u0131llara meydan okuyor<\/p>\n<p>Ara\u015ft\u0131rmac\u0131lara g\u00f6re Sokullu Mehmet Pa\u015fa\u2019n\u0131n k\u0131z\u0131 olarak bilinen, \u00e7eyizinde inci ile i\u015flenmi\u015f yorgandan dolay\u0131 \u0130ncili Han\u0131m ad\u0131n\u0131 alan t\u00fcrbe, g\u00fcn\u00fcm\u00fcze dek hi\u00e7bir yenileme \u00e7al\u0131\u015fmas\u0131 g\u00f6rmemesine ra\u011fmen ayakta durmaya \u00e7al\u0131\u015f\u0131yor.<\/p>\n<p>Sivas K\u00fclt\u00fcr Envanteri kay\u0131tlar\u0131nda t\u00fcrbeye ili\u015fkin \u201cBaldaken tarz\u0131nda in\u015fa edilen t\u00fcrbenin mimar\u0131 \u00fcslubu malzemesi ile 18.yy. da yap\u0131ld\u0131\u011f\u0131 izlenimini vermektedir. Tarihini kan\u0131tlayabilecek \u00fczerinde kitabesi yaz\u0131l\u0131 sandukas\u0131 olmad\u0131\u011f\u0131 gibi \u0130ncili Han\u0131m hakk\u0131nda da yaz\u0131l\u0131 belgeye rastlanmam\u0131\u015ft\u0131r. \u0130\u00e7 k\u00f6\u015feliklerde kubbeye ge\u00e7i\u015fler pandantifler arac\u0131l\u0131\u011f\u0131 ile sa\u011flanm\u0131\u015ft\u0131r. Kubbe i\u00e7ten s\u0131val\u0131 olmakla beraber s\u00fctunlar\u0131n d\u0131\u015f\u0131nda kalan b\u00f6l\u00fcmleri ise \u00e7ok harap olmu\u015ftur. Kubbenin ortas\u0131nda alt\u0131gen bir a\u00e7\u0131kl\u0131k vard\u0131r. Bu a\u00e7\u0131kl\u0131k ilk yap\u0131ld\u0131\u011f\u0131 d\u00f6nemde d\u00fc\u015f\u00fcn\u00fclm\u00fc\u015f ve ger\u00e7ekle\u015ftirilmi\u015f kan\u0131s\u0131 vermektedir. Alt\u0131geni meydana getiren kenarlarda d\u00fczg\u00fcn ta\u015flar kullan\u0131lm\u0131\u015ft\u0131r. Bu d\u00fczg\u00fcn ta\u015f \u00f6rg\u00fc kubbenin di\u011fer yerlerinde g\u00f6r\u00fclmektedir. Bu uygulama ile de baldaken tarz\u0131ndaki bu t\u00fcrbenin \u00fcst\u00fcnde b\u00f6yle bir a\u00e7\u0131kl\u0131k b\u0131rak\u0131labilece\u011fi akla gelmektedir. Kare alan\u0131n k\u00f6\u015felerinde yer alan s\u00fctunlar 150 santimetre y\u00fcksekli\u011findedir. Blok ta\u015ftan kesilerek elde edilen s\u00fctunlar\u0131n kaide ve ba\u015fl\u0131\u011f\u0131 yekpare olarak \u00e7\u0131kar\u0131lm\u0131\u015ft\u0131r. 0.65 metre \u00f6l\u00e7\u00fcs\u00fcndeki bir tabandan kare g\u00f6vdeye ge\u00e7i\u015f pahlanarak sa\u011flanm\u0131\u015ft\u0131r. G\u00f6vdenin her bir kenar\u0131 0.40 metredir. Yar\u0131m silindir bir silmeden sonra ba\u015fl\u0131\u011fa ge\u00e7ilmektedir.  Gemi teknesi bi\u00e7imindeki d\u00f6rt kemeri de 0.50 metrelik bir girinti i\u00e7indedir. Bu kemerleri birbirine ba\u011flayan 0.10 x 0.10 metrelik ah\u015fap gergiler her kemer a\u00e7\u0131kl\u0131\u011f\u0131nda da mevcuttur. Sadece bat\u0131 y\u00f6n\u00fcndeki kemerin sa\u011f d\u0131\u015f al\u0131nl\u0131\u011f\u0131nda ye\u015fil s\u0131rl\u0131 iki tu\u011fla g\u00fcn\u00fcm\u00fcze kadar gelebilmi\u015ftir. Kare bi\u00e7imli bu iki tu\u011flan\u0131n s\u0131rlar\u0131 da yer yer d\u00f6k\u00fclm\u00fc\u015ft\u00fcr. Bu uygulaman\u0131n yap\u0131n\u0131n d\u0131\u015f y\u00fczlerinde devam edebilece\u011fi d\u00fc\u015f\u00fcn\u00fclmektedir\u201d ifadelerine yer veriliyor.<\/p>\n","protected":false},"excerpt":{"rendered":"<p>T\u00dcRBEDE \u00c7AMA\u015eIR SERG\u0130S\u0130<\/p>\n","protected":false},"author":1,"featured_media":195315,"comment_status":"closed","ping_status":"open","sticky":false,"template":"","format":"standard","meta":{"jetpack_post_was_ever_published":false,"_jetpack_newsletter_access":"","_jetpack_dont_email_post_to_subs":false,"_jetpack_newsletter_tier_id":0,"_jetpack_memberships_contains_paywalled_content":false,"_jetpack_memberships_contains_paid_content":false,"footnotes":"","jetpack_publicize_message":"","jetpack_publicize_feature_enabled":true,"jetpack_social_post_already_shared":true,"jetpack_social_options":{"image_generator_settings":{"template":"highway","default_image_id":0,"font":"","enabled":false},"version":2}},"categories":[1],"tags":[20593,1335,49031],"class_list":["post-195314","post","type-post","status-publish","format-standard","has-post-thumbnail","hentry","category-genel","tag-camasir","tag-sergisi","tag-turbede"],"jetpack_publicize_connections":[],"jetpack_featured_media_url":"https:\/\/i0.wp.com\/www.tvturk.com\/wp-content\/uploads\/2019\/08\/turbede-camasir-sergisi_f41544a.jpg?fit=1000%2C750","jetpack_sharing_enabled":true,"jetpack_shortlink":"https:\/\/wp.me\/paKIfm-OOe","_links":{"self":[{"href":"http:\/\/www.tvturk.com\/index.php\/wp-json\/wp\/v2\/posts\/195314","targetHints":{"allow":["GET"]}}],"collection":[{"href":"http:\/\/www.tvturk.com\/index.php\/wp-json\/wp\/v2\/posts"}],"about":[{"href":"http:\/\/www.tvturk.com\/index.php\/wp-json\/wp\/v2\/types\/post"}],"author":[{"embeddable":true,"href":"http:\/\/www.tvturk.com\/index.php\/wp-json\/wp\/v2\/users\/1"}],"replies":[{"embeddable":true,"href":"http:\/\/www.tvturk.com\/index.php\/wp-json\/wp\/v2\/comments?post=195314"}],"version-history":[{"count":0,"href":"http:\/\/www.tvturk.com\/index.php\/wp-json\/wp\/v2\/posts\/195314\/revisions"}],"wp:featuredmedia":[{"embeddable":true,"href":"http:\/\/www.tvturk.com\/index.php\/wp-json\/wp\/v2\/media\/195315"}],"wp:attachment":[{"href":"http:\/\/www.tvturk.com\/index.php\/wp-json\/wp\/v2\/media?parent=195314"}],"wp:term":[{"taxonomy":"category","embeddable":true,"href":"http:\/\/www.tvturk.com\/index.php\/wp-json\/wp\/v2\/categories?post=195314"},{"taxonomy":"post_tag","embeddable":true,"href":"http:\/\/www.tvturk.com\/index.php\/wp-json\/wp\/v2\/tags?post=195314"}],"curies":[{"name":"wp","href":"https:\/\/api.w.org\/{rel}","templated":true}]}}