{"id":195326,"date":"2019-08-24T10:01:52","date_gmt":"2019-08-24T07:01:52","guid":{"rendered":"http:\/\/www.tvturk.com\/index.php\/meyveli-agacin-cicek-acmasi-sasirtti\/"},"modified":"2019-08-24T10:01:52","modified_gmt":"2019-08-24T07:01:52","slug":"meyveli-agacin-cicek-acmasi-sasirtti","status":"publish","type":"post","link":"http:\/\/www.tvturk.com\/index.php\/meyveli-agacin-cicek-acmasi-sasirtti\/","title":{"rendered":"Meyveli a\u011fac\u0131n \u00e7i\u00e7ek a\u00e7mas\u0131 \u015fa\u015f\u0131rtt\u0131"},"content":{"rendered":"<p>Van\u2019da \u00fczerinde meyvesi oldu\u011fu halde yeniden \u00e7i\u00e7ek a\u00e7an armut a\u011fac\u0131, g\u00f6renleri hayrete d\u00fc\u015f\u00fcrd\u00fc.<\/p>\n<p>Van merkez \u0130pekyolu il\u00e7esine ba\u011fl\u0131 Yeni Mahallede in\u015faat\u0131 devam eden bir evin bah\u00e7esinde bulunan 10 y\u0131ll\u0131k armut a\u011fac\u0131 yeniden \u00e7i\u00e7ek a\u00e7t\u0131. Meyvesi yenilecek duruma gelen a\u011fac\u0131n yeniden \u00e7i\u00e7ek a\u00e7t\u0131\u011f\u0131n\u0131 g\u00f6renler, \u015fa\u015fk\u0131nl\u0131klar\u0131n\u0131 gizleyemiyor. Mahallede in\u015faat i\u015fiyle u\u011fra\u015fan i\u015f\u00e7iler, durumu fark edince dallardaki \u00e7i\u00e7ek ve meyveleri foto\u011frafl\u0131yor. A\u011fac\u0131n dallar\u0131nda meyve ve \u00e7i\u00e7eklenmeyi ayn\u0131 anda g\u00f6ren i\u015f\u00e7iler, ilk kez b\u00f6yle bir manzaraya tan\u0131kl\u0131k ettiklerini belirtti. \u00dczerindeki meyvelerin olgunla\u015fmaya ba\u015flad\u0131\u011f\u0131 a\u011fac\u0131n a\u011fustos ay\u0131n\u0131n son haftas\u0131nda \u00e7i\u00e7ek a\u00e7mas\u0131n\u0131 g\u00f6renler, k\u00fcresel iklim de\u011fi\u015fikli\u011fini i\u015faret ediyor.<\/p>\n<p>\u201cB\u00f6yle bir \u015feye rastlamam\u0131\u015ft\u0131m\u201d<\/p>\n<p>\u0130HA muhabirine konu\u015fan Ahmet \u0130mrak isimli vatanda\u015f, ilerlemi\u015f ya\u015f\u0131na ra\u011fmen daha \u00f6nce b\u00f6yle bir durumla kar\u015f\u0131la\u015fmad\u0131\u011f\u0131n\u0131 belirtti. A\u011fac\u0131n yeniden \u00e7i\u00e7ek a\u00e7mas\u0131na \u015fa\u015f\u0131rd\u0131klar\u0131n\u0131 ifade eden \u0130mrak, \u201c\u0130ki g\u00fcn \u00f6nce \u00e7al\u0131\u015fmak i\u00e7in buraya geldim. A\u011fac\u0131 g\u00f6r\u00fcnce dikkatimi \u00e7ekti. Telefonumu \u00e7\u0131kar\u0131p birka\u00e7 foto\u011fraf da \u00e7ekti. Senenin bu zaman\u0131nda a\u011fac\u0131n \u00e7i\u00e7ek a\u00e7mas\u0131na \u00e7ok \u015fa\u015f\u0131rd\u0131k. 49 ya\u015f\u0131nday\u0131m ve bu ya\u015f\u0131ma kadar b\u00f6yle bir \u015feye rastlamam\u0131\u015ft\u0131m\u201d dedi.<\/p>\n<p>A\u011fac\u0131n bu mevsimde yeniden \u00e7i\u00e7ek a\u00e7mas\u0131n\u0131 k\u00fcresel iklim de\u011fi\u015fikli\u011fine ba\u011flayan \u0130mrak, a\u011fa\u00e7ta olgunla\u015fan meyvelerin birka\u00e7 hafta i\u00e7inde yenilebilir duruma gelece\u011fini kaydetti.<\/p>\n","protected":false},"excerpt":{"rendered":"<p>VAN\u2019DA \u00dcZER\u0130NDE MEYVES\u0130 OLDU\u011eU HALDE YEN\u0130DEN \u00c7\u0130\u00c7EK A\u00c7AN ARMUT A\u011eACI, G\u00d6RENLER\u0130 HAYRETE D\u00dc\u015e\u00dcRD\u00dc.<\/p>\n","protected":false},"author":1,"featured_media":195327,"comment_status":"closed","ping_status":"open","sticky":false,"template":"","format":"standard","meta":{"jetpack_post_was_ever_published":false,"_jetpack_newsletter_access":"","_jetpack_dont_email_post_to_subs":false,"_jetpack_newsletter_tier_id":0,"_jetpack_memberships_contains_paywalled_content":false,"_jetpack_memberships_contains_paid_content":false,"footnotes":"","jetpack_publicize_message":"","jetpack_publicize_feature_enabled":true,"jetpack_social_post_already_shared":true,"jetpack_social_options":{"image_generator_settings":{"template":"highway","default_image_id":0,"font":"","enabled":false},"version":2}},"categories":[1],"tags":[49033,20037,1654,49032,2448],"class_list":["post-195326","post","type-post","status-publish","format-standard","has-post-thumbnail","hentry","category-genel","tag-acmasi","tag-agacin","tag-cicek","tag-meyveli","tag-sasirtti"],"jetpack_publicize_connections":[],"jetpack_featured_media_url":"https:\/\/i0.wp.com\/www.tvturk.com\/wp-content\/uploads\/2019\/08\/meyveli-agacin-cicek-acmasi-sasirtti_dcc36a0.jpg?fit=1000%2C666","jetpack_sharing_enabled":true,"jetpack_shortlink":"https:\/\/wp.me\/paKIfm-OOq","_links":{"self":[{"href":"http:\/\/www.tvturk.com\/index.php\/wp-json\/wp\/v2\/posts\/195326","targetHints":{"allow":["GET"]}}],"collection":[{"href":"http:\/\/www.tvturk.com\/index.php\/wp-json\/wp\/v2\/posts"}],"about":[{"href":"http:\/\/www.tvturk.com\/index.php\/wp-json\/wp\/v2\/types\/post"}],"author":[{"embeddable":true,"href":"http:\/\/www.tvturk.com\/index.php\/wp-json\/wp\/v2\/users\/1"}],"replies":[{"embeddable":true,"href":"http:\/\/www.tvturk.com\/index.php\/wp-json\/wp\/v2\/comments?post=195326"}],"version-history":[{"count":0,"href":"http:\/\/www.tvturk.com\/index.php\/wp-json\/wp\/v2\/posts\/195326\/revisions"}],"wp:featuredmedia":[{"embeddable":true,"href":"http:\/\/www.tvturk.com\/index.php\/wp-json\/wp\/v2\/media\/195327"}],"wp:attachment":[{"href":"http:\/\/www.tvturk.com\/index.php\/wp-json\/wp\/v2\/media?parent=195326"}],"wp:term":[{"taxonomy":"category","embeddable":true,"href":"http:\/\/www.tvturk.com\/index.php\/wp-json\/wp\/v2\/categories?post=195326"},{"taxonomy":"post_tag","embeddable":true,"href":"http:\/\/www.tvturk.com\/index.php\/wp-json\/wp\/v2\/tags?post=195326"}],"curies":[{"name":"wp","href":"https:\/\/api.w.org\/{rel}","templated":true}]}}