{"id":195342,"date":"2019-08-24T10:46:26","date_gmt":"2019-08-24T07:46:26","guid":{"rendered":"http:\/\/www.tvturk.com\/index.php\/fransali-sandrine-tekirdagda-musluman-oldu\/"},"modified":"2019-08-24T10:46:26","modified_gmt":"2019-08-24T07:46:26","slug":"fransali-sandrine-tekirdagda-musluman-oldu","status":"publish","type":"post","link":"http:\/\/www.tvturk.com\/index.php\/fransali-sandrine-tekirdagda-musluman-oldu\/","title":{"rendered":"Fransal\u0131 Sandrine Tekirda\u011f\u2019da M\u00fcsl\u00fcman oldu"},"content":{"rendered":"<p>Tekirda\u011f \u015eark\u00f6y\u2019de ya\u015fayan Frans\u0131z vatanda\u015f\u0131 Sandrine G\u00fcl\u015fen, ihtida merasimi ile kelime-i \u015fehadet getirerek M\u00fcsl\u00fcman oldu.<\/p>\n<p>\u015eark\u00f6y M\u00fcft\u00fcl\u00fc\u011f\u00fcnde d\u00fczenlenen ihtida merasimi Merkez \u00c7ar\u015f\u0131 Camii M\u00fcezzin Kayy\u0131m\u0131 Yusuf Din\u00e7er\u2019in Kur\u2019an-\u0131 Kerim tilaveti ile ba\u015flad\u0131. \u015eark\u00f6y \u0130l\u00e7e M\u00fcft\u00fcs\u00fc Menderes Karapunar, \u00c7ar\u015f\u0131 Camii M\u00fcezzin Kayy\u0131m\u0131 Yusuf Din\u00e7er, \u015eark\u00f6y M\u00fcft\u00fcl\u00fc\u011f\u00fc Gen\u00e7lik Koordinat\u00f6r\u00fc Ya\u015far \u00d6zen ve \u015fahitlerin huzurunda kelime-i \u015fehadet getirerek M\u00fcsl\u00fcman olan Sandrine G\u00fcl\u015fen \u201cLeyla\u201d ad\u0131n\u0131 ald\u0131.<\/p>\n<p>\u015eark\u00f6y M\u00fcft\u00fcl\u00fc\u011f\u00fc\u2019ne m\u00fcracaatta bulunarak kendi iste\u011fi ile M\u00fcsl\u00fcman olmaya karar veren ve yap\u0131lan ihtida merasiminde \u0130slam dinine ge\u00e7en Leyla G\u00fcl\u015fen\u2019e \u0130l\u00e7e M\u00fcft\u00fcs\u00fc Menderes Karapunar; Allah\u2019\u0131n varl\u0131\u011f\u0131 ve birli\u011fi, \u0130slam dininin iman esaslar\u0131 ve ibadetler hakk\u0131nda bilgiler verdi. Ayr\u0131ca, \u0130slam dinini se\u00e7mekle kendisinin \u015fu anda g\u00fcnahs\u0131z ve p\u0131r\u0131l p\u0131r\u0131l bir halde oldu\u011funu s\u00f6yledi.<\/p>\n<p>M\u00fcft\u00fc Karapunar, M\u00fcsl\u00fcman olan Leyla G\u00fcl\u015fen\u2019e hay\u0131rl\u0131, mutlu bir ya\u015fam dileklerini iletirken, merasim sonunda \u2019\u0130htida Belgesi\u2019ni takdim etti.<\/p>\n","protected":false},"excerpt":{"rendered":"<p>TEK\u0130RDA\u011e \u015eARK\u00d6Y&#8217;DE YA\u015eAYAN FRANSIZ VATANDA\u015eI SANDR\u0130NE G\u00dcL\u015eEN \u0130HT\u0130DA MERAS\u0130M\u0130 \u0130LE KEL\u0130ME-\u0130 \u015eEH\u00c2DET GET\u0130REREK M\u00dcSL\u00dcMAN OLDU.<\/p>\n","protected":false},"author":1,"featured_media":195343,"comment_status":"closed","ping_status":"open","sticky":false,"template":"","format":"standard","meta":{"jetpack_post_was_ever_published":false,"_jetpack_newsletter_access":"","_jetpack_dont_email_post_to_subs":false,"_jetpack_newsletter_tier_id":0,"_jetpack_memberships_contains_paywalled_content":false,"_jetpack_memberships_contains_paid_content":false,"footnotes":"","jetpack_publicize_message":"","jetpack_publicize_feature_enabled":true,"jetpack_social_post_already_shared":true,"jetpack_social_options":{"image_generator_settings":{"template":"highway","default_image_id":0,"font":"","enabled":false},"version":2}},"categories":[1],"tags":[49044,4021,77,49045,1163],"class_list":["post-195342","post","type-post","status-publish","format-standard","has-post-thumbnail","hentry","category-genel","tag-fransali","tag-musluman","tag-oldu","tag-sandrine","tag-tekirdagda"],"jetpack_publicize_connections":[],"jetpack_featured_media_url":"https:\/\/i0.wp.com\/www.tvturk.com\/wp-content\/uploads\/2019\/08\/fransali-sandrine-tekirdagda-musluman-oldu_407166e.jpg?fit=1000%2C750","jetpack_sharing_enabled":true,"jetpack_shortlink":"https:\/\/wp.me\/paKIfm-OOG","_links":{"self":[{"href":"http:\/\/www.tvturk.com\/index.php\/wp-json\/wp\/v2\/posts\/195342","targetHints":{"allow":["GET"]}}],"collection":[{"href":"http:\/\/www.tvturk.com\/index.php\/wp-json\/wp\/v2\/posts"}],"about":[{"href":"http:\/\/www.tvturk.com\/index.php\/wp-json\/wp\/v2\/types\/post"}],"author":[{"embeddable":true,"href":"http:\/\/www.tvturk.com\/index.php\/wp-json\/wp\/v2\/users\/1"}],"replies":[{"embeddable":true,"href":"http:\/\/www.tvturk.com\/index.php\/wp-json\/wp\/v2\/comments?post=195342"}],"version-history":[{"count":0,"href":"http:\/\/www.tvturk.com\/index.php\/wp-json\/wp\/v2\/posts\/195342\/revisions"}],"wp:featuredmedia":[{"embeddable":true,"href":"http:\/\/www.tvturk.com\/index.php\/wp-json\/wp\/v2\/media\/195343"}],"wp:attachment":[{"href":"http:\/\/www.tvturk.com\/index.php\/wp-json\/wp\/v2\/media?parent=195342"}],"wp:term":[{"taxonomy":"category","embeddable":true,"href":"http:\/\/www.tvturk.com\/index.php\/wp-json\/wp\/v2\/categories?post=195342"},{"taxonomy":"post_tag","embeddable":true,"href":"http:\/\/www.tvturk.com\/index.php\/wp-json\/wp\/v2\/tags?post=195342"}],"curies":[{"name":"wp","href":"https:\/\/api.w.org\/{rel}","templated":true}]}}