{"id":195354,"date":"2019-08-24T11:01:30","date_gmt":"2019-08-24T08:01:30","guid":{"rendered":"http:\/\/www.tvturk.com\/index.php\/terme-sele-teslim-2\/"},"modified":"2019-08-24T11:01:30","modified_gmt":"2019-08-24T08:01:30","slug":"terme-sele-teslim-2","status":"publish","type":"post","link":"http:\/\/www.tvturk.com\/index.php\/terme-sele-teslim-2\/","title":{"rendered":"Terme sele teslim"},"content":{"rendered":"<p>Samsun\u2019un Terme il\u00e7esi, d\u00fcn gece etkili olan ya\u011f\u0131\u015flar ve Sal\u0131pazar\u0131 il\u00e7esinden gelen sel sular\u0131n\u0131n da etkisiyle sular alt\u0131nda kald\u0131.<\/p>\n<p>Karadeniz B\u00f6lgesi\u2019nde etkili olan sa\u011fanak ya\u011f\u0131\u015flar, Samsun\u2019un do\u011fu il\u00e7elerini de olumsuz etkiledi. \u00d6zellikle Sal\u0131pazar\u0131, Terme ve \u00c7ar\u015famba\u2019n\u0131n k\u0131rsal mahalleleri selden etkilendi. Terme\u2019de \u015fehir merkezindeki d\u00fckkanlar ve evler 1 metreye kadar su alt\u0131nda kald\u0131. \u0130l\u00e7ede sular tamamen kesilirken, bir b\u00f6l\u00fcm\u00fcne ise elektrik verilemiyor. \u0130\u00e7me suyunu tankerlerle kar\u015f\u0131lamaya \u00e7al\u0131\u015fan vatanda\u015flar, selin olu\u015fturdu\u011fu yaralar\u0131 da sarmaya \u00e7al\u0131\u015f\u0131yor.<\/p>\n<p>\u201cHala ula\u015famad\u0131\u011f\u0131m\u0131z bir\u00e7ok k\u00f6y yolu var\u201d<\/p>\n<p>Terme\u2019de ula\u015f\u0131lamayan bir\u00e7ok k\u00f6y yolu oldu\u011funu ve baz\u0131 vatanda\u015flar\u0131n helikopterler ile g\u00fcvenli b\u00f6lgelere ta\u015f\u0131nd\u0131\u011f\u0131n\u0131 ifade eden Terme Belediye Ba\u015fkan\u0131 Ali K\u0131l\u0131\u00e7, \u201cD\u00fcn ak\u015fam saatlerinde ba\u015flayan ya\u011fmur, ak\u015fam ve gece etkisini artt\u0131rd\u0131. Sal\u0131pazar\u0131\u2019ndan \u0131rma\u011fa yo\u011fun sel suyu geldi. Terme merkezinde ve k\u0131rsal mahallelerinde su bask\u0131nlar\u0131 meydana geldi. Evler, d\u00fckkanlar ve ana yollar sel nedeniyle sular alt\u0131nda kald\u0131. Hala ula\u015famad\u0131\u011f\u0131m\u0131z bir\u00e7ok k\u00f6y yolu var. F\u0131nd\u0131k mevsimindeyiz. Tar\u0131m i\u015f\u00e7ilerini o b\u00f6lgeden al\u0131p, g\u00fcvenli b\u00f6lgelere, spor salonuna yerle\u015ftirdik. K\u0131z\u0131lay, AFAD battaniye ve \u00e7ad\u0131r yard\u0131m\u0131nda bulundu. Biz de yiyecek i\u00e7ecek yard\u0131m\u0131nda bulunduk. Bir b\u00f6lgede elektri\u011fimiz yok. Suyumuz ise hi\u00e7 yok. Temiz su ihtiyac\u0131m\u0131z var. SASK\u0130 tankerlerle i\u00e7ecek su yard\u0131m\u0131nda bulunuyor. Elektrikle ilgili \u00e7al\u0131\u015fmalar devam ediyor. Su seviyesi yava\u015f yava\u015f \u00e7ekilmeye ba\u015flad\u0131\u201d dedi.<\/p>\n<p>\u201cSu seviyesi d\u00fc\u015fmedi\u011finden m\u00fcdahaleler yetersiz kal\u0131yor\u201d<\/p>\n<p>F\u0131nd\u0131k i\u015f\u00e7ilerinin ve tar\u0131m \u00fcr\u00fcnlerinin selden olduk\u00e7a fazla etkilendi\u011fini belirten Ba\u015fkan K\u0131l\u0131\u00e7, \u201cD\u00fcn ak\u015fam \u00f6zellikle mahsur kalan yakla\u015f\u0131k 30 tane vatanda\u015f\u0131m\u0131z\u0131 kurtar\u0131p, hastane ve g\u00fcvenli b\u00f6lgelere yerle\u015ftirdik. \u015eu anda can kayb\u0131 olmamas\u0131 en b\u00fcy\u00fck sevincimiz. \u0130nsanlar\u0131m\u0131z\u0131n f\u0131nd\u0131k ba\u015fta olmak \u00fczere, tar\u0131m \u00fcr\u00fcnlerinde b\u00fcy\u00fck bir kayb\u0131 var. Can kayb\u0131 ya\u015fanmad\u0131\u011f\u0131 i\u00e7in Rabbimize \u015f\u00fckrediyoruz. Terme 1 ay \u00f6nce ya\u015fad\u0131\u011f\u0131 sel afetinden \u00e7ok daha g\u00fc\u00e7l\u00fc ve s\u0131k\u0131nt\u0131l\u0131 bir afet ya\u015fad\u0131. Terme merkez, Pazar Yeri, Otogar Kav\u015fa\u011f\u0131 ve sanayide d\u00fckkanlar 1 metre suyun alt\u0131nda. M\u00fcdahalelerimiz, su seviyesi d\u00fc\u015fmedi\u011fi i\u00e7in yeterli gelmiyor. Irmaktaki su seviyesi d\u00fc\u015ft\u00fck\u00e7e, b\u00f6lgedeki sular da \u00e7ekilecektir diye umuyoruz\u201d diye konu\u015ftu.<\/p>\n<p>Tankerler \u00f6n\u00fcnde su kuyru\u011funa giren vatanda\u015flar ise yetkililerden bir an \u00f6nce s\u0131k\u0131nt\u0131lar\u0131n \u00e7\u00f6z\u00fclmesi konusunda yard\u0131m istediler.<\/p>\n","protected":false},"excerpt":{"rendered":"<p>KARADEN\u0130Z B\u00d6LGES\u0130\u2019NDE ETK\u0130L\u0130 OLAN SA\u011eANAK YA\u011eI\u015eLAR, SAMSUN\u2019UN DO\u011eU \u0130L\u00c7ELER\u0130N\u0130 DE OLUMSUZ ETK\u0130LED\u0130. \u00d6ZELL\u0130KLE SALIPAZARI, TERME VE \u00c7AR\u015eAMBA\u2019NIN KIRSAL MAHALLELER\u0130 SELDEN ETK\u0130LEND\u0130. TERME\u2019DE \u015eEH\u0130R MERKEZ\u0130NDEK\u0130 D\u00dcKKANLAR VE EVLER 1 METREYE KADAR SU ALTINDA KALDI. \u0130L\u00c7EDE SULAR TAMAMEN KES\u0130L\u0130RKEN, B\u0130R B\u00d6L\u00dcM\u00dcNE \u0130SE ELEKTR\u0130K VER\u0130LEM\u0130YOR. \u0130\u00c7ME SUYUNU TANKERLERLE KAR\u015eILAMAYA \u00c7ALI\u015eAN VATANDA\u015eLAR, SEL\u0130N OLU\u015eTURDU\u011eU YARALARI DA SARMAYA \u00c7ALI\u015eIYOR.<\/p>\n","protected":false},"author":1,"featured_media":195355,"comment_status":"closed","ping_status":"open","sticky":false,"template":"","format":"standard","meta":{"jetpack_post_was_ever_published":false,"_jetpack_newsletter_access":"","_jetpack_dont_email_post_to_subs":false,"_jetpack_newsletter_tier_id":0,"_jetpack_memberships_contains_paywalled_content":false,"_jetpack_memberships_contains_paid_content":false,"footnotes":"","jetpack_publicize_message":"","jetpack_publicize_feature_enabled":true,"jetpack_social_post_already_shared":true,"jetpack_social_options":{"image_generator_settings":{"template":"highway","default_image_id":0,"font":"","enabled":false},"version":2}},"categories":[1],"tags":[8394,12424,169],"class_list":["post-195354","post","type-post","status-publish","format-standard","has-post-thumbnail","hentry","category-genel","tag-sele","tag-terme","tag-teslim"],"jetpack_publicize_connections":[],"jetpack_featured_media_url":"https:\/\/i0.wp.com\/www.tvturk.com\/wp-content\/uploads\/2019\/08\/terme-sele-teslim_d152845.jpg?fit=1000%2C562","jetpack_sharing_enabled":true,"jetpack_shortlink":"https:\/\/wp.me\/paKIfm-OOS","_links":{"self":[{"href":"http:\/\/www.tvturk.com\/index.php\/wp-json\/wp\/v2\/posts\/195354","targetHints":{"allow":["GET"]}}],"collection":[{"href":"http:\/\/www.tvturk.com\/index.php\/wp-json\/wp\/v2\/posts"}],"about":[{"href":"http:\/\/www.tvturk.com\/index.php\/wp-json\/wp\/v2\/types\/post"}],"author":[{"embeddable":true,"href":"http:\/\/www.tvturk.com\/index.php\/wp-json\/wp\/v2\/users\/1"}],"replies":[{"embeddable":true,"href":"http:\/\/www.tvturk.com\/index.php\/wp-json\/wp\/v2\/comments?post=195354"}],"version-history":[{"count":0,"href":"http:\/\/www.tvturk.com\/index.php\/wp-json\/wp\/v2\/posts\/195354\/revisions"}],"wp:featuredmedia":[{"embeddable":true,"href":"http:\/\/www.tvturk.com\/index.php\/wp-json\/wp\/v2\/media\/195355"}],"wp:attachment":[{"href":"http:\/\/www.tvturk.com\/index.php\/wp-json\/wp\/v2\/media?parent=195354"}],"wp:term":[{"taxonomy":"category","embeddable":true,"href":"http:\/\/www.tvturk.com\/index.php\/wp-json\/wp\/v2\/categories?post=195354"},{"taxonomy":"post_tag","embeddable":true,"href":"http:\/\/www.tvturk.com\/index.php\/wp-json\/wp\/v2\/tags?post=195354"}],"curies":[{"name":"wp","href":"https:\/\/api.w.org\/{rel}","templated":true}]}}