{"id":195362,"date":"2019-08-24T11:16:17","date_gmt":"2019-08-24T08:16:17","guid":{"rendered":"http:\/\/www.tvturk.com\/index.php\/tayk-eker-olympos-regatta-yelken-yarisi-29-teknenin-katilimiyla-basladi\/"},"modified":"2019-08-24T11:16:17","modified_gmt":"2019-08-24T08:16:17","slug":"tayk-eker-olympos-regatta-yelken-yarisi-29-teknenin-katilimiyla-basladi","status":"publish","type":"post","link":"http:\/\/www.tvturk.com\/index.php\/tayk-eker-olympos-regatta-yelken-yarisi-29-teknenin-katilimiyla-basladi\/","title":{"rendered":"Tayk-Eker Olympos Regatta yelken yar\u0131\u015f\u0131 29 teknenin kat\u0131l\u0131m\u0131yla ba\u015flad\u0131"},"content":{"rendered":"<p>Eker ana sponsorlu\u011funda TAYK-Eker Olympos Regatta 2019, 29 teknenin kat\u0131l\u0131m\u0131yla \u0130stanbul\u2019dan ba\u015flad\u0131.<\/p>\n<p>\u0130stanbul ve Bursa yelkencilerini nitelikli bir organizasyonda bulu\u015fturma amac\u0131yla ger\u00e7ekle\u015ftirilen ve Uluda\u011f\u2019dan ilham alan yar\u0131\u015f, 24 A\u011fustos Cumartesi g\u00fcn\u00fc Tirilye\u2019de ger\u00e7ekle\u015ftirilecek etaplar\u0131n ard\u0131ndan 25 A\u011fustos Pazar g\u00fcn\u00fc yine \u0130stanbul\u2019da sona erecek.<\/p>\n<p>Tirilye\u2019deki koy yar\u0131\u015flar\u0131, yelkencilere ve Bursal\u0131lara keyifli saatler ya\u015fatacak<\/p>\n<p>TAYK-Eker Olympos Regatta\u2019n\u0131n en \u00e7ok merak edilen etab\u0131 ise Tirilye Koy \u0130\u00e7i Yar\u0131\u015flar\u0131 olacak. Parkur yar\u0131\u015f\u0131 \u015feklinde d\u00fczenlenecek olan organizasyonda Bursal\u0131lar, gece-g\u00fcnd\u00fcz zorlu \u015fartlarla m\u00fccadele eden yelkencilerin yeteneklerini sergilemesini yak\u0131ndan g\u00f6rebilecek. Koy \u0130\u00e7i Yar\u0131\u015flar\u0131, Tirilye Marina\u2019dan takip edilebilecek.<\/p>\n<p>\u00c7ok \u00f6nemli tak\u0131mlar TAYK-Eker Olympos Regatta\u2019da yar\u0131\u015facak<\/p>\n<p>Organizasyonun ana sponsoru Eker\u2019in de \u201cEker 40\u201d tak\u0131m\u0131 ile yer alaca\u011f\u0131 organizasyonda 29 tak\u0131m 6 farkl\u0131 kategoride yer alacak. Tak\u0131mlar aras\u0131nda ana sponsor Eker ile birlikte pek \u00e7ok sayg\u0131n kul\u00fcp ve markalar\u0131n tekneleri de yer alacak. TAYK-Eker Olympos Regatta\u2019n\u0131n \u00f6d\u00fcl t\u00f6reni ise 26 A\u011fustos Pazartesi g\u00fcn\u00fc \u0130stanbul\u2019da ger\u00e7ekle\u015ftirilecek.<\/p>\n","protected":false},"excerpt":{"rendered":"<p>EKER ANA SPONSORLU\u011eUNDA TAYK-EKER OLYMPOS REGATTA 2019, 29 TEKNEN\u0130N KATILIMIYLA \u0130STANBUL&#8217;DAN VER\u0130LEN START \u0130LE BA\u015eLADI.<\/p>\n","protected":false},"author":1,"featured_media":195363,"comment_status":"closed","ping_status":"open","sticky":false,"template":"","format":"standard","meta":{"jetpack_post_was_ever_published":false,"_jetpack_newsletter_access":"","_jetpack_dont_email_post_to_subs":false,"_jetpack_newsletter_tier_id":0,"_jetpack_memberships_contains_paywalled_content":false,"_jetpack_memberships_contains_paid_content":false,"footnotes":"","jetpack_publicize_message":"","jetpack_publicize_feature_enabled":true,"jetpack_social_post_already_shared":true,"jetpack_social_options":{"image_generator_settings":{"template":"highway","default_image_id":0,"font":"","enabled":false},"version":2}},"categories":[1],"tags":[55,12932,49054,49055,49053,40218,1729,30722],"class_list":["post-195362","post","type-post","status-publish","format-standard","has-post-thumbnail","hentry","category-genel","tag-basladi","tag-katilimiyla","tag-olympos","tag-regatta","tag-tayk-eker","tag-teknenin","tag-yarisi","tag-yelken"],"jetpack_publicize_connections":[],"jetpack_featured_media_url":"https:\/\/i0.wp.com\/www.tvturk.com\/wp-content\/uploads\/2019\/08\/tayk-eker-olympos-regatta-yelken-yarisi-29-teknenin-katilimiyla-basladi_db5e033.jpg?fit=1000%2C570","jetpack_sharing_enabled":true,"jetpack_shortlink":"https:\/\/wp.me\/paKIfm-OP0","_links":{"self":[{"href":"http:\/\/www.tvturk.com\/index.php\/wp-json\/wp\/v2\/posts\/195362","targetHints":{"allow":["GET"]}}],"collection":[{"href":"http:\/\/www.tvturk.com\/index.php\/wp-json\/wp\/v2\/posts"}],"about":[{"href":"http:\/\/www.tvturk.com\/index.php\/wp-json\/wp\/v2\/types\/post"}],"author":[{"embeddable":true,"href":"http:\/\/www.tvturk.com\/index.php\/wp-json\/wp\/v2\/users\/1"}],"replies":[{"embeddable":true,"href":"http:\/\/www.tvturk.com\/index.php\/wp-json\/wp\/v2\/comments?post=195362"}],"version-history":[{"count":0,"href":"http:\/\/www.tvturk.com\/index.php\/wp-json\/wp\/v2\/posts\/195362\/revisions"}],"wp:featuredmedia":[{"embeddable":true,"href":"http:\/\/www.tvturk.com\/index.php\/wp-json\/wp\/v2\/media\/195363"}],"wp:attachment":[{"href":"http:\/\/www.tvturk.com\/index.php\/wp-json\/wp\/v2\/media?parent=195362"}],"wp:term":[{"taxonomy":"category","embeddable":true,"href":"http:\/\/www.tvturk.com\/index.php\/wp-json\/wp\/v2\/categories?post=195362"},{"taxonomy":"post_tag","embeddable":true,"href":"http:\/\/www.tvturk.com\/index.php\/wp-json\/wp\/v2\/tags?post=195362"}],"curies":[{"name":"wp","href":"https:\/\/api.w.org\/{rel}","templated":true}]}}