{"id":195384,"date":"2019-08-24T12:01:46","date_gmt":"2019-08-24T09:01:46","guid":{"rendered":"http:\/\/www.tvturk.com\/index.php\/diyarbakirli-duyarli-esnaf-8-yildir-her-sabah-kedilere-mama-ve-sosis-veriyor\/"},"modified":"2019-08-24T12:01:46","modified_gmt":"2019-08-24T09:01:46","slug":"diyarbakirli-duyarli-esnaf-8-yildir-her-sabah-kedilere-mama-ve-sosis-veriyor","status":"publish","type":"post","link":"http:\/\/www.tvturk.com\/index.php\/diyarbakirli-duyarli-esnaf-8-yildir-her-sabah-kedilere-mama-ve-sosis-veriyor\/","title":{"rendered":"Diyarbak\u0131rl\u0131 duyarl\u0131 esnaf 8 y\u0131ld\u0131r her sabah kedilere mama ve sosis veriyor"},"content":{"rendered":"<p>Diyarbak\u0131r\u2019\u0131n Yeni\u015fehir il\u00e7esi Ofis Semti Sanat Soka\u011f\u0131nda esnaf olan Metin Badem, 8 y\u0131ld\u0131r evinden \u00e7\u0131karken \u00f6nce markete u\u011fray\u0131p kediler i\u00e7in bir \u015feyler al\u0131yor. Badem, d\u00fckkan\u0131n\u0131 a\u00e7arak kedilere mama ve sosis veriyor.<\/p>\n<p>Diyarbak\u0131r\u2019da 25 y\u0131ld\u0131r esnafl\u0131k yapan duyarl\u0131 vatanda\u015f Metin Badem, merkez Yeni\u015fehir il\u00e7esi Ofis Semti Sanat Soka\u011f\u0131nda i\u015f yeri i\u015fletiyor. 8 y\u0131l \u00f6nce k\u0131\u015f g\u00fcn\u00fc sakat bir yavru kedi g\u00f6rerek onu hayvan bar\u0131na\u011f\u0131na teslim ettikten sonra o g\u00fcnden bu yana 8 y\u0131ld\u0131r her sabah evinden \u00e7\u0131karken \u00e7evredeki kedileri de pe\u015fine takarak markete gidiyor. Kedilere sabah kahvalt\u0131lar\u0131 i\u00e7in mama ve sosis alan Badem, pe\u015findeki kedilerle d\u00fckkan\u0131na geliyor. D\u00fckkan\u0131n\u0131 a\u00e7t\u0131ktan sonra tezgah\u0131n\u0131 d\u00fczenleyen Badem, o s\u0131rada kedilerin toplanmas\u0131n\u0131 bekliyor. Metin Badem, toplanan kedilere her g\u00fcn sabah ve ak\u015fam mama, sosis ve su kaplar\u0131n\u0131 doldurduktan sonra i\u015fine ba\u015flad\u0131\u011f\u0131n\u0131 ve kapan\u0131\u015f yapt\u0131\u011f\u0131n\u0131 s\u00f6yl\u00fcyor.<\/p>\n<p>\u201cBirka\u00e7 yavruyu arkada\u015flara verdim baks\u0131nlar diye\u201d<\/p>\n<p>Yakla\u015f\u0131k 25 y\u0131ld\u0131r esnaf oldu\u011funu, 8 y\u0131ld\u0131r bu duyarl\u0131l\u0131\u011f\u0131 yapt\u0131\u011f\u0131n\u0131 belirten Metin Badem, \u201cK\u0131\u015f g\u00fcn\u00fcyd\u00fc. Bir yavru kedi g\u00f6rd\u00fcm, sakatt\u0131. Ne yapabilirim diye d\u00fc\u015f\u00fcnd\u00fcm. \u0130nternetten hayvan bar\u0131na\u011f\u0131n\u0131n numaras\u0131n\u0131 buldum onlar\u0131 arad\u0131m yar\u0131m saat i\u00e7erisinde gelip ald\u0131lar ve te\u015fekk\u00fcr ettiler. Ondan sonra di\u011fer yavrular\u0131 buldum.  Di\u011fer yavrular sa\u011flamd\u0131, hasta falan de\u011fillerdi. Onlar\u0131 ald\u0131m yeti\u015ftirdim ve onlara burada bir yuva yapt\u0131m. \u00d6yle ba\u015flad\u0131. Ondan sonra karar verdim, sabah kahvalt\u0131lar\u0131n\u0131 ben vermeye ba\u015flad\u0131m. O da nas\u0131l oldu, i\u015f yerim ve evim yak\u0131n oldu\u011fundan dolay\u0131 evden \u00e7\u0131kar \u00e7\u0131kmaz \u00fc\u00e7 tanesi beni takip eder. Benimle beraber markette gelirler. Mamalar\u0131n\u0131 ald\u0131ktan sonra benimle beraber i\u015f yerine gelirler. Po\u015feti i\u015f yerine b\u0131rak\u0131r\u0131m hi\u00e7bir tanesi herhangi bir \u015feye dokunmaz. \u0130\u015f yerini a\u00e7t\u0131ktan sonra 5-6 tane daha \u00e7o\u011fald\u0131 burada onlara vermeye ba\u015flad\u0131m. Verdikten sonra gittik\u00e7e \u00e7o\u011falmaya ba\u015flad\u0131. \u015eu an 30 taneye yak\u0131n kedim oldu. Hatta birka\u00e7 tane yavruyu arkada\u015flara verdim. Onlar beslesinler diye. 8 y\u0131ld\u0131r veriyorum inan ki mutluyum, verdi\u011fime \u00e7ok mutluyum\u201d dedi.<\/p>\n<p>\u201cEmpati kurarak merhametli olmak gerekir\u201d<\/p>\n<p>\u00c7evrenin bu durum kar\u015f\u0131s\u0131nda nas\u0131l bir tutum sergiledi\u011fine de de\u011finen Metin Badem s\u00f6zlerine \u015f\u00f6yle devam etti:<\/p>\n<p>\u201c\u015eunu diyebilirim. \u00c7evrede olumlu da kar\u015f\u0131layan var olumsuz da kar\u015f\u0131layanlar var, rahats\u0131z ediyorlar diye onlara kar\u015f\u0131 da biraz rahats\u0131z etmemeleri i\u00e7in kendi i\u015f yerimin \u00f6n\u00fcnde veriyorum mamalar\u0131 kedilere. Mutlaka kedilere, d\u0131\u015far\u0131daki hayvanlara bak\u0131lmas\u0131 gerekiyor. \u00c7\u00fcnk\u00fc onlar da bizim gibidirler. Merhametli olmak gerekir. Bir empati kurarsan, bir kedinin bir hayvan\u0131n d\u0131\u015far\u0131da kalmas\u0131 veya bir insan\u0131n sabaha kadar d\u0131\u015far\u0131da kalmas\u0131 ne demek oldu\u011funu \u00e7ok \u00e7ok iyi biliyorum. Kediler yem vermedi\u011fin zaman, mama vermedi\u011fin zaman gidip \u00e7\u00f6plerde yiyecek ar\u0131yor. Her \u015feyi \u00e7\u00f6pten beklememek gerekiyor, insanlar\u0131n da vermesi gerekiyor. Ondan dolay\u0131 merhamet ger\u00e7ekten \u00e7ok \u00f6nemli ve ben kedilere mama verdi\u011fim zaman \u00e7ok mutlu oluyorum. Onlar\u0131n g\u00f6zlerinin i\u00e7ine bakt\u0131\u011f\u0131m zaman b\u00fct\u00fcn stresimi at\u0131yorum. \u00d6yle bir \u015fey ki herkes bir kediye binas\u0131n\u0131n \u00f6n\u00fcnde, evinin \u00f6n\u00fcnde bir yuva yapt\u0131\u011f\u0131 zaman hi\u00e7bir kedi sokakta kalmaz. Sadece kedi de\u011fil, insanlar i\u00e7in de diyorum. Ama merhamet \u00f6nemlidir. \u00c7a\u011fr\u0131m \u015fudur, herkesin evlad\u0131na bir hayvan al\u0131p da yeti\u015ftirmesini dilerim. \u00c7\u00fcnk\u00fc merhamet oradan gelir.\u201d<\/p>\n","protected":false},"excerpt":{"rendered":"<p>D\u0130YARBAKIR\u2019IN YEN\u0130\u015eEH\u0130R \u0130L\u00c7ES\u0130 OF\u0130S SEMT\u0130 SANAT SOKA\u011eINDA ESNAF OLAN MET\u0130N BADEM, 8 YILDIR EV\u0130NDEN \u00c7IKARKEN \u00d6NCE MARKETE U\u011eRAYIP KED\u0130LER \u0130\u00c7\u0130N B\u0130R \u015eEYLER ALIR. D\u00dcKKANINA GELEN BADEM, D\u00dcKKANINI A\u00c7ARAK KED\u0130LERE MAMA VE SOS\u0130S VER\u0130YOR.<\/p>\n","protected":false},"author":1,"featured_media":195385,"comment_status":"closed","ping_status":"open","sticky":false,"template":"","format":"standard","meta":{"jetpack_post_was_ever_published":false,"_jetpack_newsletter_access":"","_jetpack_dont_email_post_to_subs":false,"_jetpack_newsletter_tier_id":0,"_jetpack_memberships_contains_paywalled_content":false,"_jetpack_memberships_contains_paid_content":false,"footnotes":"","jetpack_publicize_message":"","jetpack_publicize_feature_enabled":true,"jetpack_social_post_already_shared":true,"jetpack_social_options":{"image_generator_settings":{"template":"highway","default_image_id":0,"font":"","enabled":false},"version":2}},"categories":[1],"tags":[6037,2862,921,73,10946,10392,7062,49067,806,1682],"class_list":["post-195384","post","type-post","status-publish","format-standard","has-post-thumbnail","hentry","category-genel","tag-diyarbakirli","tag-duyarli","tag-esnaf","tag-her","tag-kedilere","tag-mama","tag-sabah","tag-sosis","tag-veriyor","tag-yildir"],"jetpack_publicize_connections":[],"jetpack_featured_media_url":"https:\/\/i0.wp.com\/www.tvturk.com\/wp-content\/uploads\/2019\/08\/diyarbakirli-duyarli-esnaf-8-yildir-her-sabah-kedilere-mama-ve-sosis-veriyor_8eb3105.jpg?fit=1000%2C666","jetpack_sharing_enabled":true,"jetpack_shortlink":"https:\/\/wp.me\/paKIfm-OPm","_links":{"self":[{"href":"http:\/\/www.tvturk.com\/index.php\/wp-json\/wp\/v2\/posts\/195384","targetHints":{"allow":["GET"]}}],"collection":[{"href":"http:\/\/www.tvturk.com\/index.php\/wp-json\/wp\/v2\/posts"}],"about":[{"href":"http:\/\/www.tvturk.com\/index.php\/wp-json\/wp\/v2\/types\/post"}],"author":[{"embeddable":true,"href":"http:\/\/www.tvturk.com\/index.php\/wp-json\/wp\/v2\/users\/1"}],"replies":[{"embeddable":true,"href":"http:\/\/www.tvturk.com\/index.php\/wp-json\/wp\/v2\/comments?post=195384"}],"version-history":[{"count":0,"href":"http:\/\/www.tvturk.com\/index.php\/wp-json\/wp\/v2\/posts\/195384\/revisions"}],"wp:featuredmedia":[{"embeddable":true,"href":"http:\/\/www.tvturk.com\/index.php\/wp-json\/wp\/v2\/media\/195385"}],"wp:attachment":[{"href":"http:\/\/www.tvturk.com\/index.php\/wp-json\/wp\/v2\/media?parent=195384"}],"wp:term":[{"taxonomy":"category","embeddable":true,"href":"http:\/\/www.tvturk.com\/index.php\/wp-json\/wp\/v2\/categories?post=195384"},{"taxonomy":"post_tag","embeddable":true,"href":"http:\/\/www.tvturk.com\/index.php\/wp-json\/wp\/v2\/tags?post=195384"}],"curies":[{"name":"wp","href":"https:\/\/api.w.org\/{rel}","templated":true}]}}