{"id":195388,"date":"2019-08-24T12:01:58","date_gmt":"2019-08-24T09:01:58","guid":{"rendered":"http:\/\/www.tvturk.com\/index.php\/venedik-degil-samsun\/"},"modified":"2019-08-24T12:01:58","modified_gmt":"2019-08-24T09:01:58","slug":"venedik-degil-samsun","status":"publish","type":"post","link":"http:\/\/www.tvturk.com\/index.php\/venedik-degil-samsun\/","title":{"rendered":"Venedik de\u011fil Samsun"},"content":{"rendered":"<p>Samsun\u2019da Sal\u0131pazar\u0131 il\u00e7esinin ard\u0131ndan Terme il\u00e7esini de vuran sel, hayat\u0131 fel\u00e7 etti. Sanayi sitesindeki esnaflar d\u00fckkanlara ula\u015fmak i\u00e7in kay\u0131kla yolculuk etmek zorunda kald\u0131lar.<\/p>\n<p>Karadeniz B\u00f6lgesi\u2019nde etkili olan sa\u011fanak ya\u011f\u0131\u015flar, Samsun\u2019un do\u011fu il\u00e7elerini de olumsuz etkiledi. \u00d6zellikle Sal\u0131pazar\u0131, Terme ve \u00c7ar\u015famba\u2019n\u0131n k\u0131rsal mahalleleri selden etkilendi. Terme\u2019de \u015fehir merkezindeki d\u00fckkanlar ve evler 1 metreye kadar su alt\u0131nda kald\u0131. Terme Sanayi Sitesi ise selden en \u00e7ok etkilenen yerlerden birisi oldu. Esnaflar, d\u00fckkanlar\u0131ndaki sular\u0131 \u00e7\u0131kartmaya sokaklarda kay\u0131kla yolculuk ederek gitmek zorunda kald\u0131lar.<\/p>\n<p>&#8220;B\u00fcy\u00fck bir afet ya\u015fad\u0131k&#8221;<\/p>\n<p>40 y\u0131ld\u0131r ilk defa sanayinin bu kadar fazla etkilendi\u011fini ifade eden Terme Sanayi Sitesi Ba\u015fkan\u0131 H\u00fcseyin Ayd\u0131n, \u201cB\u00fcy\u00fck bir afet ya\u015fad\u0131k. Bu zamana kadar sanayide b\u00f6yle sel g\u00f6r\u00fclmedi. Ak\u015fam ba\u015flayan ya\u011fmur, Sal\u0131pazar\u0131\u2019ndan gelen sel sular\u0131n\u0131n da etkisiyle Terme sular alt\u0131nda kald\u0131. Biz bu sanayide y\u0131llard\u0131r ayn\u0131 sorunu yal\u0131yoruz. Al\u0131nmas\u0131 gereken baz\u0131 tedbirler var. Gelecekte bu t\u00fcr problemleri tekrar ya\u015famamak i\u00e7in, gerekli \u00f6nlemlerin al\u0131nmas\u0131 gerekiyor. T\u00fcm Terme halk\u0131na ge\u00e7mi\u015f olsun diyorum\u201d dedi.<\/p>\n<p>Sanayide kay\u0131kla ula\u015f\u0131mlar\u0131n\u0131 sa\u011flayan esnaf ise yetkililerin sellere kar\u015f\u0131 \u00f6nlem almas\u0131 gerekti\u011fini ifade ederek, yard\u0131m istediler.<\/p>\n","protected":false},"excerpt":{"rendered":"<p>TERME\u2019Y\u0130 VURAN SEL, HAYATI OLUMSUZ ETK\u0130LED\u0130. SANAY\u0130 S\u0130TES\u0130\u2019NDEK\u0130 ESNAFLAR D\u00dcKKANLARA ULA\u015eMAK \u0130\u00c7\u0130N KAYIKLA YOLCULUK ETMEK ZORUNDA KALDILAR.<\/p>\n","protected":false},"author":1,"featured_media":195389,"comment_status":"closed","ping_status":"open","sticky":false,"template":"","format":"standard","meta":{"jetpack_post_was_ever_published":false,"_jetpack_newsletter_access":"","_jetpack_dont_email_post_to_subs":false,"_jetpack_newsletter_tier_id":0,"_jetpack_memberships_contains_paywalled_content":false,"_jetpack_memberships_contains_paid_content":false,"footnotes":"","jetpack_publicize_message":"","jetpack_publicize_feature_enabled":true,"jetpack_social_post_already_shared":true,"jetpack_social_options":{"image_generator_settings":{"template":"highway","default_image_id":0,"font":"","enabled":false},"version":2}},"categories":[1],"tags":[2039,242,49068],"class_list":["post-195388","post","type-post","status-publish","format-standard","has-post-thumbnail","hentry","category-genel","tag-degil","tag-samsun","tag-venedik"],"jetpack_publicize_connections":[],"jetpack_featured_media_url":"https:\/\/i0.wp.com\/www.tvturk.com\/wp-content\/uploads\/2019\/08\/venedik-degil-samsun_928ae11.jpg?fit=1000%2C666","jetpack_sharing_enabled":true,"jetpack_shortlink":"https:\/\/wp.me\/paKIfm-OPq","_links":{"self":[{"href":"http:\/\/www.tvturk.com\/index.php\/wp-json\/wp\/v2\/posts\/195388","targetHints":{"allow":["GET"]}}],"collection":[{"href":"http:\/\/www.tvturk.com\/index.php\/wp-json\/wp\/v2\/posts"}],"about":[{"href":"http:\/\/www.tvturk.com\/index.php\/wp-json\/wp\/v2\/types\/post"}],"author":[{"embeddable":true,"href":"http:\/\/www.tvturk.com\/index.php\/wp-json\/wp\/v2\/users\/1"}],"replies":[{"embeddable":true,"href":"http:\/\/www.tvturk.com\/index.php\/wp-json\/wp\/v2\/comments?post=195388"}],"version-history":[{"count":0,"href":"http:\/\/www.tvturk.com\/index.php\/wp-json\/wp\/v2\/posts\/195388\/revisions"}],"wp:featuredmedia":[{"embeddable":true,"href":"http:\/\/www.tvturk.com\/index.php\/wp-json\/wp\/v2\/media\/195389"}],"wp:attachment":[{"href":"http:\/\/www.tvturk.com\/index.php\/wp-json\/wp\/v2\/media?parent=195388"}],"wp:term":[{"taxonomy":"category","embeddable":true,"href":"http:\/\/www.tvturk.com\/index.php\/wp-json\/wp\/v2\/categories?post=195388"},{"taxonomy":"post_tag","embeddable":true,"href":"http:\/\/www.tvturk.com\/index.php\/wp-json\/wp\/v2\/tags?post=195388"}],"curies":[{"name":"wp","href":"https:\/\/api.w.org\/{rel}","templated":true}]}}