{"id":195402,"date":"2019-08-24T12:31:42","date_gmt":"2019-08-24T09:31:42","guid":{"rendered":"http:\/\/www.tvturk.com\/index.php\/gobeklitepede-sicak-hava-balonu-havalandi\/"},"modified":"2019-08-24T12:31:42","modified_gmt":"2019-08-24T09:31:42","slug":"gobeklitepede-sicak-hava-balonu-havalandi","status":"publish","type":"post","link":"http:\/\/www.tvturk.com\/index.php\/gobeklitepede-sicak-hava-balonu-havalandi\/","title":{"rendered":"G\u00f6beklitepe\u2019de s\u0131cak hava balonu havaland\u0131"},"content":{"rendered":"<p>\u015eanl\u0131urfa\u2019da, UNESCO D\u00fcnya Miras\u0131 Listesi\u2019nde yer alan G\u00f6beklitepe\u2019de ilk s\u0131cak hava balonu havaland\u0131.<\/p>\n<p>Her y\u0131l bir\u00e7ok yerli ve yabanc\u0131 turistin ziyaret etti\u011fi 12 bin y\u0131ll\u0131k d\u00fcnyan\u0131n en eski tap\u0131na\u011f\u0131 olarak bilinen G\u00f6beklitepe, 2019\u2019un &#8220;G\u00f6beklitepe Y\u0131l\u0131&#8221; ilan edilmesinin ard\u0131ndan daha \u00e7ok dikkati \u00e7ekmeye ba\u015flad\u0131.<\/p>\n<p>\u015eanl\u0131urfa\u2019ya gelen ziyaret\u00e7ilerin konaklama g\u00fcn say\u0131s\u0131n\u0131 art\u0131rmak ve kentteki turistik \u00fcr\u00fcn \u00e7e\u015fitlili\u011fini art\u0131rmak amac\u0131yla \u015eanl\u0131urfa Valili\u011fi koordinasyonunda K\u00fclt\u00fcr ve Turizm \u0130l M\u00fcd\u00fcrl\u00fc\u011f\u00fc ile \u015eanl\u0131urfa Turizm Geli\u015ftirme A\u015e \u00e7al\u0131\u015fma ba\u015flatt\u0131. \u0130lk olarak Harran ve Halfeti\u2019de s\u0131cak hava balonu u\u00e7u\u015flar\u0131n\u0131n yap\u0131lmas\u0131 i\u00e7in Sivil Havac\u0131l\u0131k Genel M\u00fcd\u00fcrl\u00fc\u011f\u00fcne yap\u0131lan ba\u015fvurunun sonras\u0131nda yetkililer b\u00f6lgeye gelerek inceleme yapt\u0131. Bu kapsamda &#8220;tarihin s\u0131f\u0131r noktas\u0131&#8221; olarak nitelendirilen G\u00f6beklitepe\u2019nin sit alan\u0131 d\u0131\u015f\u0131nda, yere ba\u011fl\u0131 olarak ilk s\u0131cak hava balonu deneme ve test u\u00e7u\u015fu ger\u00e7ekle\u015ftirildi.<\/p>\n","protected":false},"excerpt":{"rendered":"<p>\u015eANLIURFA&#8217;DA, UNESCO D\u00dcNYA M\u0130RASI L\u0130STES\u0130&#8217;NDE YER ALAN G\u00d6BEKL\u0130TEPE&#8217;DE \u0130LK SICAK HAVA BALONU HAVALANDI.<\/p>\n","protected":false},"author":1,"featured_media":195403,"comment_status":"closed","ping_status":"open","sticky":false,"template":"","format":"standard","meta":{"jetpack_post_was_ever_published":false,"_jetpack_newsletter_access":"","_jetpack_dont_email_post_to_subs":false,"_jetpack_newsletter_tier_id":0,"_jetpack_memberships_contains_paywalled_content":false,"_jetpack_memberships_contains_paid_content":false,"footnotes":"","jetpack_publicize_message":"","jetpack_publicize_feature_enabled":true,"jetpack_social_post_already_shared":true,"jetpack_social_options":{"image_generator_settings":{"template":"highway","default_image_id":0,"font":"","enabled":false},"version":2}},"categories":[1],"tags":[21012,1199,257,13736,256],"class_list":["post-195402","post","type-post","status-publish","format-standard","has-post-thumbnail","hentry","category-genel","tag-balonu","tag-gobeklitepede","tag-hava","tag-havalandi","tag-sicak"],"jetpack_publicize_connections":[],"jetpack_featured_media_url":"https:\/\/i0.wp.com\/www.tvturk.com\/wp-content\/uploads\/2019\/08\/gobeklitepede-sicak-hava-balonu-havalandi_bd43d9c.jpg?fit=1000%2C505","jetpack_sharing_enabled":true,"jetpack_shortlink":"https:\/\/wp.me\/paKIfm-OPE","_links":{"self":[{"href":"http:\/\/www.tvturk.com\/index.php\/wp-json\/wp\/v2\/posts\/195402","targetHints":{"allow":["GET"]}}],"collection":[{"href":"http:\/\/www.tvturk.com\/index.php\/wp-json\/wp\/v2\/posts"}],"about":[{"href":"http:\/\/www.tvturk.com\/index.php\/wp-json\/wp\/v2\/types\/post"}],"author":[{"embeddable":true,"href":"http:\/\/www.tvturk.com\/index.php\/wp-json\/wp\/v2\/users\/1"}],"replies":[{"embeddable":true,"href":"http:\/\/www.tvturk.com\/index.php\/wp-json\/wp\/v2\/comments?post=195402"}],"version-history":[{"count":0,"href":"http:\/\/www.tvturk.com\/index.php\/wp-json\/wp\/v2\/posts\/195402\/revisions"}],"wp:featuredmedia":[{"embeddable":true,"href":"http:\/\/www.tvturk.com\/index.php\/wp-json\/wp\/v2\/media\/195403"}],"wp:attachment":[{"href":"http:\/\/www.tvturk.com\/index.php\/wp-json\/wp\/v2\/media?parent=195402"}],"wp:term":[{"taxonomy":"category","embeddable":true,"href":"http:\/\/www.tvturk.com\/index.php\/wp-json\/wp\/v2\/categories?post=195402"},{"taxonomy":"post_tag","embeddable":true,"href":"http:\/\/www.tvturk.com\/index.php\/wp-json\/wp\/v2\/tags?post=195402"}],"curies":[{"name":"wp","href":"https:\/\/api.w.org\/{rel}","templated":true}]}}