{"id":195436,"date":"2019-08-24T14:01:45","date_gmt":"2019-08-24T11:01:45","guid":{"rendered":"http:\/\/www.tvturk.com\/index.php\/kardeseli-derneginden-478-bin-500-kisiye-kurban-bagisi\/"},"modified":"2019-08-24T14:01:45","modified_gmt":"2019-08-24T11:01:45","slug":"kardeseli-derneginden-478-bin-500-kisiye-kurban-bagisi","status":"publish","type":"post","link":"http:\/\/www.tvturk.com\/index.php\/kardeseli-derneginden-478-bin-500-kisiye-kurban-bagisi\/","title":{"rendered":"Karde\u015feli Derne\u011fi\u2019nden 478 bin 500 ki\u015fiye kurban ba\u011f\u0131\u015f\u0131"},"content":{"rendered":"<p>Karde\u015feli \u0130nsani Yard\u0131m Derne\u011fi, yap\u0131lan kurban ba\u011f\u0131\u015flar\u0131n\u0131n 10 \u00fclke ve 85 b\u00f6lgede bulunan 478 bin 500 ki\u015finin kurban bereketini payla\u015fmalar\u0131n\u0131 sa\u011flad\u0131\u011f\u0131n\u0131 a\u00e7\u0131klad\u0131.<\/p>\n<p>Karde\u015feli \u0130nsani Yard\u0131m Derne\u011fi, Asya ve Afrika \u00fclkeleri ba\u015fta olmak \u00fczere d\u00fcnyan\u0131n farkl\u0131 b\u00f6lgelerindeki ihtiya\u00e7 sahiplerine karde\u015f elini uzatmaya devam etti\u011fini a\u00e7\u0131klad\u0131. Yap\u0131lan bilgilendirmede; derne\u011fin d\u00fczenledi\u011fi 2019 y\u0131l\u0131 kurban organizasyonu kapsam\u0131nda yap\u0131lan 11 bin 165 kurban ba\u011f\u0131\u015f\u0131n\u0131n mazlumlar\u0131n ve s\u0131k\u0131nt\u0131 \u00e7eken ki\u015filerin yo\u011fun olarak bulundu\u011fu b\u00f6lgelere ve \u00fclkelere ula\u015ft\u0131r\u0131ld\u0131\u011f\u0131 kaydedilirken, organizasyon ile yap\u0131lan kurban ba\u011f\u0131\u015flar\u0131n\u0131n 10 \u00fclke ve 85 b\u00f6lgede bulunan 478 bin 500 ki\u015finin kurban bereketini payla\u015fmalar\u0131n\u0131 sa\u011flad\u0131\u011f\u0131 belirtildi.<\/p>\n<p>Derne\u011fe ba\u011f\u0131\u015f\u00e7\u0131lar\u0131n yapt\u0131\u011f\u0131 ba\u011f\u0131\u015flar ve Karde\u015feli \u0130nsani Yard\u0131m Derne\u011fi b\u00fcnyesinde hizmet veren g\u00f6n\u00fcll\u00fclerin \u00e7al\u0131\u015fmalar\u0131 sonucunda, ba\u015fta \u00fclkemiz olmak \u00fczere d\u00fcnyan\u0131n 10 \u00fclke ve 85 farkl\u0131 b\u00f6lgelerinde bulunan yetimhaneler, okullar, medreseler, huzurevleri, cezaevleri ve k\u00f6ylerdeki mazlum ihtiya\u00e7 sahiplerinin nispeten keyifli bir bayram ge\u00e7irmesinin sa\u011fland\u0131\u011f\u0131 da kaydedildi.<\/p>\n<p>Karde\u015feli \u0130nsani Yard\u0131m Derne\u011finin kurban ba\u011f\u0131\u015flar\u0131n\u0131 ve di\u011fer ba\u011f\u0131\u015flar\u0131 ula\u015ft\u0131rd\u0131\u011f\u0131 b\u00f6lgeler ve \u00fclkeler aras\u0131nda; T\u00fcrkiye, \u00c7ad, Uganda, Moritanya, Somali, Mali, Banglade\u015f, Arakan, Gazze ve Yemen bulunurken, d\u00fczenlenen organizasyon kapsam\u0131nda yakla\u015f\u0131k yar\u0131m milyon ki\u015fiye ula\u015fan Karde\u015feli, ayr\u0131ca yetim sponsorlu\u011fu ve su kuyusu ba\u011f\u0131\u015flar\u0131 gibi \u00f6zel konularda da desteklerde bulunmaya devam ediyor.<\/p>\n<p>Derne\u011fin faaliyetleri ve yard\u0131m se\u00e7enekleri hakk\u0131ndaki \u00e7al\u0131\u015fmalara kardeseli.org.tr adresine ula\u015f\u0131labilir.<\/p>\n","protected":false},"excerpt":{"rendered":"<p>KARDE\u015eEL\u0130 \u0130NSAN\u0130 YARDIM DERNE\u011e\u0130, YAPILAN KURBAN BA\u011eI\u015eLARININ 10 \u00dcLKE VE 85 B\u00d6LGEDE BULUNAN 478 B\u0130N 500 K\u0130\u015e\u0130N\u0130N KURBAN BEREKET\u0130N\u0130 PAYLA\u015eMALARINI SA\u011eLADI\u011eINI A\u00c7IKLADI.<\/p>\n","protected":false},"author":1,"featured_media":195437,"comment_status":"closed","ping_status":"open","sticky":false,"template":"","format":"standard","meta":{"jetpack_post_was_ever_published":false,"_jetpack_newsletter_access":"","_jetpack_dont_email_post_to_subs":false,"_jetpack_newsletter_tier_id":0,"_jetpack_memberships_contains_paywalled_content":false,"_jetpack_memberships_contains_paid_content":false,"footnotes":"","jetpack_publicize_message":"","jetpack_publicize_feature_enabled":true,"jetpack_social_post_already_shared":true,"jetpack_social_options":{"image_generator_settings":{"template":"highway","default_image_id":0,"font":"","enabled":false},"version":2}},"categories":[1],"tags":[19781,565,748,213,4577,42834,2667,20956],"class_list":["post-195436","post","type-post","status-publish","format-standard","has-post-thumbnail","hentry","category-genel","tag-19781","tag-565","tag-bagisi","tag-bin","tag-derneginden","tag-kardeseli","tag-kisiye","tag-kurban"],"jetpack_publicize_connections":[],"jetpack_featured_media_url":"https:\/\/i0.wp.com\/www.tvturk.com\/wp-content\/uploads\/2019\/08\/kardeseli-derneginden-478-bin-500-kisiye-kurban-bagisi_4b112a4.jpg?fit=1000%2C750","jetpack_sharing_enabled":true,"jetpack_shortlink":"https:\/\/wp.me\/paKIfm-OQc","_links":{"self":[{"href":"http:\/\/www.tvturk.com\/index.php\/wp-json\/wp\/v2\/posts\/195436","targetHints":{"allow":["GET"]}}],"collection":[{"href":"http:\/\/www.tvturk.com\/index.php\/wp-json\/wp\/v2\/posts"}],"about":[{"href":"http:\/\/www.tvturk.com\/index.php\/wp-json\/wp\/v2\/types\/post"}],"author":[{"embeddable":true,"href":"http:\/\/www.tvturk.com\/index.php\/wp-json\/wp\/v2\/users\/1"}],"replies":[{"embeddable":true,"href":"http:\/\/www.tvturk.com\/index.php\/wp-json\/wp\/v2\/comments?post=195436"}],"version-history":[{"count":0,"href":"http:\/\/www.tvturk.com\/index.php\/wp-json\/wp\/v2\/posts\/195436\/revisions"}],"wp:featuredmedia":[{"embeddable":true,"href":"http:\/\/www.tvturk.com\/index.php\/wp-json\/wp\/v2\/media\/195437"}],"wp:attachment":[{"href":"http:\/\/www.tvturk.com\/index.php\/wp-json\/wp\/v2\/media?parent=195436"}],"wp:term":[{"taxonomy":"category","embeddable":true,"href":"http:\/\/www.tvturk.com\/index.php\/wp-json\/wp\/v2\/categories?post=195436"},{"taxonomy":"post_tag","embeddable":true,"href":"http:\/\/www.tvturk.com\/index.php\/wp-json\/wp\/v2\/tags?post=195436"}],"curies":[{"name":"wp","href":"https:\/\/api.w.org\/{rel}","templated":true}]}}