{"id":195438,"date":"2019-08-24T14:01:50","date_gmt":"2019-08-24T11:01:50","guid":{"rendered":"http:\/\/www.tvturk.com\/index.php\/ahmet-muhammedoglu-bayramin-bereketini-478-bin-500-mazlumun-evine-tasimayi-basardik\/"},"modified":"2019-08-24T14:01:50","modified_gmt":"2019-08-24T11:01:50","slug":"ahmet-muhammedoglu-bayramin-bereketini-478-bin-500-mazlumun-evine-tasimayi-basardik","status":"publish","type":"post","link":"http:\/\/www.tvturk.com\/index.php\/ahmet-muhammedoglu-bayramin-bereketini-478-bin-500-mazlumun-evine-tasimayi-basardik\/","title":{"rendered":"Ahmet Muhammedo\u011flu: &#8220;Bayram\u0131n bereketini 478 bin 500 mazlumun evine ta\u015f\u0131may\u0131 ba\u015fard\u0131k&#8221;"},"content":{"rendered":"<p>Karde\u015feli \u0130nsani Yard\u0131m Derne\u011fi Ba\u015fkan\u0131 Ahmet Muhammedo\u011flu, bu sene Kurban Bayram\u0131 organizasyonunda bayram\u0131n bereketini 478 bin 500 mazlumun evine ta\u015f\u0131may\u0131 ba\u015fard\u0131klar\u0131n\u0131 s\u00f6yledi.<\/p>\n<p>Karde\u015feli \u0130nsani Yard\u0131m Derne\u011fi Ba\u015fkan\u0131 Ahmet Muhammedo\u011flu, bu sene ger\u00e7ekle\u015ftirilen kurban organizasyonu ile ilgili a\u00e7\u0131klamalarda bulundu. Bu sene Kurban Bayram\u0131\u2019n\u0131n bereketini 478 bin 500 mazlumun evine ta\u015f\u0131may\u0131 ba\u015fard\u0131klar\u0131n\u0131 belirten Muhammedo\u011flu, &#8220;Karde\u015feli \u0130nsani Yard\u0131m Derne\u011fimizin 2019 y\u0131l\u0131 kurban organizasyonu kapsam\u0131nda ba\u011f\u0131\u015f\u00e7\u0131lar\u0131m\u0131z taraf\u0131ndan yap\u0131lan 11 bin 165 kurban ba\u011f\u0131\u015f\u0131 10 \u00fclke ve 85 b\u00f6lgedeki ihtiya\u00e7 sahibi karde\u015flerimize ula\u015ft\u0131r\u0131ld\u0131. G\u00f6n\u00fclda\u015flar\u0131m\u0131z\u0131n yapm\u0131\u015f oldu\u011fu ba\u011f\u0131\u015flar\u0131 Allah kabul ve makbul eylesin&#8221; \u015feklinde konu\u015ftu.<\/p>\n<p>Sadece et de\u011fil yemek bulmakta zorluk \u00e7eken mazlumlar\u0131n faydaland\u0131\u011f\u0131 bu kurban ba\u011f\u0131\u015flar\u0131n\u0131n T\u00fcrkiye, \u00c7ad, Uganda, Moritanya, Somali, Mali, Banglade\u015f, Arakan, Gazze, Yemen gibi \u00fclkelerde ve b\u00f6lgelerde ya\u015fayan sahiplerine ula\u015ft\u0131r\u0131ld\u0131\u011f\u0131n\u0131 a\u00e7\u0131klayan Muhammedo\u011flu, &#8220;Kurban ba\u011f\u0131\u015flar\u0131n\u0131z ihtiya\u00e7 sahiplerinin ve yetimlerin bulundu\u011fu b\u00f6lgelerde kesildi. Zul\u00fcm alt\u0131nda, sava\u015f ko\u015fullar\u0131nda, yiyecek yemek ve i\u00e7ecek su bulmakta zorlan\u0131lan b\u00f6lgelerde kesilen kurbanlar, kurban bereketinin yakla\u015f\u0131k yar\u0131m milyon mazlumla payla\u015f\u0131lmas\u0131na ve b\u00fcy\u00fcmesine vesile oldu. Allah\u2019\u0131n emrini yerine getiren din karde\u015flerimiz, yoksul ve ihtiya\u00e7 sahibi insanlara yard\u0131mc\u0131 olarak ald\u0131klar\u0131 sevab\u0131n artmas\u0131n\u0131 sa\u011flad\u0131lar. Allah hepsinden raz\u0131 olsun. Allah d\u00fcnyan\u0131n en k\u00f6t\u00fc ko\u015fullar\u0131nda yard\u0131m vazifelerini g\u00f6n\u00fcll\u00fc olarak yapan, bu hay\u0131rl\u0131 i\u015flerin ger\u00e7ekle\u015fmesine vesile olan Karde\u015feli \u0130nsani Yard\u0131m Derne\u011fi g\u00f6n\u00fcll\u00fclerinden de raz\u0131 olsun. Bu hay\u0131rlara arac\u0131l\u0131k eden dernekte \u00e7al\u0131\u015fan veya g\u00f6n\u00fcll\u00fc olarak hizmet veren arkada\u015flar\u0131m\u0131z, daha \u00e7ok ihtiya\u00e7 sahibine ula\u015fmay\u0131 ve onlar\u0131 sevindirmeyi hedefliyorlar. G\u00f6n\u00fcll\u00fc olmak i\u00e7in uygun olmayabilirsiniz ama yapaca\u011f\u0131n\u0131z ufak maddi yard\u0131mlar ya da maddi durumu m\u00fcsait olan arkada\u015flar\u0131m\u0131z\u0131n yapacaklar\u0131 gayrimenkul ba\u011f\u0131\u015f\u0131 gibi yard\u0131mlar, derne\u011fimizin faaliyetlerini daha iyi \u015fekilde yerine getirmesine yard\u0131mc\u0131 olabilir&#8221; dedi.<\/p>\n<p>Kurban organizasyonu kapsam\u0131nda Kurban Ba\u011f\u0131\u015f\u0131 yapan ve ba\u011f\u0131\u015flar\u0131n ihtiya\u00e7 sahibi mazlumlara ve yetimlere ula\u015ft\u0131r\u0131lmas\u0131n\u0131 sa\u011flayan \u00e7al\u0131\u015fma arkada\u015flar\u0131na te\u015fekk\u00fcr eden Ahmet Muhammedo\u011flu, &#8220;Kurban bereketinin artmas\u0131n\u0131 ve payla\u015f\u0131lmas\u0131n\u0131 sa\u011flayan bu davran\u0131\u015flar ve \u00e7al\u0131\u015fmalar, Allah nezdinde de makbul davran\u0131\u015flar olarak kabul edilecek ve kar\u015f\u0131l\u0131\u011f\u0131n\u0131 g\u00f6recektir. Derne\u011fimize g\u00f6n\u00fcll\u00fc olarak katk\u0131da bulunan g\u00f6n\u00fclda\u015flar\u0131m\u0131za ve desteklerini esirgemeyen ba\u011f\u0131\u015f\u00e7\u0131lar\u0131m\u0131za te\u015fekk\u00fcr etmek vazifemdir. \u00d6n\u00fcm\u00fczdeki g\u00fcnlerde ve y\u0131llarda bu faaliyetlerin artarak devam etmesi i\u00e7in desteklerinizi s\u00fcrd\u00fcrmenizi bekliyoruz. Allah verdi\u011finiz desteklerden dolay\u0131 sizlerden raz\u0131 olsun&#8221; \u015feklinde s\u00f6zlerini sonland\u0131rd\u0131.<\/p>\n","protected":false},"excerpt":{"rendered":"<p>KARDE\u015eEL\u0130 \u0130NSAN\u0130 YARDIM DERNE\u011e\u0130 BA\u015eKANI AHMET MUHAMMEDO\u011eLU, BU SENE KURBAN BAYRAMI ORGAN\u0130ZASYONUNDA BAYRAMIN BEREKET\u0130N\u0130 478 B\u0130N 500 MAZLUMUN EV\u0130NE TA\u015eIMAYI BA\u015eARDIKLARINI S\u00d6YLED\u0130.<\/p>\n","protected":false},"author":1,"featured_media":195439,"comment_status":"closed","ping_status":"open","sticky":false,"template":"","format":"standard","meta":{"jetpack_post_was_ever_published":false,"_jetpack_newsletter_access":"","_jetpack_dont_email_post_to_subs":false,"_jetpack_newsletter_tier_id":0,"_jetpack_memberships_contains_paywalled_content":false,"_jetpack_memberships_contains_paid_content":false,"footnotes":"","jetpack_publicize_message":"","jetpack_publicize_feature_enabled":true,"jetpack_social_post_already_shared":true,"jetpack_social_options":{"image_generator_settings":{"template":"highway","default_image_id":0,"font":"","enabled":false},"version":2}},"categories":[1],"tags":[19781,565,3634,17134,39506,44882,213,2558,35296,49079,49080],"class_list":["post-195438","post","type-post","status-publish","format-standard","has-post-thumbnail","hentry","category-genel","tag-19781","tag-565","tag-ahmet","tag-basardik","tag-bayramin","tag-bereketini","tag-bin","tag-evine","tag-mazlumun","tag-muhammedoglu","tag-tasimayi"],"jetpack_publicize_connections":[],"jetpack_featured_media_url":"https:\/\/i0.wp.com\/www.tvturk.com\/wp-content\/uploads\/2019\/08\/ahmet-muhammedoglu-bayramin-bereketini-478-bin-500-mazlumun-evine-tasimayi-basardik_d6e63aa.jpg?fit=1000%2C750","jetpack_sharing_enabled":true,"jetpack_shortlink":"https:\/\/wp.me\/paKIfm-OQe","_links":{"self":[{"href":"http:\/\/www.tvturk.com\/index.php\/wp-json\/wp\/v2\/posts\/195438","targetHints":{"allow":["GET"]}}],"collection":[{"href":"http:\/\/www.tvturk.com\/index.php\/wp-json\/wp\/v2\/posts"}],"about":[{"href":"http:\/\/www.tvturk.com\/index.php\/wp-json\/wp\/v2\/types\/post"}],"author":[{"embeddable":true,"href":"http:\/\/www.tvturk.com\/index.php\/wp-json\/wp\/v2\/users\/1"}],"replies":[{"embeddable":true,"href":"http:\/\/www.tvturk.com\/index.php\/wp-json\/wp\/v2\/comments?post=195438"}],"version-history":[{"count":0,"href":"http:\/\/www.tvturk.com\/index.php\/wp-json\/wp\/v2\/posts\/195438\/revisions"}],"wp:featuredmedia":[{"embeddable":true,"href":"http:\/\/www.tvturk.com\/index.php\/wp-json\/wp\/v2\/media\/195439"}],"wp:attachment":[{"href":"http:\/\/www.tvturk.com\/index.php\/wp-json\/wp\/v2\/media?parent=195438"}],"wp:term":[{"taxonomy":"category","embeddable":true,"href":"http:\/\/www.tvturk.com\/index.php\/wp-json\/wp\/v2\/categories?post=195438"},{"taxonomy":"post_tag","embeddable":true,"href":"http:\/\/www.tvturk.com\/index.php\/wp-json\/wp\/v2\/tags?post=195438"}],"curies":[{"name":"wp","href":"https:\/\/api.w.org\/{rel}","templated":true}]}}