{"id":195450,"date":"2019-08-24T14:31:42","date_gmt":"2019-08-24T11:31:42","guid":{"rendered":"http:\/\/www.tvturk.com\/index.php\/ankara-icin-buyuk-is-birligi\/"},"modified":"2019-08-24T14:31:42","modified_gmt":"2019-08-24T11:31:42","slug":"ankara-icin-buyuk-is-birligi","status":"publish","type":"post","link":"http:\/\/www.tvturk.com\/index.php\/ankara-icin-buyuk-is-birligi\/","title":{"rendered":"Ankara i\u00e7in b\u00fcy\u00fck i\u015f birli\u011fi"},"content":{"rendered":"<p>Ankara\u2019n\u0131n en \u00f6nde gelen sivil toplum kurulu\u015flar\u0131n\u0131 b\u00fcnyesinde bar\u0131nd\u0131ran Ankara Kent Konseyi, Atat\u00fcrk\u2019\u00fcn Ankara\u2019ya ilk geli\u015f tarihi olan 27 Aral\u0131k kutlamalar\u0131nda Ankara Kul\u00fcb\u00fc ile i\u015f birli\u011fi yapacak.<\/p>\n<p>Kent Konseyi Ba\u015fkan\u0131 Halil \u0130brahim Y\u0131lmaz ve beraberindeki Y\u00fcr\u00fctme Kurulu \u00fcyeleri, bu sene Atat\u00fcrk \u2019\u00fcn Ankara\u2019ya geli\u015finin 100\u2019\u00fcnc\u00fc y\u0131l\u0131n\u0131n kutlanaca\u011f\u0131 etkinliklerin planlamas\u0131 i\u00e7in Ankara Kul\u00fcb\u00fc Derne\u011fi Ba\u015fkan\u0131 Dr. Metin \u00d6zaslan\u2019a ziyarette bulundu.<\/p>\n<p>Ankara i\u00e7in el ele<\/p>\n<p>\u015eehirlerin tan\u0131t\u0131lmas\u0131nda, geli\u015fmesinde ve kalk\u0131nmas\u0131nda \u00f6zel \u00f6neme sahip g\u00fcnlerin etkisinin yads\u0131namaz oldu\u011funa dikkat \u00e7eken Ankara Kul\u00fcb\u00fc Ba\u015fkan\u0131 \u00d6zaslan, \u201cAnkara i\u00e7in tarihi \u00f6neme sahip \u00fc\u00e7 g\u00fcn var. 5 Ekim Atat\u00fcrk\u2019\u00fcn Ankara hem\u015ferili\u011fini kabul etmesi, 13 Ekim Ankara\u2019n\u0131n Ba\u015fkent olmas\u0131 ve 27 Aral\u0131k Atat\u00fcrk\u2019\u00fcn Ankara\u2019ya gelmesi. 1932 y\u0131l\u0131ndan bu yana varl\u0131\u011f\u0131n\u0131 s\u00fcrd\u00fcren Ankara\u2019n\u0131n en k\u00f6kl\u00fc sivil toplum kurulu\u015fu olarak, bu g\u00fcnlerin hak etti\u011fi ilgiyi g\u00f6rmesi i\u00e7in her t\u00fcr \u00e7al\u0131\u015fmada yer almaya haz\u0131r\u0131z\u201d dedi.<\/p>\n<p>\u201cK\u0131z\u0131lca g\u00fcn\u201d vurgusu<\/p>\n<p>Seymen gelene\u011fine g\u00f6re Atat\u00fcrk\u2019\u00fcn Ankara\u2019ya geldi\u011fi g\u00fcn\u00fc &#8220;K\u0131z\u0131lca G\u00fcn&#8221; olarak adland\u0131rd\u0131klar\u0131n\u0131 belirten \u00d6zaslan, \u015f\u00f6yle konu\u015ftu:<\/p>\n<p>\u201cT\u00fcrk milleti, var oldu\u011fu g\u00fcnden beri devletsiz, ba\u015fs\u0131z kalmam\u0131\u015ft\u0131r. Yeni T\u00fcrk devletinin kuruldu\u011fu g\u00fcne verilen isim olan K\u0131z\u0131lca G\u00fcn, \u00e7ok \u00f6nemli bir kavramd\u0131r ve son K\u0131z\u0131lca G\u00fcn, 27 Aral\u0131k 1919\u2019dur. 27 Aral\u0131k tarihi, ba\u011f\u0131ms\u0131zl\u0131k m\u00fccadelemiz, Kurtulu\u015f Sava\u015f\u0131m\u0131z ve Cumhuriyet tarihimiz a\u00e7\u0131s\u0131ndan son derece \u00f6nemlidir. Gazi Mustafa Kemal Atat\u00fcrk, 19 May\u0131s 1919\u2019da Samsun\u2019dan ba\u015flayan Anadolu yolculu\u011funu 27 Aral\u0131k 1919\u2019da Ankara\u2019ya gelerek tamamlad\u0131. Bu yolculuk ayn\u0131 zamanda ba\u011f\u0131ms\u0131zl\u0131k sava\u015f\u0131m\u0131z\u0131n haz\u0131rl\u0131klar\u0131n\u0131n yap\u0131ld\u0131\u011f\u0131 bir s\u00fcre\u00e7ti ve ba\u011f\u0131ms\u0131zl\u0131k m\u00fccadelemiz Anadolu\u2019nun ortas\u0131nda, Ankara\u2019da ba\u015far\u0131ya ula\u015ft\u0131, zaferle ta\u00e7land\u0131.\u201d<\/p>\n<p>\u201cAnkara i\u00e7in el ele verece\u011fiz\u201d<\/p>\n<p>Ankara Kent Konseyi Ba\u015fkan\u0131 Halil \u0130brahim Y\u0131lmaz ise konseyin Ankara\u2019n\u0131n en \u00f6nemli sivil toplum kurulu\u015flar\u0131ndan olu\u015ftu\u011funa dikkat \u00e7ekerek, \u015fu de\u011ferlendirmelerde bulundu:<\/p>\n<p>\u201cAnkara\u2019n\u0131n kalk\u0131nmas\u0131 i\u00e7in elimizden gelen her t\u00fcrl\u00fc deste\u011fi vermeye haz\u0131r\u0131z. Bu anlaml\u0131 g\u00fcnlerin sadece Ba\u015fkent\u2019te de\u011fil, t\u00fcm T\u00fcrkiye\u2019de ses getirmesi hepimizin ba\u015fl\u0131ca g\u00f6revidir. Biz bu g\u00fcnlerde yap\u0131lacak etkinlikleri tabana yayarak 5,5 milyon Ba\u015fkentliyi kapsayacak \u015fekilde kutlanmas\u0131n\u0131 istiyoruz. Ankara Kul\u00fcb\u00fc ile i\u015f birli\u011fi yaparak bu g\u00fcnlerde yap\u0131lacak organizasyonlara de\u011fer katmak, bizim i\u00e7in \u00e7ok k\u0131ymetli. Ankara i\u00e7in el ele verece\u011fiz. Bunun i\u00e7in \u00fcst\u00fcm\u00fcze d\u00fc\u015fen her g\u00f6reve haz\u0131r\u0131z.\u201d<\/p>\n<p>Fethi Ya\u015far\u2019dan destek s\u00f6z\u00fc<\/p>\n<p>Yenimahalle Belediye Ba\u015fkan\u0131 Fethi Ya\u015far\u2019\u0131n da kat\u0131ld\u0131\u011f\u0131 ziyarette, Ba\u015fkent i\u00e7in ortak yap\u0131lacak \u00e7al\u0131\u015fmalar masaya yat\u0131r\u0131ld\u0131.   Yerel y\u00f6netimlerde Kent Konseyi\u2019nin \u00f6nemini vurgulayan Ya\u015far, \u201cBunun partisi falan yok, Ankara T\u00fcrkiye\u2019nin ba\u015fkenti, hepimiz sahip \u00e7\u0131kmal\u0131y\u0131z. Kent Konseyi kurum ve kurulu\u015flarla iyi ili\u015fkiler kurarsa Ankara\u2019ya \u00e7ok yararl\u0131 olaca\u011f\u0131na inan\u0131yorum. Kent Konseyi ve STK\u2019lar \u00f6z\u00fcne uygun \u00e7al\u0131\u015f\u0131rsa Ankara kazan\u0131r, T\u00fcrkiye kazan\u0131r. K\u00fclt\u00fcr sanat dernekleri, spor dernekleri, kent dernekleri el ele vermeli ve sorunlar\u0131 konu\u015fmal\u0131. Ankara bizim g\u00f6zbebe\u011fimiz. Kent Konseyi \u00e7al\u0131\u015fmalar\u0131na deste\u011fimiz hep s\u00fcrecek ve birlikte g\u00fczel i\u015fler \u00e7\u0131karaca\u011f\u0131m\u0131za inan\u0131yorum\u201d diye konu\u015ftu.<\/p>\n","protected":false},"excerpt":{"rendered":"<p>ANKARA&#8217;NIN EN \u00d6NDE GELEN S\u0130V\u0130L TOPLUM KURULU\u015eLARINI B\u00dcNYES\u0130NDE BARINDIRAN ANKARA KENT KONSEY\u0130, ATAT\u00dcRK&#8217;\u00dcN ANKARA&#8217;YA \u0130LK GEL\u0130\u015e TAR\u0130H\u0130 OLAN 27 ARALIK KUTLAMALARINDA ANKARA KUL\u00dcB\u00dc \u0130LE \u0130\u015e B\u0130RL\u0130\u011e\u0130 YAPACAK.<\/p>\n","protected":false},"author":1,"featured_media":195451,"comment_status":"closed","ping_status":"open","sticky":false,"template":"","format":"standard","meta":{"jetpack_post_was_ever_published":false,"_jetpack_newsletter_access":"","_jetpack_dont_email_post_to_subs":false,"_jetpack_newsletter_tier_id":0,"_jetpack_memberships_contains_paywalled_content":false,"_jetpack_memberships_contains_paid_content":false,"footnotes":"","jetpack_publicize_message":"","jetpack_publicize_feature_enabled":true,"jetpack_social_post_already_shared":true,"jetpack_social_options":{"image_generator_settings":{"template":"highway","default_image_id":0,"font":"","enabled":false},"version":2}},"categories":[1],"tags":[1475,668,545,44,432],"class_list":["post-195450","post","type-post","status-publish","format-standard","has-post-thumbnail","hentry","category-genel","tag-ankara","tag-birligi","tag-buyuk","tag-icin","tag-is"],"jetpack_publicize_connections":[],"jetpack_featured_media_url":"https:\/\/i0.wp.com\/www.tvturk.com\/wp-content\/uploads\/2019\/08\/ankara-icin-buyuk-is-birligi_09073ed.jpg?fit=1000%2C666","jetpack_sharing_enabled":true,"jetpack_shortlink":"https:\/\/wp.me\/paKIfm-OQq","_links":{"self":[{"href":"http:\/\/www.tvturk.com\/index.php\/wp-json\/wp\/v2\/posts\/195450","targetHints":{"allow":["GET"]}}],"collection":[{"href":"http:\/\/www.tvturk.com\/index.php\/wp-json\/wp\/v2\/posts"}],"about":[{"href":"http:\/\/www.tvturk.com\/index.php\/wp-json\/wp\/v2\/types\/post"}],"author":[{"embeddable":true,"href":"http:\/\/www.tvturk.com\/index.php\/wp-json\/wp\/v2\/users\/1"}],"replies":[{"embeddable":true,"href":"http:\/\/www.tvturk.com\/index.php\/wp-json\/wp\/v2\/comments?post=195450"}],"version-history":[{"count":0,"href":"http:\/\/www.tvturk.com\/index.php\/wp-json\/wp\/v2\/posts\/195450\/revisions"}],"wp:featuredmedia":[{"embeddable":true,"href":"http:\/\/www.tvturk.com\/index.php\/wp-json\/wp\/v2\/media\/195451"}],"wp:attachment":[{"href":"http:\/\/www.tvturk.com\/index.php\/wp-json\/wp\/v2\/media?parent=195450"}],"wp:term":[{"taxonomy":"category","embeddable":true,"href":"http:\/\/www.tvturk.com\/index.php\/wp-json\/wp\/v2\/categories?post=195450"},{"taxonomy":"post_tag","embeddable":true,"href":"http:\/\/www.tvturk.com\/index.php\/wp-json\/wp\/v2\/tags?post=195450"}],"curies":[{"name":"wp","href":"https:\/\/api.w.org\/{rel}","templated":true}]}}